{"id":331390,"date":"2024-06-24T00:39:40","date_gmt":"2024-06-24T03:39:40","guid":{"rendered":"https:\/\/www.notibras.com\/site\/?p=331390"},"modified":"2024-06-24T06:40:07","modified_gmt":"2024-06-24T09:40:07","slug":"vinho-fino-em-copo-de-geleia-da-dor-de-cabeca","status":"publish","type":"post","link":"https:\/\/www.notibras.com\/site\/vinho-fino-em-copo-de-geleia-da-dor-de-cabeca\/","title":{"rendered":"Vinho fino em copo de geleia d\u00e1 dor de cabe\u00e7a"},"content":{"rendered":"<p>N\u00f3s, os enxaquecosos, sofremos horrores, muitas vezes por mais de 72 horas seguidas. E n\u00e3o sei qual \u00e9 o seu gatilho, mas o meu \u00e9 o \u00e1lcool. Todavia, n\u00e3o quando bebo um copo ou dois. No meu caso, preciso de certo exagero, coisa que raramente acontece.<\/p>\n<p>Jos\u00e9, meu marido, talvez por conta dos genes herdados da m\u00e3e, tamb\u00e9m padece dos males da enxaqueca. Entretanto, \u00e9 por conta da intoler\u00e2ncia \u00e0 lactose. O problema \u00e9 que o danado adora queijos finos, que s\u00e3o muito caros para o nosso parco or\u00e7amento, ainda mais os sem lactose.<\/p>\n<p>Pois bem, meu esposo gosta de dizer que o sujeito nem precisa ter muito dinheiro, desde que possua amizades endinheiradas. Tamb\u00e9m n\u00e3o \u00e9 o nosso caso, pois os que nos cercam s\u00e3o t\u00e3o ou mais pobres. Mas eis que, por conta de um acaso, Jos\u00e9, que \u00e9 entregador, foi levar algumas caixas para uma festa na parte mais rica da nossa cidade.<\/p>\n<p>O meu c\u00f4njuge estacionou o ve\u00edculo de r\u00e9 para facilitar a retirada dos volumes. Nem precisou fazer for\u00e7a, pois dois empregados da resid\u00eancia carregaram todas as caixas. E, quando o Jos\u00e9 j\u00e1 estava de sa\u00edda, um homem, que pareceu ser o propriet\u00e1rio do lugar, gritou.<\/p>\n<p>Meu marido, imaginando que talvez n\u00e3o tivessem retirado todas as caixas, freou. No entanto, antes de descer do ve\u00edculo, o tal sujeito apareceu ao lado e lhe entregou duas garrafas de vinho e um queijo de nome enrolado, cheiro de chul\u00e9, mas que \u00e9 uma del\u00edcia. Iguaria maior, nunca vi.<\/p>\n<p>Ap\u00f3s a \u00faltima entrega, meu homem chegou ao nosso humilde, mas lar, doce lar. Nem acreditei naquelas coisas nas suas m\u00e3os.<\/p>\n<p>\u2014 Virou ladr\u00e3o agora, \u00e9?<\/p>\n<p>\u2014 Que ladr\u00e3o o qu\u00ea, mulher! Ganhei.<\/p>\n<p>Depois de falar meia d\u00fazia de palavras para me convencer, ele foi tomar um banho. Aproveitei e arrumei a mesa para degustarmos o vinho e o queijo. Assim que meu marido retornou todo cheiroso, abriu aquele mesmo sorris\u00e3o que me conquistou h\u00e1 quase dez anos.<\/p>\n<p>\u2014 Ent\u00e3o, gostou?<\/p>\n<p>\u2014 Nem acredito que vamos ter uma noite de rico, meu amor.<\/p>\n<p>\u2014 Arlete, pobre tamb\u00e9m \u00e9 filho de Deus<\/p>\n<p>De gole em gole, secamos as duas garrafas. De peda\u00e7o em peda\u00e7o, o queijo sumiu. S\u00f3 sei que, na manh\u00e3 seguinte, est\u00e1vamos os dois com aquela dor de cabe\u00e7a sem fim. Certamente, o queijo era com lactose. Por\u00e9m, tenho uma tese sobre a bebida. Vinho de rico deve ser bebido em ta\u00e7as de cristal, e n\u00f3s s\u00f3 possu\u00edmos copos de geleia.<\/p>\n<p><strong>*Eduardo Mart\u00ednez \u00e9 autor do livro \u201c57 Contos e Cr\u00f4nicas por um Autor muito Velho\u201d.<\/strong><\/p>\n<p>Compre aqui\u00a0<span class=\"x19la9d6 x1fc57z9 x6ikm8r x10wlt62 x19co3pv x1g5zs5t xfibh0p xiy17q3 x1xsqp64 x1lkfr7t xexx8yu x4uap5 x18d9i69 xkhd6sd\"><span class=\"xrtxmta x1bhl96m\"><img decoding=\"async\" class=\"emoji\" role=\"img\" draggable=\"false\" src=\"https:\/\/s.w.org\/images\/core\/emoji\/14.0.0\/svg\/1f447-1f3ff.svg\" alt=\"&#x1f447;&#x1f3ff;\" \/><\/span><\/span><span class=\"x19la9d6 x1fc57z9 x6ikm8r x10wlt62 x19co3pv x1g5zs5t xfibh0p xiy17q3 x1xsqp64 x1lkfr7t xexx8yu x4uap5 x18d9i69 xkhd6sd\"><span class=\"xrtxmta x1bhl96m\"><img decoding=\"async\" class=\"emoji\" role=\"img\" draggable=\"false\" src=\"https:\/\/s.w.org\/images\/core\/emoji\/14.0.0\/svg\/1f447-1f3ff.svg\" alt=\"&#x1f447;&#x1f3ff;\" \/><\/span><\/span><span class=\"x19la9d6 x1fc57z9 x6ikm8r x10wlt62 x19co3pv x1g5zs5t xfibh0p xiy17q3 x1xsqp64 x1lkfr7t xexx8yu x4uap5 x18d9i69 xkhd6sd\"><span class=\"xrtxmta x1bhl96m\"><img decoding=\"async\" class=\"emoji\" role=\"img\" draggable=\"false\" src=\"https:\/\/s.w.org\/images\/core\/emoji\/14.0.0\/svg\/1f447-1f3ff.svg\" alt=\"&#x1f447;&#x1f3ff;\" \/><\/span><\/span><\/p>\n<p><a href=\"http:\/\/www.joanineditora.com.br\/57-contos-e-cronicas-por-um-autor-muito-velho\">http:\/\/www.joanineditora.com.br\/57-contos-e-cronicas-por-um-autor-muito-velho<\/a><\/p>\n<div id=\"wpdevar_comment_4\"><\/div>\n","protected":false},"excerpt":{"rendered":"<p>N\u00f3s, os enxaquecosos, sofremos horrores, muitas vezes por mais de 72 horas seguidas. E n\u00e3o sei qual \u00e9 o seu gatilho, mas o meu \u00e9 o \u00e1lcool. Todavia, n\u00e3o quando bebo um copo ou dois. No meu caso, preciso de certo exagero, coisa que raramente acontece. Jos\u00e9, meu marido, talvez por conta dos genes herdados [&hellip;]<\/p>\n","protected":false},"author":2,"featured_media":331391,"comment_status":"closed","ping_status":"closed","sticky":false,"template":"","format":"standard","meta":{"_acf_changed":false,"footnotes":""},"categories":[161],"tags":[],"class_list":["post-331390","post","type-post","status-publish","format-standard","has-post-thumbnail","hentry","category-quadradinho-em-foco"],"acf":[],"yoast_head":"<!-- This site is optimized with the Yoast SEO plugin v27.5 - https:\/\/yoast.com\/product\/yoast-seo-wordpress\/ -->\n<title>Vinho fino em copo de geleia d\u00e1 dor de cabe\u00e7a - Notibras<\/title>\n<meta name=\"robots\" content=\"index, follow, max-snippet:-1, max-image-preview:large, max-video-preview:-1\" \/>\n<link rel=\"canonical\" href=\"https:\/\/www.notibras.com\/site\/vinho-fino-em-copo-de-geleia-da-dor-de-cabeca\/\" \/>\n<meta property=\"og:locale\" content=\"pt_BR\" \/>\n<meta property=\"og:type\" content=\"article\" \/>\n<meta property=\"og:title\" content=\"Vinho fino em copo de geleia d\u00e1 dor de cabe\u00e7a - Notibras\" \/>\n<meta property=\"og:description\" content=\"N\u00f3s, os enxaquecosos, sofremos horrores, muitas vezes por mais de 72 horas seguidas. E n\u00e3o sei qual \u00e9 o seu gatilho, mas o meu \u00e9 o \u00e1lcool. Todavia, n\u00e3o quando bebo um copo ou dois. No meu caso, preciso de certo exagero, coisa que raramente acontece. Jos\u00e9, meu marido, talvez por conta dos genes herdados [&hellip;]\" \/>\n<meta property=\"og:url\" content=\"https:\/\/www.notibras.com\/site\/vinho-fino-em-copo-de-geleia-da-dor-de-cabeca\/\" \/>\n<meta property=\"og:site_name\" content=\"Notibras\" \/>\n<meta property=\"article:publisher\" content=\"https:\/\/www.facebook.com\/notibras\/\" \/>\n<meta property=\"article:published_time\" content=\"2024-06-24T03:39:40+00:00\" \/>\n<meta property=\"article:modified_time\" content=\"2024-06-24T09:40:07+00:00\" \/>\n<meta property=\"og:image\" content=\"https:\/\/www.notibras.com\/site\/wp-content\/uploads\/2024\/06\/20887cb3-7517-4426-b621-bd612e352f89.jpeg\" \/>\n\t<meta property=\"og:image:width\" content=\"512\" \/>\n\t<meta property=\"og:image:height\" content=\"473\" \/>\n\t<meta property=\"og:image:type\" content=\"image\/jpeg\" \/>\n<meta name=\"author\" content=\"Reda\u00e7\u00e3o\" \/>\n<meta name=\"twitter:card\" content=\"summary_large_image\" \/>\n<meta name=\"twitter:creator\" content=\"@Notibras\" \/>\n<meta name=\"twitter:site\" content=\"@Notibras\" \/>\n<meta name=\"twitter:label1\" content=\"Escrito por\" \/>\n\t<meta name=\"twitter:data1\" content=\"Reda\u00e7\u00e3o\" \/>\n\t<meta name=\"twitter:label2\" content=\"Est. tempo de leitura\" \/>\n\t<meta name=\"twitter:data2\" content=\"4 minutos\" \/>\n<script type=\"application\/ld+json\" class=\"yoast-schema-graph\">{\"@context\":\"https:\\\/\\\/schema.org\",\"@graph\":[{\"@type\":\"Article\",\"@id\":\"https:\\\/\\\/www.notibras.com\\\/site\\\/vinho-fino-em-copo-de-geleia-da-dor-de-cabeca\\\/#article\",\"isPartOf\":{\"@id\":\"https:\\\/\\\/www.notibras.com\\\/site\\\/vinho-fino-em-copo-de-geleia-da-dor-de-cabeca\\\/\"},\"author\":{\"name\":\"Reda\u00e7\u00e3o\",\"@id\":\"https:\\\/\\\/www.notibras.com\\\/site\\\/#\\\/schema\\\/person\\\/36ab0979449956132d3e5b517ea76ac8\"},\"headline\":\"Vinho fino em copo de geleia d\u00e1 dor de cabe\u00e7a\",\"datePublished\":\"2024-06-24T03:39:40+00:00\",\"dateModified\":\"2024-06-24T09:40:07+00:00\",\"mainEntityOfPage\":{\"@id\":\"https:\\\/\\\/www.notibras.com\\\/site\\\/vinho-fino-em-copo-de-geleia-da-dor-de-cabeca\\\/\"},\"wordCount\":468,\"publisher\":{\"@id\":\"https:\\\/\\\/www.notibras.com\\\/site\\\/#organization\"},\"image\":{\"@id\":\"https:\\\/\\\/www.notibras.com\\\/site\\\/vinho-fino-em-copo-de-geleia-da-dor-de-cabeca\\\/#primaryimage\"},\"thumbnailUrl\":\"https:\\\/\\\/www.notibras.com\\\/site\\\/wp-content\\\/uploads\\\/2024\\\/06\\\/20887cb3-7517-4426-b621-bd612e352f89.jpeg\",\"articleSection\":[\"Quadradinho em Foco\"],\"inLanguage\":\"pt-BR\"},{\"@type\":\"WebPage\",\"@id\":\"https:\\\/\\\/www.notibras.com\\\/site\\\/vinho-fino-em-copo-de-geleia-da-dor-de-cabeca\\\/\",\"url\":\"https:\\\/\\\/www.notibras.com\\\/site\\\/vinho-fino-em-copo-de-geleia-da-dor-de-cabeca\\\/\",\"name\":\"Vinho fino em copo de geleia d\u00e1 dor de cabe\u00e7a - Notibras\",\"isPartOf\":{\"@id\":\"https:\\\/\\\/www.notibras.com\\\/site\\\/#website\"},\"primaryImageOfPage\":{\"@id\":\"https:\\\/\\\/www.notibras.com\\\/site\\\/vinho-fino-em-copo-de-geleia-da-dor-de-cabeca\\\/#primaryimage\"},\"image\":{\"@id\":\"https:\\\/\\\/www.notibras.com\\\/site\\\/vinho-fino-em-copo-de-geleia-da-dor-de-cabeca\\\/#primaryimage\"},\"thumbnailUrl\":\"https:\\\/\\\/www.notibras.com\\\/site\\\/wp-content\\\/uploads\\\/2024\\\/06\\\/20887cb3-7517-4426-b621-bd612e352f89.jpeg\",\"datePublished\":\"2024-06-24T03:39:40+00:00\",\"dateModified\":\"2024-06-24T09:40:07+00:00\",\"breadcrumb\":{\"@id\":\"https:\\\/\\\/www.notibras.com\\\/site\\\/vinho-fino-em-copo-de-geleia-da-dor-de-cabeca\\\/#breadcrumb\"},\"inLanguage\":\"pt-BR\",\"potentialAction\":[{\"@type\":\"ReadAction\",\"target\":[\"https:\\\/\\\/www.notibras.com\\\/site\\\/vinho-fino-em-copo-de-geleia-da-dor-de-cabeca\\\/\"]}]},{\"@type\":\"ImageObject\",\"inLanguage\":\"pt-BR\",\"@id\":\"https:\\\/\\\/www.notibras.com\\\/site\\\/vinho-fino-em-copo-de-geleia-da-dor-de-cabeca\\\/#primaryimage\",\"url\":\"https:\\\/\\\/www.notibras.com\\\/site\\\/wp-content\\\/uploads\\\/2024\\\/06\\\/20887cb3-7517-4426-b621-bd612e352f89.jpeg\",\"contentUrl\":\"https:\\\/\\\/www.notibras.com\\\/site\\\/wp-content\\\/uploads\\\/2024\\\/06\\\/20887cb3-7517-4426-b621-bd612e352f89.jpeg\",\"width\":512,\"height\":473},{\"@type\":\"BreadcrumbList\",\"@id\":\"https:\\\/\\\/www.notibras.com\\\/site\\\/vinho-fino-em-copo-de-geleia-da-dor-de-cabeca\\\/#breadcrumb\",\"itemListElement\":[{\"@type\":\"ListItem\",\"position\":1,\"name\":\"In\u00edcio\",\"item\":\"https:\\\/\\\/www.notibras.com\\\/site\\\/\"},{\"@type\":\"ListItem\",\"position\":2,\"name\":\"Vinho fino em copo de geleia d\u00e1 dor de cabe\u00e7a\"}]},{\"@type\":\"WebSite\",\"@id\":\"https:\\\/\\\/www.notibras.com\\\/site\\\/#website\",\"url\":\"https:\\\/\\\/www.notibras.com\\\/site\\\/\",\"name\":\"Notibras\",\"description\":\"Not\u00edcias de Bras\u00edlia, do Brasil e do Mundo\",\"publisher\":{\"@id\":\"https:\\\/\\\/www.notibras.com\\\/site\\\/#organization\"},\"potentialAction\":[{\"@type\":\"SearchAction\",\"target\":{\"@type\":\"EntryPoint\",\"urlTemplate\":\"https:\\\/\\\/www.notibras.com\\\/site\\\/?s={search_term_string}\"},\"query-input\":{\"@type\":\"PropertyValueSpecification\",\"valueRequired\":true,\"valueName\":\"search_term_string\"}}],\"inLanguage\":\"pt-BR\"},{\"@type\":\"Organization\",\"@id\":\"https:\\\/\\\/www.notibras.com\\\/site\\\/#organization\",\"name\":\"Grupo Notibras de Comunica\u00e7\u00e3o\",\"url\":\"https:\\\/\\\/www.notibras.com\\\/site\\\/\",\"logo\":{\"@type\":\"ImageObject\",\"inLanguage\":\"pt-BR\",\"@id\":\"https:\\\/\\\/www.notibras.com\\\/site\\\/#\\\/schema\\\/logo\\\/image\\\/\",\"url\":\"https:\\\/\\\/www.notibras.com\\\/site\\\/wp-content\\\/uploads\\\/2023\\\/01\\\/notibras23.png\",\"contentUrl\":\"https:\\\/\\\/www.notibras.com\\\/site\\\/wp-content\\\/uploads\\\/2023\\\/01\\\/notibras23.png\",\"width\":350,\"height\":87,\"caption\":\"Grupo Notibras de Comunica\u00e7\u00e3o\"},\"image\":{\"@id\":\"https:\\\/\\\/www.notibras.com\\\/site\\\/#\\\/schema\\\/logo\\\/image\\\/\"},\"sameAs\":[\"https:\\\/\\\/www.facebook.com\\\/notibras\\\/\",\"https:\\\/\\\/x.com\\\/Notibras\",\"https:\\\/\\\/www.instagram.com\\\/notibras\\\/\"]},{\"@type\":\"Person\",\"@id\":\"https:\\\/\\\/www.notibras.com\\\/site\\\/#\\\/schema\\\/person\\\/36ab0979449956132d3e5b517ea76ac8\",\"name\":\"Reda\u00e7\u00e3o\",\"image\":{\"@type\":\"ImageObject\",\"inLanguage\":\"pt-BR\",\"@id\":\"https:\\\/\\\/secure.gravatar.com\\\/avatar\\\/e0a867bdedb85fd243eadf09663511f96fc81e0720a4a42581f334ad4303aa6b?s=96&d=mm&r=g\",\"url\":\"https:\\\/\\\/secure.gravatar.com\\\/avatar\\\/e0a867bdedb85fd243eadf09663511f96fc81e0720a4a42581f334ad4303aa6b?s=96&d=mm&r=g\",\"contentUrl\":\"https:\\\/\\\/secure.gravatar.com\\\/avatar\\\/e0a867bdedb85fd243eadf09663511f96fc81e0720a4a42581f334ad4303aa6b?s=96&d=mm&r=g\",\"caption\":\"Reda\u00e7\u00e3o\"}}]}<\/script>\n<!-- \/ Yoast SEO plugin. -->","yoast_head_json":{"title":"Vinho fino em copo de geleia d\u00e1 dor de cabe\u00e7a - Notibras","robots":{"index":"index","follow":"follow","max-snippet":"max-snippet:-1","max-image-preview":"max-image-preview:large","max-video-preview":"max-video-preview:-1"},"canonical":"https:\/\/www.notibras.com\/site\/vinho-fino-em-copo-de-geleia-da-dor-de-cabeca\/","og_locale":"pt_BR","og_type":"article","og_title":"Vinho fino em copo de geleia d\u00e1 dor de cabe\u00e7a - Notibras","og_description":"N\u00f3s, os enxaquecosos, sofremos horrores, muitas vezes por mais de 72 horas seguidas. E n\u00e3o sei qual \u00e9 o seu gatilho, mas o meu \u00e9 o \u00e1lcool. Todavia, n\u00e3o quando bebo um copo ou dois. No meu caso, preciso de certo exagero, coisa que raramente acontece. Jos\u00e9, meu marido, talvez por conta dos genes herdados [&hellip;]","og_url":"https:\/\/www.notibras.com\/site\/vinho-fino-em-copo-de-geleia-da-dor-de-cabeca\/","og_site_name":"Notibras","article_publisher":"https:\/\/www.facebook.com\/notibras\/","article_published_time":"2024-06-24T03:39:40+00:00","article_modified_time":"2024-06-24T09:40:07+00:00","og_image":[{"width":512,"height":473,"url":"https:\/\/www.notibras.com\/site\/wp-content\/uploads\/2024\/06\/20887cb3-7517-4426-b621-bd612e352f89.jpeg","type":"image\/jpeg"}],"author":"Reda\u00e7\u00e3o","twitter_card":"summary_large_image","twitter_creator":"@Notibras","twitter_site":"@Notibras","twitter_misc":{"Escrito por":"Reda\u00e7\u00e3o","Est. tempo de leitura":"4 minutos"},"schema":{"@context":"https:\/\/schema.org","@graph":[{"@type":"Article","@id":"https:\/\/www.notibras.com\/site\/vinho-fino-em-copo-de-geleia-da-dor-de-cabeca\/#article","isPartOf":{"@id":"https:\/\/www.notibras.com\/site\/vinho-fino-em-copo-de-geleia-da-dor-de-cabeca\/"},"author":{"name":"Reda\u00e7\u00e3o","@id":"https:\/\/www.notibras.com\/site\/#\/schema\/person\/36ab0979449956132d3e5b517ea76ac8"},"headline":"Vinho fino em copo de geleia d\u00e1 dor de cabe\u00e7a","datePublished":"2024-06-24T03:39:40+00:00","dateModified":"2024-06-24T09:40:07+00:00","mainEntityOfPage":{"@id":"https:\/\/www.notibras.com\/site\/vinho-fino-em-copo-de-geleia-da-dor-de-cabeca\/"},"wordCount":468,"publisher":{"@id":"https:\/\/www.notibras.com\/site\/#organization"},"image":{"@id":"https:\/\/www.notibras.com\/site\/vinho-fino-em-copo-de-geleia-da-dor-de-cabeca\/#primaryimage"},"thumbnailUrl":"https:\/\/www.notibras.com\/site\/wp-content\/uploads\/2024\/06\/20887cb3-7517-4426-b621-bd612e352f89.jpeg","articleSection":["Quadradinho em Foco"],"inLanguage":"pt-BR"},{"@type":"WebPage","@id":"https:\/\/www.notibras.com\/site\/vinho-fino-em-copo-de-geleia-da-dor-de-cabeca\/","url":"https:\/\/www.notibras.com\/site\/vinho-fino-em-copo-de-geleia-da-dor-de-cabeca\/","name":"Vinho fino em copo de geleia d\u00e1 dor de cabe\u00e7a - Notibras","isPartOf":{"@id":"https:\/\/www.notibras.com\/site\/#website"},"primaryImageOfPage":{"@id":"https:\/\/www.notibras.com\/site\/vinho-fino-em-copo-de-geleia-da-dor-de-cabeca\/#primaryimage"},"image":{"@id":"https:\/\/www.notibras.com\/site\/vinho-fino-em-copo-de-geleia-da-dor-de-cabeca\/#primaryimage"},"thumbnailUrl":"https:\/\/www.notibras.com\/site\/wp-content\/uploads\/2024\/06\/20887cb3-7517-4426-b621-bd612e352f89.jpeg","datePublished":"2024-06-24T03:39:40+00:00","dateModified":"2024-06-24T09:40:07+00:00","breadcrumb":{"@id":"https:\/\/www.notibras.com\/site\/vinho-fino-em-copo-de-geleia-da-dor-de-cabeca\/#breadcrumb"},"inLanguage":"pt-BR","potentialAction":[{"@type":"ReadAction","target":["https:\/\/www.notibras.com\/site\/vinho-fino-em-copo-de-geleia-da-dor-de-cabeca\/"]}]},{"@type":"ImageObject","inLanguage":"pt-BR","@id":"https:\/\/www.notibras.com\/site\/vinho-fino-em-copo-de-geleia-da-dor-de-cabeca\/#primaryimage","url":"https:\/\/www.notibras.com\/site\/wp-content\/uploads\/2024\/06\/20887cb3-7517-4426-b621-bd612e352f89.jpeg","contentUrl":"https:\/\/www.notibras.com\/site\/wp-content\/uploads\/2024\/06\/20887cb3-7517-4426-b621-bd612e352f89.jpeg","width":512,"height":473},{"@type":"BreadcrumbList","@id":"https:\/\/www.notibras.com\/site\/vinho-fino-em-copo-de-geleia-da-dor-de-cabeca\/#breadcrumb","itemListElement":[{"@type":"ListItem","position":1,"name":"In\u00edcio","item":"https:\/\/www.notibras.com\/site\/"},{"@type":"ListItem","position":2,"name":"Vinho fino em copo de geleia d\u00e1 dor de cabe\u00e7a"}]},{"@type":"WebSite","@id":"https:\/\/www.notibras.com\/site\/#website","url":"https:\/\/www.notibras.com\/site\/","name":"Notibras","description":"Not\u00edcias de Bras\u00edlia, do Brasil e do Mundo","publisher":{"@id":"https:\/\/www.notibras.com\/site\/#organization"},"potentialAction":[{"@type":"SearchAction","target":{"@type":"EntryPoint","urlTemplate":"https:\/\/www.notibras.com\/site\/?s={search_term_string}"},"query-input":{"@type":"PropertyValueSpecification","valueRequired":true,"valueName":"search_term_string"}}],"inLanguage":"pt-BR"},{"@type":"Organization","@id":"https:\/\/www.notibras.com\/site\/#organization","name":"Grupo Notibras de Comunica\u00e7\u00e3o","url":"https:\/\/www.notibras.com\/site\/","logo":{"@type":"ImageObject","inLanguage":"pt-BR","@id":"https:\/\/www.notibras.com\/site\/#\/schema\/logo\/image\/","url":"https:\/\/www.notibras.com\/site\/wp-content\/uploads\/2023\/01\/notibras23.png","contentUrl":"https:\/\/www.notibras.com\/site\/wp-content\/uploads\/2023\/01\/notibras23.png","width":350,"height":87,"caption":"Grupo Notibras de Comunica\u00e7\u00e3o"},"image":{"@id":"https:\/\/www.notibras.com\/site\/#\/schema\/logo\/image\/"},"sameAs":["https:\/\/www.facebook.com\/notibras\/","https:\/\/x.com\/Notibras","https:\/\/www.instagram.com\/notibras\/"]},{"@type":"Person","@id":"https:\/\/www.notibras.com\/site\/#\/schema\/person\/36ab0979449956132d3e5b517ea76ac8","name":"Reda\u00e7\u00e3o","image":{"@type":"ImageObject","inLanguage":"pt-BR","@id":"https:\/\/secure.gravatar.com\/avatar\/e0a867bdedb85fd243eadf09663511f96fc81e0720a4a42581f334ad4303aa6b?s=96&d=mm&r=g","url":"https:\/\/secure.gravatar.com\/avatar\/e0a867bdedb85fd243eadf09663511f96fc81e0720a4a42581f334ad4303aa6b?s=96&d=mm&r=g","contentUrl":"https:\/\/secure.gravatar.com\/avatar\/e0a867bdedb85fd243eadf09663511f96fc81e0720a4a42581f334ad4303aa6b?s=96&d=mm&r=g","caption":"Reda\u00e7\u00e3o"}}]}},"amp_enabled":true,"_links":{"self":[{"href":"https:\/\/www.notibras.com\/site\/wp-json\/wp\/v2\/posts\/331390","targetHints":{"allow":["GET"]}}],"collection":[{"href":"https:\/\/www.notibras.com\/site\/wp-json\/wp\/v2\/posts"}],"about":[{"href":"https:\/\/www.notibras.com\/site\/wp-json\/wp\/v2\/types\/post"}],"author":[{"embeddable":true,"href":"https:\/\/www.notibras.com\/site\/wp-json\/wp\/v2\/users\/2"}],"replies":[{"embeddable":true,"href":"https:\/\/www.notibras.com\/site\/wp-json\/wp\/v2\/comments?post=331390"}],"version-history":[{"count":2,"href":"https:\/\/www.notibras.com\/site\/wp-json\/wp\/v2\/posts\/331390\/revisions"}],"predecessor-version":[{"id":331397,"href":"https:\/\/www.notibras.com\/site\/wp-json\/wp\/v2\/posts\/331390\/revisions\/331397"}],"wp:featuredmedia":[{"embeddable":true,"href":"https:\/\/www.notibras.com\/site\/wp-json\/wp\/v2\/media\/331391"}],"wp:attachment":[{"href":"https:\/\/www.notibras.com\/site\/wp-json\/wp\/v2\/media?parent=331390"}],"wp:term":[{"taxonomy":"category","embeddable":true,"href":"https:\/\/www.notibras.com\/site\/wp-json\/wp\/v2\/categories?post=331390"},{"taxonomy":"post_tag","embeddable":true,"href":"https:\/\/www.notibras.com\/site\/wp-json\/wp\/v2\/tags?post=331390"}],"curies":[{"name":"wp","href":"https:\/\/api.w.org\/{rel}","templated":true}]}}