{"id":331426,"date":"2024-06-23T09:37:58","date_gmt":"2024-06-23T12:37:58","guid":{"rendered":"https:\/\/www.notibras.com\/site\/?p=331426"},"modified":"2024-06-24T09:58:57","modified_gmt":"2024-06-24T12:58:57","slug":"alimentos-da-safra-enriquecem-pratos-tipicos-das-festas-juninas","status":"publish","type":"post","link":"https:\/\/www.notibras.com\/site\/alimentos-da-safra-enriquecem-pratos-tipicos-das-festas-juninas\/","title":{"rendered":"Alimentos da safra enriquecem pratos t\u00edpicos das festas juninas"},"content":{"rendered":"<p>Chegou a \u00e9poca das festas juninas e, junto com elas, a oportunidade de explorar o melhor da safra de alimentos frescos e nutritivos do Distrito Federal. No mais conhecido centro de abastecimento da capital, a Ceasa, os brasilienses encontram uma variedade de produtos que n\u00e3o s\u00f3 rendem pratos t\u00edpicos deliciosos das festividades, mas tamb\u00e9m s\u00e3o ben\u00e9ficos para a sa\u00fade.<\/p>\n<p>Estrela dos pratos mais tradicionais das festas juninas, o milho \u00e9 conhecido pela versatilidade na culin\u00e1ria. Excelente fonte de energia e de vitaminas do complexo B, esse cereal costuma ser colhido entre os meses de maio e setembro. Ele \u00e9, tamb\u00e9m, a base de deliciosos quitutes como pamonha, canjica, bolos e pipoca.<\/p>\n<p>Outra comida t\u00edpica feita com milho \u00e9 o curau. Mas voc\u00ea j\u00e1 imaginou comer esse doce feito com ab\u00f3bora japonesa? Conhecido tamb\u00e9m como caboti\u00e1, esse alimento \u00e9 uma boa pedida para quem deseja turbinar a iguaria junina. O resultado dessa receita diferentona (confira mais abaixo) \u00e9 uma iguaria rica em fibras e com carboidratos de baixo \u00edndice glic\u00eamico, que ajuda a manter os n\u00edveis de a\u00e7\u00facar no sangue est\u00e1veis, prevenindo condi\u00e7\u00f5es como diabetes.<\/p>\n<p><strong>Caldo de legumes<\/strong><br \/>\nQuem tamb\u00e9m se destaca nas festas juninas pela versatilidade \u00e9 a mandioca. Ela est\u00e1 presente em v\u00e1rias receitas juninas adicionando sabor e enriquecendo nutricionalmente os pratos, contribuindo para a sa\u00fade digestiva e proporcionando maior saciedade. Al\u00e9m disso, suas vitaminas do complexo B s\u00e3o essenciais para o funcionamento adequado do sistema nervoso e do cora\u00e7\u00e3o.<\/p>\n<p>A mandioca \u00e9, tamb\u00e9m, comumente utilizada na confec\u00e7\u00e3o de caldos, que ajudam a manter os brasilienses aquecidos durante este per\u00edodo de frio mais intenso. Uma boa pedida \u00e9 us\u00e1-la juntamente com a couve-flor e o espinafre para fazer um caldo de legumes funcional rico em vitaminas e fibras.<\/p>\n<p>\u00c9 justamente a procura por ingredientes para caldos e sopas que movimenta as vendas da comerciante Neide Xavier, 48 anos, lotada no mesmo ponto da Ceasa h\u00e1 mais de 30 anos. \u201cNessa \u00e9poca do frio, todo mundo me procura. O pessoal vem atr\u00e1s da mandioca, do chuchu, da cenoura, folhagens tamb\u00e9m. Outro que vende muito \u00e9 o gengibre \u2013 usado no quent\u00e3o\u201d.<\/p>\n<p><strong>Para diminuir o colesterol<\/strong><br \/>\nQue o bolo de mandioca e milho j\u00e1 fazem parte do card\u00e1pio das festividades todos sabem, mas uma novidade promete conquistar o paladar dos amantes das comidas juninas: o bolo de inhame. Esse tub\u00e9rculo \u00e9 conhecido por seu alto teor de amido e por ser uma \u00f3tima fonte de energia. \u00c9, tamb\u00e9m, rico em saponina \u2013 antioxidante de combate aos radicais livres e ajuda a controlar o colesterol.<\/p>\n<p>Segundo o comerciante Valmir da Cruz, 62, outra pedida \u00e9 colocar o inhame para assar diretamente na brasa das tradicionais fogueiras juninas. \u201cMuita gente compra milho e batata-doce para fazer isso nessa \u00e9poca. O inhame \u00e9 uma op\u00e7\u00e3o bem mais em conta. S\u00f3 jogar na fogueira e assar bem devagarinho\u201d, explica.<\/p>\n<p><strong>Sa\u00fade e economia<\/strong><br \/>\nAl\u00e9m da qualidade nutricional e do frescor dos produtos comercializados pela Ceasa, outra vantagem de comprar na central de abastecimento \u00e9 o valor acess\u00edvel. No local, os alimentos da safra junho-julho est\u00e3o dispon\u00edveis a pre\u00e7os mais competitivos, em compara\u00e7\u00e3o aos praticados pelas redes de supermercados.<\/p>\n<p>A economia \u00e9 especialmente bem-vinda durante as festas juninas, permitindo que as fam\u00edlias preparem pratos tradicionais sem comprometer o or\u00e7amento. \u201cS\u00e3o alimentos de qualidade, a maioria org\u00e2nicos e diretamente do produtor. Eu confio mais nos produtos daqui e o pre\u00e7o compensa bastante pela qualidade\u201d, avalia a cozinheira Leila Lima, 54. Ela vai com frequ\u00eancia \u00e0 Ceasa selecionar os ingredientes das marmitas que vende.<\/p>\n<p>O tamb\u00e9m cozinheiro Tariq Jarbou, 36, visitou poucas vezes a Ceasa, mas garante: \u201cNunca me decepcionei\u201d. \u201cVim comprar folhagens para as refei\u00e7\u00f5es congeladas que vendemos. Estou come\u00e7ando agora, mas sei que aqui a disponibilidade \u00e9 melhor e a qualidade \u00e9 garantida. Os vendedores se preocupam muito com a qualidade do produto\u201d, conta.<\/p>\n","protected":false},"excerpt":{"rendered":"<p>Chegou a \u00e9poca das festas juninas e, junto com elas, a oportunidade de explorar o melhor da safra de alimentos frescos e nutritivos do Distrito Federal. No mais conhecido centro de abastecimento da capital, a Ceasa, os brasilienses encontram uma variedade de produtos que n\u00e3o s\u00f3 rendem pratos t\u00edpicos deliciosos das festividades, mas tamb\u00e9m s\u00e3o [&hellip;]<\/p>\n","protected":false},"author":2,"featured_media":331427,"comment_status":"closed","ping_status":"closed","sticky":false,"template":"","format":"standard","meta":{"_acf_changed":false,"footnotes":""},"categories":[161],"tags":[],"class_list":["post-331426","post","type-post","status-publish","format-standard","has-post-thumbnail","hentry","category-quadradinho-em-foco"],"acf":[],"yoast_head":"<!-- This site is optimized with the Yoast SEO plugin v27.5 - https:\/\/yoast.com\/product\/yoast-seo-wordpress\/ -->\n<title>Alimentos da safra enriquecem pratos t\u00edpicos das festas juninas - Notibras<\/title>\n<meta name=\"robots\" content=\"index, follow, max-snippet:-1, max-image-preview:large, max-video-preview:-1\" \/>\n<link rel=\"canonical\" href=\"https:\/\/www.notibras.com\/site\/alimentos-da-safra-enriquecem-pratos-tipicos-das-festas-juninas\/\" \/>\n<meta property=\"og:locale\" content=\"pt_BR\" \/>\n<meta property=\"og:type\" content=\"article\" \/>\n<meta property=\"og:title\" content=\"Alimentos da safra enriquecem pratos t\u00edpicos das festas juninas - Notibras\" \/>\n<meta property=\"og:description\" content=\"Chegou a \u00e9poca das festas juninas e, junto com elas, a oportunidade de explorar o melhor da safra de alimentos frescos e nutritivos do Distrito Federal. No mais conhecido centro de abastecimento da capital, a Ceasa, os brasilienses encontram uma variedade de produtos que n\u00e3o s\u00f3 rendem pratos t\u00edpicos deliciosos das festividades, mas tamb\u00e9m s\u00e3o [&hellip;]\" \/>\n<meta property=\"og:url\" content=\"https:\/\/www.notibras.com\/site\/alimentos-da-safra-enriquecem-pratos-tipicos-das-festas-juninas\/\" \/>\n<meta property=\"og:site_name\" content=\"Notibras\" \/>\n<meta property=\"article:publisher\" content=\"https:\/\/www.facebook.com\/notibras\/\" \/>\n<meta property=\"article:published_time\" content=\"2024-06-23T12:37:58+00:00\" \/>\n<meta property=\"article:modified_time\" content=\"2024-06-24T12:58:57+00:00\" \/>\n<meta property=\"og:image\" content=\"https:\/\/www.notibras.com\/site\/wp-content\/uploads\/2024\/06\/53810495044_bcfe5d339d_c.jpg\" \/>\n\t<meta property=\"og:image:width\" content=\"800\" \/>\n\t<meta property=\"og:image:height\" content=\"522\" \/>\n\t<meta property=\"og:image:type\" content=\"image\/jpeg\" \/>\n<meta name=\"author\" content=\"Reda\u00e7\u00e3o\" \/>\n<meta name=\"twitter:card\" content=\"summary_large_image\" \/>\n<meta name=\"twitter:creator\" content=\"@Notibras\" \/>\n<meta name=\"twitter:site\" content=\"@Notibras\" \/>\n<meta name=\"twitter:label1\" content=\"Escrito por\" \/>\n\t<meta name=\"twitter:data1\" content=\"Reda\u00e7\u00e3o\" \/>\n\t<meta name=\"twitter:label2\" content=\"Est. tempo de leitura\" \/>\n\t<meta name=\"twitter:data2\" content=\"4 minutos\" \/>\n<script type=\"application\/ld+json\" class=\"yoast-schema-graph\">{\"@context\":\"https:\\\/\\\/schema.org\",\"@graph\":[{\"@type\":\"Article\",\"@id\":\"https:\\\/\\\/www.notibras.com\\\/site\\\/alimentos-da-safra-enriquecem-pratos-tipicos-das-festas-juninas\\\/#article\",\"isPartOf\":{\"@id\":\"https:\\\/\\\/www.notibras.com\\\/site\\\/alimentos-da-safra-enriquecem-pratos-tipicos-das-festas-juninas\\\/\"},\"author\":{\"name\":\"Reda\u00e7\u00e3o\",\"@id\":\"https:\\\/\\\/www.notibras.com\\\/site\\\/#\\\/schema\\\/person\\\/36ab0979449956132d3e5b517ea76ac8\"},\"headline\":\"Alimentos da safra enriquecem pratos t\u00edpicos das festas juninas\",\"datePublished\":\"2024-06-23T12:37:58+00:00\",\"dateModified\":\"2024-06-24T12:58:57+00:00\",\"mainEntityOfPage\":{\"@id\":\"https:\\\/\\\/www.notibras.com\\\/site\\\/alimentos-da-safra-enriquecem-pratos-tipicos-das-festas-juninas\\\/\"},\"wordCount\":670,\"publisher\":{\"@id\":\"https:\\\/\\\/www.notibras.com\\\/site\\\/#organization\"},\"image\":{\"@id\":\"https:\\\/\\\/www.notibras.com\\\/site\\\/alimentos-da-safra-enriquecem-pratos-tipicos-das-festas-juninas\\\/#primaryimage\"},\"thumbnailUrl\":\"https:\\\/\\\/www.notibras.com\\\/site\\\/wp-content\\\/uploads\\\/2024\\\/06\\\/53810495044_bcfe5d339d_c.jpg\",\"articleSection\":[\"Quadradinho em Foco\"],\"inLanguage\":\"pt-BR\"},{\"@type\":\"WebPage\",\"@id\":\"https:\\\/\\\/www.notibras.com\\\/site\\\/alimentos-da-safra-enriquecem-pratos-tipicos-das-festas-juninas\\\/\",\"url\":\"https:\\\/\\\/www.notibras.com\\\/site\\\/alimentos-da-safra-enriquecem-pratos-tipicos-das-festas-juninas\\\/\",\"name\":\"Alimentos da safra enriquecem pratos t\u00edpicos das festas juninas - Notibras\",\"isPartOf\":{\"@id\":\"https:\\\/\\\/www.notibras.com\\\/site\\\/#website\"},\"primaryImageOfPage\":{\"@id\":\"https:\\\/\\\/www.notibras.com\\\/site\\\/alimentos-da-safra-enriquecem-pratos-tipicos-das-festas-juninas\\\/#primaryimage\"},\"image\":{\"@id\":\"https:\\\/\\\/www.notibras.com\\\/site\\\/alimentos-da-safra-enriquecem-pratos-tipicos-das-festas-juninas\\\/#primaryimage\"},\"thumbnailUrl\":\"https:\\\/\\\/www.notibras.com\\\/site\\\/wp-content\\\/uploads\\\/2024\\\/06\\\/53810495044_bcfe5d339d_c.jpg\",\"datePublished\":\"2024-06-23T12:37:58+00:00\",\"dateModified\":\"2024-06-24T12:58:57+00:00\",\"breadcrumb\":{\"@id\":\"https:\\\/\\\/www.notibras.com\\\/site\\\/alimentos-da-safra-enriquecem-pratos-tipicos-das-festas-juninas\\\/#breadcrumb\"},\"inLanguage\":\"pt-BR\",\"potentialAction\":[{\"@type\":\"ReadAction\",\"target\":[\"https:\\\/\\\/www.notibras.com\\\/site\\\/alimentos-da-safra-enriquecem-pratos-tipicos-das-festas-juninas\\\/\"]}]},{\"@type\":\"ImageObject\",\"inLanguage\":\"pt-BR\",\"@id\":\"https:\\\/\\\/www.notibras.com\\\/site\\\/alimentos-da-safra-enriquecem-pratos-tipicos-das-festas-juninas\\\/#primaryimage\",\"url\":\"https:\\\/\\\/www.notibras.com\\\/site\\\/wp-content\\\/uploads\\\/2024\\\/06\\\/53810495044_bcfe5d339d_c.jpg\",\"contentUrl\":\"https:\\\/\\\/www.notibras.com\\\/site\\\/wp-content\\\/uploads\\\/2024\\\/06\\\/53810495044_bcfe5d339d_c.jpg\",\"width\":800,\"height\":522},{\"@type\":\"BreadcrumbList\",\"@id\":\"https:\\\/\\\/www.notibras.com\\\/site\\\/alimentos-da-safra-enriquecem-pratos-tipicos-das-festas-juninas\\\/#breadcrumb\",\"itemListElement\":[{\"@type\":\"ListItem\",\"position\":1,\"name\":\"In\u00edcio\",\"item\":\"https:\\\/\\\/www.notibras.com\\\/site\\\/\"},{\"@type\":\"ListItem\",\"position\":2,\"name\":\"Alimentos da safra enriquecem pratos t\u00edpicos das festas juninas\"}]},{\"@type\":\"WebSite\",\"@id\":\"https:\\\/\\\/www.notibras.com\\\/site\\\/#website\",\"url\":\"https:\\\/\\\/www.notibras.com\\\/site\\\/\",\"name\":\"Notibras\",\"description\":\"Not\u00edcias de Bras\u00edlia, do Brasil e do Mundo\",\"publisher\":{\"@id\":\"https:\\\/\\\/www.notibras.com\\\/site\\\/#organization\"},\"potentialAction\":[{\"@type\":\"SearchAction\",\"target\":{\"@type\":\"EntryPoint\",\"urlTemplate\":\"https:\\\/\\\/www.notibras.com\\\/site\\\/?s={search_term_string}\"},\"query-input\":{\"@type\":\"PropertyValueSpecification\",\"valueRequired\":true,\"valueName\":\"search_term_string\"}}],\"inLanguage\":\"pt-BR\"},{\"@type\":\"Organization\",\"@id\":\"https:\\\/\\\/www.notibras.com\\\/site\\\/#organization\",\"name\":\"Grupo Notibras de Comunica\u00e7\u00e3o\",\"url\":\"https:\\\/\\\/www.notibras.com\\\/site\\\/\",\"logo\":{\"@type\":\"ImageObject\",\"inLanguage\":\"pt-BR\",\"@id\":\"https:\\\/\\\/www.notibras.com\\\/site\\\/#\\\/schema\\\/logo\\\/image\\\/\",\"url\":\"https:\\\/\\\/www.notibras.com\\\/site\\\/wp-content\\\/uploads\\\/2023\\\/01\\\/notibras23.png\",\"contentUrl\":\"https:\\\/\\\/www.notibras.com\\\/site\\\/wp-content\\\/uploads\\\/2023\\\/01\\\/notibras23.png\",\"width\":350,\"height\":87,\"caption\":\"Grupo Notibras de Comunica\u00e7\u00e3o\"},\"image\":{\"@id\":\"https:\\\/\\\/www.notibras.com\\\/site\\\/#\\\/schema\\\/logo\\\/image\\\/\"},\"sameAs\":[\"https:\\\/\\\/www.facebook.com\\\/notibras\\\/\",\"https:\\\/\\\/x.com\\\/Notibras\",\"https:\\\/\\\/www.instagram.com\\\/notibras\\\/\"]},{\"@type\":\"Person\",\"@id\":\"https:\\\/\\\/www.notibras.com\\\/site\\\/#\\\/schema\\\/person\\\/36ab0979449956132d3e5b517ea76ac8\",\"name\":\"Reda\u00e7\u00e3o\",\"image\":{\"@type\":\"ImageObject\",\"inLanguage\":\"pt-BR\",\"@id\":\"https:\\\/\\\/secure.gravatar.com\\\/avatar\\\/e0a867bdedb85fd243eadf09663511f96fc81e0720a4a42581f334ad4303aa6b?s=96&d=mm&r=g\",\"url\":\"https:\\\/\\\/secure.gravatar.com\\\/avatar\\\/e0a867bdedb85fd243eadf09663511f96fc81e0720a4a42581f334ad4303aa6b?s=96&d=mm&r=g\",\"contentUrl\":\"https:\\\/\\\/secure.gravatar.com\\\/avatar\\\/e0a867bdedb85fd243eadf09663511f96fc81e0720a4a42581f334ad4303aa6b?s=96&d=mm&r=g\",\"caption\":\"Reda\u00e7\u00e3o\"}}]}<\/script>\n<!-- \/ Yoast SEO plugin. -->","yoast_head_json":{"title":"Alimentos da safra enriquecem pratos t\u00edpicos das festas juninas - Notibras","robots":{"index":"index","follow":"follow","max-snippet":"max-snippet:-1","max-image-preview":"max-image-preview:large","max-video-preview":"max-video-preview:-1"},"canonical":"https:\/\/www.notibras.com\/site\/alimentos-da-safra-enriquecem-pratos-tipicos-das-festas-juninas\/","og_locale":"pt_BR","og_type":"article","og_title":"Alimentos da safra enriquecem pratos t\u00edpicos das festas juninas - Notibras","og_description":"Chegou a \u00e9poca das festas juninas e, junto com elas, a oportunidade de explorar o melhor da safra de alimentos frescos e nutritivos do Distrito Federal. No mais conhecido centro de abastecimento da capital, a Ceasa, os brasilienses encontram uma variedade de produtos que n\u00e3o s\u00f3 rendem pratos t\u00edpicos deliciosos das festividades, mas tamb\u00e9m s\u00e3o [&hellip;]","og_url":"https:\/\/www.notibras.com\/site\/alimentos-da-safra-enriquecem-pratos-tipicos-das-festas-juninas\/","og_site_name":"Notibras","article_publisher":"https:\/\/www.facebook.com\/notibras\/","article_published_time":"2024-06-23T12:37:58+00:00","article_modified_time":"2024-06-24T12:58:57+00:00","og_image":[{"width":800,"height":522,"url":"https:\/\/www.notibras.com\/site\/wp-content\/uploads\/2024\/06\/53810495044_bcfe5d339d_c.jpg","type":"image\/jpeg"}],"author":"Reda\u00e7\u00e3o","twitter_card":"summary_large_image","twitter_creator":"@Notibras","twitter_site":"@Notibras","twitter_misc":{"Escrito por":"Reda\u00e7\u00e3o","Est. tempo de leitura":"4 minutos"},"schema":{"@context":"https:\/\/schema.org","@graph":[{"@type":"Article","@id":"https:\/\/www.notibras.com\/site\/alimentos-da-safra-enriquecem-pratos-tipicos-das-festas-juninas\/#article","isPartOf":{"@id":"https:\/\/www.notibras.com\/site\/alimentos-da-safra-enriquecem-pratos-tipicos-das-festas-juninas\/"},"author":{"name":"Reda\u00e7\u00e3o","@id":"https:\/\/www.notibras.com\/site\/#\/schema\/person\/36ab0979449956132d3e5b517ea76ac8"},"headline":"Alimentos da safra enriquecem pratos t\u00edpicos das festas juninas","datePublished":"2024-06-23T12:37:58+00:00","dateModified":"2024-06-24T12:58:57+00:00","mainEntityOfPage":{"@id":"https:\/\/www.notibras.com\/site\/alimentos-da-safra-enriquecem-pratos-tipicos-das-festas-juninas\/"},"wordCount":670,"publisher":{"@id":"https:\/\/www.notibras.com\/site\/#organization"},"image":{"@id":"https:\/\/www.notibras.com\/site\/alimentos-da-safra-enriquecem-pratos-tipicos-das-festas-juninas\/#primaryimage"},"thumbnailUrl":"https:\/\/www.notibras.com\/site\/wp-content\/uploads\/2024\/06\/53810495044_bcfe5d339d_c.jpg","articleSection":["Quadradinho em Foco"],"inLanguage":"pt-BR"},{"@type":"WebPage","@id":"https:\/\/www.notibras.com\/site\/alimentos-da-safra-enriquecem-pratos-tipicos-das-festas-juninas\/","url":"https:\/\/www.notibras.com\/site\/alimentos-da-safra-enriquecem-pratos-tipicos-das-festas-juninas\/","name":"Alimentos da safra enriquecem pratos t\u00edpicos das festas juninas - Notibras","isPartOf":{"@id":"https:\/\/www.notibras.com\/site\/#website"},"primaryImageOfPage":{"@id":"https:\/\/www.notibras.com\/site\/alimentos-da-safra-enriquecem-pratos-tipicos-das-festas-juninas\/#primaryimage"},"image":{"@id":"https:\/\/www.notibras.com\/site\/alimentos-da-safra-enriquecem-pratos-tipicos-das-festas-juninas\/#primaryimage"},"thumbnailUrl":"https:\/\/www.notibras.com\/site\/wp-content\/uploads\/2024\/06\/53810495044_bcfe5d339d_c.jpg","datePublished":"2024-06-23T12:37:58+00:00","dateModified":"2024-06-24T12:58:57+00:00","breadcrumb":{"@id":"https:\/\/www.notibras.com\/site\/alimentos-da-safra-enriquecem-pratos-tipicos-das-festas-juninas\/#breadcrumb"},"inLanguage":"pt-BR","potentialAction":[{"@type":"ReadAction","target":["https:\/\/www.notibras.com\/site\/alimentos-da-safra-enriquecem-pratos-tipicos-das-festas-juninas\/"]}]},{"@type":"ImageObject","inLanguage":"pt-BR","@id":"https:\/\/www.notibras.com\/site\/alimentos-da-safra-enriquecem-pratos-tipicos-das-festas-juninas\/#primaryimage","url":"https:\/\/www.notibras.com\/site\/wp-content\/uploads\/2024\/06\/53810495044_bcfe5d339d_c.jpg","contentUrl":"https:\/\/www.notibras.com\/site\/wp-content\/uploads\/2024\/06\/53810495044_bcfe5d339d_c.jpg","width":800,"height":522},{"@type":"BreadcrumbList","@id":"https:\/\/www.notibras.com\/site\/alimentos-da-safra-enriquecem-pratos-tipicos-das-festas-juninas\/#breadcrumb","itemListElement":[{"@type":"ListItem","position":1,"name":"In\u00edcio","item":"https:\/\/www.notibras.com\/site\/"},{"@type":"ListItem","position":2,"name":"Alimentos da safra enriquecem pratos t\u00edpicos das festas juninas"}]},{"@type":"WebSite","@id":"https:\/\/www.notibras.com\/site\/#website","url":"https:\/\/www.notibras.com\/site\/","name":"Notibras","description":"Not\u00edcias de Bras\u00edlia, do Brasil e do Mundo","publisher":{"@id":"https:\/\/www.notibras.com\/site\/#organization"},"potentialAction":[{"@type":"SearchAction","target":{"@type":"EntryPoint","urlTemplate":"https:\/\/www.notibras.com\/site\/?s={search_term_string}"},"query-input":{"@type":"PropertyValueSpecification","valueRequired":true,"valueName":"search_term_string"}}],"inLanguage":"pt-BR"},{"@type":"Organization","@id":"https:\/\/www.notibras.com\/site\/#organization","name":"Grupo Notibras de Comunica\u00e7\u00e3o","url":"https:\/\/www.notibras.com\/site\/","logo":{"@type":"ImageObject","inLanguage":"pt-BR","@id":"https:\/\/www.notibras.com\/site\/#\/schema\/logo\/image\/","url":"https:\/\/www.notibras.com\/site\/wp-content\/uploads\/2023\/01\/notibras23.png","contentUrl":"https:\/\/www.notibras.com\/site\/wp-content\/uploads\/2023\/01\/notibras23.png","width":350,"height":87,"caption":"Grupo Notibras de Comunica\u00e7\u00e3o"},"image":{"@id":"https:\/\/www.notibras.com\/site\/#\/schema\/logo\/image\/"},"sameAs":["https:\/\/www.facebook.com\/notibras\/","https:\/\/x.com\/Notibras","https:\/\/www.instagram.com\/notibras\/"]},{"@type":"Person","@id":"https:\/\/www.notibras.com\/site\/#\/schema\/person\/36ab0979449956132d3e5b517ea76ac8","name":"Reda\u00e7\u00e3o","image":{"@type":"ImageObject","inLanguage":"pt-BR","@id":"https:\/\/secure.gravatar.com\/avatar\/e0a867bdedb85fd243eadf09663511f96fc81e0720a4a42581f334ad4303aa6b?s=96&d=mm&r=g","url":"https:\/\/secure.gravatar.com\/avatar\/e0a867bdedb85fd243eadf09663511f96fc81e0720a4a42581f334ad4303aa6b?s=96&d=mm&r=g","contentUrl":"https:\/\/secure.gravatar.com\/avatar\/e0a867bdedb85fd243eadf09663511f96fc81e0720a4a42581f334ad4303aa6b?s=96&d=mm&r=g","caption":"Reda\u00e7\u00e3o"}}]}},"amp_enabled":true,"_links":{"self":[{"href":"https:\/\/www.notibras.com\/site\/wp-json\/wp\/v2\/posts\/331426","targetHints":{"allow":["GET"]}}],"collection":[{"href":"https:\/\/www.notibras.com\/site\/wp-json\/wp\/v2\/posts"}],"about":[{"href":"https:\/\/www.notibras.com\/site\/wp-json\/wp\/v2\/types\/post"}],"author":[{"embeddable":true,"href":"https:\/\/www.notibras.com\/site\/wp-json\/wp\/v2\/users\/2"}],"replies":[{"embeddable":true,"href":"https:\/\/www.notibras.com\/site\/wp-json\/wp\/v2\/comments?post=331426"}],"version-history":[{"count":1,"href":"https:\/\/www.notibras.com\/site\/wp-json\/wp\/v2\/posts\/331426\/revisions"}],"predecessor-version":[{"id":331428,"href":"https:\/\/www.notibras.com\/site\/wp-json\/wp\/v2\/posts\/331426\/revisions\/331428"}],"wp:featuredmedia":[{"embeddable":true,"href":"https:\/\/www.notibras.com\/site\/wp-json\/wp\/v2\/media\/331427"}],"wp:attachment":[{"href":"https:\/\/www.notibras.com\/site\/wp-json\/wp\/v2\/media?parent=331426"}],"wp:term":[{"taxonomy":"category","embeddable":true,"href":"https:\/\/www.notibras.com\/site\/wp-json\/wp\/v2\/categories?post=331426"},{"taxonomy":"post_tag","embeddable":true,"href":"https:\/\/www.notibras.com\/site\/wp-json\/wp\/v2\/tags?post=331426"}],"curies":[{"name":"wp","href":"https:\/\/api.w.org\/{rel}","templated":true}]}}