{"id":331432,"date":"2024-06-23T11:10:05","date_gmt":"2024-06-23T14:10:05","guid":{"rendered":"https:\/\/www.notibras.com\/site\/?p=331432"},"modified":"2024-06-24T10:12:08","modified_gmt":"2024-06-24T13:12:08","slug":"produtores-aprendem-tecnicas-de-cultivo-de-frutas-vermelhas","status":"publish","type":"post","link":"https:\/\/www.notibras.com\/site\/produtores-aprendem-tecnicas-de-cultivo-de-frutas-vermelhas\/","title":{"rendered":"Produtores aprendem t\u00e9cnicas de cultivo de frutas vermelhas"},"content":{"rendered":"<p>O cultivo, o manejo e a comercializa\u00e7\u00e3o de frutas vermelhas como amora, mirtilo, morango e framboesa foram os temas abordados na reuni\u00e3o t\u00e9cnica da Emater-DF na manh\u00e3 deste s\u00e1bado (22), no Lago Oeste. Com o tema \u201cIntrodu\u00e7\u00e3o ao Cultivo de Frutas Vermelhas no Cerrado Brasileiro\u201d, extensionistas da empresa explicaram as principais peculiaridades dessas frutas a aproximadamente 30 produtores rurais.<\/p>\n<p>Segundo Clarissa Campos, gerente da Emater-DF em Sobradinho, o objetivo da reuni\u00e3o t\u00e9cnica foi atender ao crescente interesse dos produtores por essas culturas. \u201cNa regi\u00e3o do Lago Oeste, os produtores t\u00eam mostrado grande interesse em novas culturas e inova\u00e7\u00f5es tecnol\u00f3gicas. No caso do morango, apesar de j\u00e1 ter um cultivo consolidado, sempre tem demanda, principalmente o org\u00e2nico\u201d, destacou.<\/p>\n<p>O mirtilo vem sendo introduzido no DF por meio da Rota da Fruticultura. Clarissa observou que a AgroBras\u00edlia, realizada entre os dias 21 e 25 de maio, serviu como uma vitrine para a propaga\u00e7\u00e3o da fruta, despertando a curiosidade de muitos produtores, o que levou \u00e0 organiza\u00e7\u00e3o da reuni\u00e3o. \u201cA fruta, embora recente, \u00e9 promissora para o Distrito Federal, considerando a oferta, a demanda e as condi\u00e7\u00f5es clim\u00e1ticas e de solo\u201d, pontuou.<\/p>\n<p>Um dos participantes, Leonardo Rodrigo Torres, 33 anos, \u00e9 programador de sistemas, mora no Lago Oeste h\u00e1 pouco menos de dois meses e j\u00e1 pretende come\u00e7ar a investir na produ\u00e7\u00e3o rural. \u201cEstou planejando, estudando e vendo o que ser\u00e1 melhor para eu come\u00e7ar a produzir. As frutas vermelhas chamam aten\u00e7\u00e3o pelo alto valor de mercado, as pessoas consomem bastante e \u00e9 relativamente f\u00e1cil de mercado\u201d, disse ele.<\/p>\n<p>Os engenheiros agr\u00f4nomos e extensionistas Clarissa Campos e Felipe Camargo, este \u00faltimo respons\u00e1vel pelo programa de Fruticultura da Emater-DF, explicaram aos produtores as vantagens do cultivo e os maiores desafios da produ\u00e7\u00e3o no Brasil. Eles apresentaram as principais variedades das frutas, quest\u00f5es de manejo e as formas de beneficiamento para garantir um maior aproveitamento.<\/p>\n<p>Felipe Camargo tamb\u00e9m orientou os produtores sobre a Rota da Fruticultura, que envolve diversas institui\u00e7\u00f5es e promove estrat\u00e9gias de aumento da produ\u00e7\u00e3o e do fornecimento de frutas para mercados internos e externos, al\u00e9m de esclarecer d\u00favidas dos produtores. A diretora-executiva da Emater-DF, Loiselene Trindade, participou da reuni\u00e3o.<\/p>\n<p>Joseane Lima Lelis, economista dom\u00e9stica da Emater-DF, explicou sobre as boas pr\u00e1ticas na colheita e p\u00f3s-colheita, os cuidados no manuseio devido \u00e0 sensibilidade das frutas, e as quest\u00f5es de embalagens e acondicionamento. \u201cEssa reuni\u00e3o, com todas essas informa\u00e7\u00f5es, \u00e9 importante para os produtores decidirem se querem ou n\u00e3o investir nessas frutas\u201d, afirmou.<\/p>\n<p>A reuni\u00e3o ocorreu na propriedade da produtora rural Cec\u00edlia Klein, no Lago Oeste, onde s\u00e3o cultivados morango e framboesa. A produtora compartilhou sua experi\u00eancia com as frutas e suas t\u00e9cnicas de manejo e comercializa\u00e7\u00e3o. Durante o evento, foi sorteada uma muda de amora preta gigante (blackberry).<\/p>\n","protected":false},"excerpt":{"rendered":"<p>O cultivo, o manejo e a comercializa\u00e7\u00e3o de frutas vermelhas como amora, mirtilo, morango e framboesa foram os temas abordados na reuni\u00e3o t\u00e9cnica da Emater-DF na manh\u00e3 deste s\u00e1bado (22), no Lago Oeste. Com o tema \u201cIntrodu\u00e7\u00e3o ao Cultivo de Frutas Vermelhas no Cerrado Brasileiro\u201d, extensionistas da empresa explicaram as principais peculiaridades dessas frutas a [&hellip;]<\/p>\n","protected":false},"author":2,"featured_media":331433,"comment_status":"closed","ping_status":"closed","sticky":false,"template":"","format":"standard","meta":{"_acf_changed":false,"footnotes":""},"categories":[161],"tags":[],"class_list":["post-331432","post","type-post","status-publish","format-standard","has-post-thumbnail","hentry","category-quadradinho-em-foco"],"acf":[],"yoast_head":"<!-- This site is optimized with the Yoast SEO plugin v27.5 - https:\/\/yoast.com\/product\/yoast-seo-wordpress\/ -->\n<title>Produtores aprendem t\u00e9cnicas de cultivo de frutas vermelhas - Notibras<\/title>\n<meta name=\"robots\" content=\"index, follow, max-snippet:-1, max-image-preview:large, max-video-preview:-1\" \/>\n<link rel=\"canonical\" href=\"https:\/\/www.notibras.com\/site\/produtores-aprendem-tecnicas-de-cultivo-de-frutas-vermelhas\/\" \/>\n<meta property=\"og:locale\" content=\"pt_BR\" \/>\n<meta property=\"og:type\" content=\"article\" \/>\n<meta property=\"og:title\" content=\"Produtores aprendem t\u00e9cnicas de cultivo de frutas vermelhas - Notibras\" \/>\n<meta property=\"og:description\" content=\"O cultivo, o manejo e a comercializa\u00e7\u00e3o de frutas vermelhas como amora, mirtilo, morango e framboesa foram os temas abordados na reuni\u00e3o t\u00e9cnica da Emater-DF na manh\u00e3 deste s\u00e1bado (22), no Lago Oeste. Com o tema \u201cIntrodu\u00e7\u00e3o ao Cultivo de Frutas Vermelhas no Cerrado Brasileiro\u201d, extensionistas da empresa explicaram as principais peculiaridades dessas frutas a [&hellip;]\" \/>\n<meta property=\"og:url\" content=\"https:\/\/www.notibras.com\/site\/produtores-aprendem-tecnicas-de-cultivo-de-frutas-vermelhas\/\" \/>\n<meta property=\"og:site_name\" content=\"Notibras\" \/>\n<meta property=\"article:publisher\" content=\"https:\/\/www.facebook.com\/notibras\/\" \/>\n<meta property=\"article:published_time\" content=\"2024-06-23T14:10:05+00:00\" \/>\n<meta property=\"article:modified_time\" content=\"2024-06-24T13:12:08+00:00\" \/>\n<meta property=\"og:image\" content=\"https:\/\/www.notibras.com\/site\/wp-content\/uploads\/2024\/06\/Framboesa-1536x987-1.jpg\" \/>\n\t<meta property=\"og:image:width\" content=\"1536\" \/>\n\t<meta property=\"og:image:height\" content=\"987\" \/>\n\t<meta property=\"og:image:type\" content=\"image\/jpeg\" \/>\n<meta name=\"author\" content=\"Reda\u00e7\u00e3o\" \/>\n<meta name=\"twitter:card\" content=\"summary_large_image\" \/>\n<meta name=\"twitter:creator\" content=\"@Notibras\" \/>\n<meta name=\"twitter:site\" content=\"@Notibras\" \/>\n<meta name=\"twitter:label1\" content=\"Escrito por\" \/>\n\t<meta name=\"twitter:data1\" content=\"Reda\u00e7\u00e3o\" \/>\n\t<meta name=\"twitter:label2\" content=\"Est. tempo de leitura\" \/>\n\t<meta name=\"twitter:data2\" content=\"3 minutos\" \/>\n<script type=\"application\/ld+json\" class=\"yoast-schema-graph\">{\"@context\":\"https:\\\/\\\/schema.org\",\"@graph\":[{\"@type\":\"Article\",\"@id\":\"https:\\\/\\\/www.notibras.com\\\/site\\\/produtores-aprendem-tecnicas-de-cultivo-de-frutas-vermelhas\\\/#article\",\"isPartOf\":{\"@id\":\"https:\\\/\\\/www.notibras.com\\\/site\\\/produtores-aprendem-tecnicas-de-cultivo-de-frutas-vermelhas\\\/\"},\"author\":{\"name\":\"Reda\u00e7\u00e3o\",\"@id\":\"https:\\\/\\\/www.notibras.com\\\/site\\\/#\\\/schema\\\/person\\\/36ab0979449956132d3e5b517ea76ac8\"},\"headline\":\"Produtores aprendem t\u00e9cnicas de cultivo de frutas vermelhas\",\"datePublished\":\"2024-06-23T14:10:05+00:00\",\"dateModified\":\"2024-06-24T13:12:08+00:00\",\"mainEntityOfPage\":{\"@id\":\"https:\\\/\\\/www.notibras.com\\\/site\\\/produtores-aprendem-tecnicas-de-cultivo-de-frutas-vermelhas\\\/\"},\"wordCount\":500,\"publisher\":{\"@id\":\"https:\\\/\\\/www.notibras.com\\\/site\\\/#organization\"},\"image\":{\"@id\":\"https:\\\/\\\/www.notibras.com\\\/site\\\/produtores-aprendem-tecnicas-de-cultivo-de-frutas-vermelhas\\\/#primaryimage\"},\"thumbnailUrl\":\"https:\\\/\\\/www.notibras.com\\\/site\\\/wp-content\\\/uploads\\\/2024\\\/06\\\/Framboesa-1536x987-1.jpg\",\"articleSection\":[\"Quadradinho em Foco\"],\"inLanguage\":\"pt-BR\"},{\"@type\":\"WebPage\",\"@id\":\"https:\\\/\\\/www.notibras.com\\\/site\\\/produtores-aprendem-tecnicas-de-cultivo-de-frutas-vermelhas\\\/\",\"url\":\"https:\\\/\\\/www.notibras.com\\\/site\\\/produtores-aprendem-tecnicas-de-cultivo-de-frutas-vermelhas\\\/\",\"name\":\"Produtores aprendem t\u00e9cnicas de cultivo de frutas vermelhas - Notibras\",\"isPartOf\":{\"@id\":\"https:\\\/\\\/www.notibras.com\\\/site\\\/#website\"},\"primaryImageOfPage\":{\"@id\":\"https:\\\/\\\/www.notibras.com\\\/site\\\/produtores-aprendem-tecnicas-de-cultivo-de-frutas-vermelhas\\\/#primaryimage\"},\"image\":{\"@id\":\"https:\\\/\\\/www.notibras.com\\\/site\\\/produtores-aprendem-tecnicas-de-cultivo-de-frutas-vermelhas\\\/#primaryimage\"},\"thumbnailUrl\":\"https:\\\/\\\/www.notibras.com\\\/site\\\/wp-content\\\/uploads\\\/2024\\\/06\\\/Framboesa-1536x987-1.jpg\",\"datePublished\":\"2024-06-23T14:10:05+00:00\",\"dateModified\":\"2024-06-24T13:12:08+00:00\",\"breadcrumb\":{\"@id\":\"https:\\\/\\\/www.notibras.com\\\/site\\\/produtores-aprendem-tecnicas-de-cultivo-de-frutas-vermelhas\\\/#breadcrumb\"},\"inLanguage\":\"pt-BR\",\"potentialAction\":[{\"@type\":\"ReadAction\",\"target\":[\"https:\\\/\\\/www.notibras.com\\\/site\\\/produtores-aprendem-tecnicas-de-cultivo-de-frutas-vermelhas\\\/\"]}]},{\"@type\":\"ImageObject\",\"inLanguage\":\"pt-BR\",\"@id\":\"https:\\\/\\\/www.notibras.com\\\/site\\\/produtores-aprendem-tecnicas-de-cultivo-de-frutas-vermelhas\\\/#primaryimage\",\"url\":\"https:\\\/\\\/www.notibras.com\\\/site\\\/wp-content\\\/uploads\\\/2024\\\/06\\\/Framboesa-1536x987-1.jpg\",\"contentUrl\":\"https:\\\/\\\/www.notibras.com\\\/site\\\/wp-content\\\/uploads\\\/2024\\\/06\\\/Framboesa-1536x987-1.jpg\",\"width\":1536,\"height\":987},{\"@type\":\"BreadcrumbList\",\"@id\":\"https:\\\/\\\/www.notibras.com\\\/site\\\/produtores-aprendem-tecnicas-de-cultivo-de-frutas-vermelhas\\\/#breadcrumb\",\"itemListElement\":[{\"@type\":\"ListItem\",\"position\":1,\"name\":\"In\u00edcio\",\"item\":\"https:\\\/\\\/www.notibras.com\\\/site\\\/\"},{\"@type\":\"ListItem\",\"position\":2,\"name\":\"Produtores aprendem t\u00e9cnicas de cultivo de frutas vermelhas\"}]},{\"@type\":\"WebSite\",\"@id\":\"https:\\\/\\\/www.notibras.com\\\/site\\\/#website\",\"url\":\"https:\\\/\\\/www.notibras.com\\\/site\\\/\",\"name\":\"Notibras\",\"description\":\"Not\u00edcias de Bras\u00edlia, do Brasil e do Mundo\",\"publisher\":{\"@id\":\"https:\\\/\\\/www.notibras.com\\\/site\\\/#organization\"},\"potentialAction\":[{\"@type\":\"SearchAction\",\"target\":{\"@type\":\"EntryPoint\",\"urlTemplate\":\"https:\\\/\\\/www.notibras.com\\\/site\\\/?s={search_term_string}\"},\"query-input\":{\"@type\":\"PropertyValueSpecification\",\"valueRequired\":true,\"valueName\":\"search_term_string\"}}],\"inLanguage\":\"pt-BR\"},{\"@type\":\"Organization\",\"@id\":\"https:\\\/\\\/www.notibras.com\\\/site\\\/#organization\",\"name\":\"Grupo Notibras de Comunica\u00e7\u00e3o\",\"url\":\"https:\\\/\\\/www.notibras.com\\\/site\\\/\",\"logo\":{\"@type\":\"ImageObject\",\"inLanguage\":\"pt-BR\",\"@id\":\"https:\\\/\\\/www.notibras.com\\\/site\\\/#\\\/schema\\\/logo\\\/image\\\/\",\"url\":\"https:\\\/\\\/www.notibras.com\\\/site\\\/wp-content\\\/uploads\\\/2023\\\/01\\\/notibras23.png\",\"contentUrl\":\"https:\\\/\\\/www.notibras.com\\\/site\\\/wp-content\\\/uploads\\\/2023\\\/01\\\/notibras23.png\",\"width\":350,\"height\":87,\"caption\":\"Grupo Notibras de Comunica\u00e7\u00e3o\"},\"image\":{\"@id\":\"https:\\\/\\\/www.notibras.com\\\/site\\\/#\\\/schema\\\/logo\\\/image\\\/\"},\"sameAs\":[\"https:\\\/\\\/www.facebook.com\\\/notibras\\\/\",\"https:\\\/\\\/x.com\\\/Notibras\",\"https:\\\/\\\/www.instagram.com\\\/notibras\\\/\"]},{\"@type\":\"Person\",\"@id\":\"https:\\\/\\\/www.notibras.com\\\/site\\\/#\\\/schema\\\/person\\\/36ab0979449956132d3e5b517ea76ac8\",\"name\":\"Reda\u00e7\u00e3o\",\"image\":{\"@type\":\"ImageObject\",\"inLanguage\":\"pt-BR\",\"@id\":\"https:\\\/\\\/secure.gravatar.com\\\/avatar\\\/e0a867bdedb85fd243eadf09663511f96fc81e0720a4a42581f334ad4303aa6b?s=96&d=mm&r=g\",\"url\":\"https:\\\/\\\/secure.gravatar.com\\\/avatar\\\/e0a867bdedb85fd243eadf09663511f96fc81e0720a4a42581f334ad4303aa6b?s=96&d=mm&r=g\",\"contentUrl\":\"https:\\\/\\\/secure.gravatar.com\\\/avatar\\\/e0a867bdedb85fd243eadf09663511f96fc81e0720a4a42581f334ad4303aa6b?s=96&d=mm&r=g\",\"caption\":\"Reda\u00e7\u00e3o\"}}]}<\/script>\n<!-- \/ Yoast SEO plugin. -->","yoast_head_json":{"title":"Produtores aprendem t\u00e9cnicas de cultivo de frutas vermelhas - Notibras","robots":{"index":"index","follow":"follow","max-snippet":"max-snippet:-1","max-image-preview":"max-image-preview:large","max-video-preview":"max-video-preview:-1"},"canonical":"https:\/\/www.notibras.com\/site\/produtores-aprendem-tecnicas-de-cultivo-de-frutas-vermelhas\/","og_locale":"pt_BR","og_type":"article","og_title":"Produtores aprendem t\u00e9cnicas de cultivo de frutas vermelhas - Notibras","og_description":"O cultivo, o manejo e a comercializa\u00e7\u00e3o de frutas vermelhas como amora, mirtilo, morango e framboesa foram os temas abordados na reuni\u00e3o t\u00e9cnica da Emater-DF na manh\u00e3 deste s\u00e1bado (22), no Lago Oeste. Com o tema \u201cIntrodu\u00e7\u00e3o ao Cultivo de Frutas Vermelhas no Cerrado Brasileiro\u201d, extensionistas da empresa explicaram as principais peculiaridades dessas frutas a [&hellip;]","og_url":"https:\/\/www.notibras.com\/site\/produtores-aprendem-tecnicas-de-cultivo-de-frutas-vermelhas\/","og_site_name":"Notibras","article_publisher":"https:\/\/www.facebook.com\/notibras\/","article_published_time":"2024-06-23T14:10:05+00:00","article_modified_time":"2024-06-24T13:12:08+00:00","og_image":[{"width":1536,"height":987,"url":"https:\/\/www.notibras.com\/site\/wp-content\/uploads\/2024\/06\/Framboesa-1536x987-1.jpg","type":"image\/jpeg"}],"author":"Reda\u00e7\u00e3o","twitter_card":"summary_large_image","twitter_creator":"@Notibras","twitter_site":"@Notibras","twitter_misc":{"Escrito por":"Reda\u00e7\u00e3o","Est. tempo de leitura":"3 minutos"},"schema":{"@context":"https:\/\/schema.org","@graph":[{"@type":"Article","@id":"https:\/\/www.notibras.com\/site\/produtores-aprendem-tecnicas-de-cultivo-de-frutas-vermelhas\/#article","isPartOf":{"@id":"https:\/\/www.notibras.com\/site\/produtores-aprendem-tecnicas-de-cultivo-de-frutas-vermelhas\/"},"author":{"name":"Reda\u00e7\u00e3o","@id":"https:\/\/www.notibras.com\/site\/#\/schema\/person\/36ab0979449956132d3e5b517ea76ac8"},"headline":"Produtores aprendem t\u00e9cnicas de cultivo de frutas vermelhas","datePublished":"2024-06-23T14:10:05+00:00","dateModified":"2024-06-24T13:12:08+00:00","mainEntityOfPage":{"@id":"https:\/\/www.notibras.com\/site\/produtores-aprendem-tecnicas-de-cultivo-de-frutas-vermelhas\/"},"wordCount":500,"publisher":{"@id":"https:\/\/www.notibras.com\/site\/#organization"},"image":{"@id":"https:\/\/www.notibras.com\/site\/produtores-aprendem-tecnicas-de-cultivo-de-frutas-vermelhas\/#primaryimage"},"thumbnailUrl":"https:\/\/www.notibras.com\/site\/wp-content\/uploads\/2024\/06\/Framboesa-1536x987-1.jpg","articleSection":["Quadradinho em Foco"],"inLanguage":"pt-BR"},{"@type":"WebPage","@id":"https:\/\/www.notibras.com\/site\/produtores-aprendem-tecnicas-de-cultivo-de-frutas-vermelhas\/","url":"https:\/\/www.notibras.com\/site\/produtores-aprendem-tecnicas-de-cultivo-de-frutas-vermelhas\/","name":"Produtores aprendem t\u00e9cnicas de cultivo de frutas vermelhas - Notibras","isPartOf":{"@id":"https:\/\/www.notibras.com\/site\/#website"},"primaryImageOfPage":{"@id":"https:\/\/www.notibras.com\/site\/produtores-aprendem-tecnicas-de-cultivo-de-frutas-vermelhas\/#primaryimage"},"image":{"@id":"https:\/\/www.notibras.com\/site\/produtores-aprendem-tecnicas-de-cultivo-de-frutas-vermelhas\/#primaryimage"},"thumbnailUrl":"https:\/\/www.notibras.com\/site\/wp-content\/uploads\/2024\/06\/Framboesa-1536x987-1.jpg","datePublished":"2024-06-23T14:10:05+00:00","dateModified":"2024-06-24T13:12:08+00:00","breadcrumb":{"@id":"https:\/\/www.notibras.com\/site\/produtores-aprendem-tecnicas-de-cultivo-de-frutas-vermelhas\/#breadcrumb"},"inLanguage":"pt-BR","potentialAction":[{"@type":"ReadAction","target":["https:\/\/www.notibras.com\/site\/produtores-aprendem-tecnicas-de-cultivo-de-frutas-vermelhas\/"]}]},{"@type":"ImageObject","inLanguage":"pt-BR","@id":"https:\/\/www.notibras.com\/site\/produtores-aprendem-tecnicas-de-cultivo-de-frutas-vermelhas\/#primaryimage","url":"https:\/\/www.notibras.com\/site\/wp-content\/uploads\/2024\/06\/Framboesa-1536x987-1.jpg","contentUrl":"https:\/\/www.notibras.com\/site\/wp-content\/uploads\/2024\/06\/Framboesa-1536x987-1.jpg","width":1536,"height":987},{"@type":"BreadcrumbList","@id":"https:\/\/www.notibras.com\/site\/produtores-aprendem-tecnicas-de-cultivo-de-frutas-vermelhas\/#breadcrumb","itemListElement":[{"@type":"ListItem","position":1,"name":"In\u00edcio","item":"https:\/\/www.notibras.com\/site\/"},{"@type":"ListItem","position":2,"name":"Produtores aprendem t\u00e9cnicas de cultivo de frutas vermelhas"}]},{"@type":"WebSite","@id":"https:\/\/www.notibras.com\/site\/#website","url":"https:\/\/www.notibras.com\/site\/","name":"Notibras","description":"Not\u00edcias de Bras\u00edlia, do Brasil e do Mundo","publisher":{"@id":"https:\/\/www.notibras.com\/site\/#organization"},"potentialAction":[{"@type":"SearchAction","target":{"@type":"EntryPoint","urlTemplate":"https:\/\/www.notibras.com\/site\/?s={search_term_string}"},"query-input":{"@type":"PropertyValueSpecification","valueRequired":true,"valueName":"search_term_string"}}],"inLanguage":"pt-BR"},{"@type":"Organization","@id":"https:\/\/www.notibras.com\/site\/#organization","name":"Grupo Notibras de Comunica\u00e7\u00e3o","url":"https:\/\/www.notibras.com\/site\/","logo":{"@type":"ImageObject","inLanguage":"pt-BR","@id":"https:\/\/www.notibras.com\/site\/#\/schema\/logo\/image\/","url":"https:\/\/www.notibras.com\/site\/wp-content\/uploads\/2023\/01\/notibras23.png","contentUrl":"https:\/\/www.notibras.com\/site\/wp-content\/uploads\/2023\/01\/notibras23.png","width":350,"height":87,"caption":"Grupo Notibras de Comunica\u00e7\u00e3o"},"image":{"@id":"https:\/\/www.notibras.com\/site\/#\/schema\/logo\/image\/"},"sameAs":["https:\/\/www.facebook.com\/notibras\/","https:\/\/x.com\/Notibras","https:\/\/www.instagram.com\/notibras\/"]},{"@type":"Person","@id":"https:\/\/www.notibras.com\/site\/#\/schema\/person\/36ab0979449956132d3e5b517ea76ac8","name":"Reda\u00e7\u00e3o","image":{"@type":"ImageObject","inLanguage":"pt-BR","@id":"https:\/\/secure.gravatar.com\/avatar\/e0a867bdedb85fd243eadf09663511f96fc81e0720a4a42581f334ad4303aa6b?s=96&d=mm&r=g","url":"https:\/\/secure.gravatar.com\/avatar\/e0a867bdedb85fd243eadf09663511f96fc81e0720a4a42581f334ad4303aa6b?s=96&d=mm&r=g","contentUrl":"https:\/\/secure.gravatar.com\/avatar\/e0a867bdedb85fd243eadf09663511f96fc81e0720a4a42581f334ad4303aa6b?s=96&d=mm&r=g","caption":"Reda\u00e7\u00e3o"}}]}},"amp_enabled":true,"_links":{"self":[{"href":"https:\/\/www.notibras.com\/site\/wp-json\/wp\/v2\/posts\/331432","targetHints":{"allow":["GET"]}}],"collection":[{"href":"https:\/\/www.notibras.com\/site\/wp-json\/wp\/v2\/posts"}],"about":[{"href":"https:\/\/www.notibras.com\/site\/wp-json\/wp\/v2\/types\/post"}],"author":[{"embeddable":true,"href":"https:\/\/www.notibras.com\/site\/wp-json\/wp\/v2\/users\/2"}],"replies":[{"embeddable":true,"href":"https:\/\/www.notibras.com\/site\/wp-json\/wp\/v2\/comments?post=331432"}],"version-history":[{"count":1,"href":"https:\/\/www.notibras.com\/site\/wp-json\/wp\/v2\/posts\/331432\/revisions"}],"predecessor-version":[{"id":331434,"href":"https:\/\/www.notibras.com\/site\/wp-json\/wp\/v2\/posts\/331432\/revisions\/331434"}],"wp:featuredmedia":[{"embeddable":true,"href":"https:\/\/www.notibras.com\/site\/wp-json\/wp\/v2\/media\/331433"}],"wp:attachment":[{"href":"https:\/\/www.notibras.com\/site\/wp-json\/wp\/v2\/media?parent=331432"}],"wp:term":[{"taxonomy":"category","embeddable":true,"href":"https:\/\/www.notibras.com\/site\/wp-json\/wp\/v2\/categories?post=331432"},{"taxonomy":"post_tag","embeddable":true,"href":"https:\/\/www.notibras.com\/site\/wp-json\/wp\/v2\/tags?post=331432"}],"curies":[{"name":"wp","href":"https:\/\/api.w.org\/{rel}","templated":true}]}}