{"id":331446,"date":"2024-06-24T17:26:58","date_gmt":"2024-06-24T20:26:58","guid":{"rendered":"https:\/\/www.notibras.com\/site\/?p=331446"},"modified":"2024-06-24T17:26:58","modified_gmt":"2024-06-24T20:26:58","slug":"guara-tera-duas-torres-residenciais-padrao-classe-a","status":"publish","type":"post","link":"https:\/\/www.notibras.com\/site\/guara-tera-duas-torres-residenciais-padrao-classe-a\/","title":{"rendered":"Guar\u00e1 ter\u00e1 duas torres residenciais padr\u00e3o Classe A"},"content":{"rendered":"<p>A PaulOOctavio e a FHE\/Poupex v\u00e3o construir mais um edif\u00edcio em Bras\u00edlia. \u00c9 o Residencial Marechal Jos\u00e9 Pessoa, na QI 23 do Guar\u00e1 II, pr\u00f3ximo \u00e0 esta\u00e7\u00e3o de metr\u00f4 e \u00e0 Avenida Contorno. Ser\u00e1 composto por dois blocos e tr\u00eas modelos de apartamentos e coberturas lineares, com metragens de 71m\u00b2, 100m\u00b2 e 211m\u00b2 e dois ou tr\u00eas quartos, al\u00e9m de lazer completo. Este \u00e9 um dos lan\u00e7amentos anunciados esta semana pela construtora.<\/p>\n<p>Na solenidade do lan\u00e7amento do residencial, o empres\u00e1rio Paulo Oct\u00e1vio destacou que este \u00e9 mais um fruto da longa parceria com a Funda\u00e7\u00e3o Habitacional do Ex\u00e9rcito (FHE\/Poupex). \u201cLan\u00e7amos essa homenagem ao Marechal Jos\u00e9 Pessoa, um brasileiro muito influente, que atuou na Primeira e na Segunda Guerras e ainda veio para Bras\u00edlia e nos ajudou aqui a delimitar a \u00e1rea do todo DF. Um general extraordin\u00e1rio e um dos poucos brasileiros a chegar a marechal\u201d, afirmou.<\/p>\n<p>\u201cPara n\u00f3s, de Bras\u00edlia, homenagear um oficial do Ex\u00e9rcito com esse hist\u00f3rico \u00e9 motivo de gratid\u00e3o. Imaginem chegar em Bras\u00edlia h\u00e1 70 anos, \u00e9poca em que n\u00e3o havia absolutamente nada, s\u00f3 cerrado e animais. Veja o feito de chegar aqui e demarcar essa cidade, que hoje tem a melhor qualidade de vida do Brasil, \u00e9 tombada como patrim\u00f4nio da humanidade e que j\u00e1 abriga 3 milh\u00f5es de habitantes. Edificar um pr\u00e9dio em parceria com a Poupex e homenageando uma pessoa que ajudou Bras\u00edlia e o Brasil, para n\u00f3s, \u00e9 motivo de muita honra\u201d, destacou.<\/p>\n<p>O empres\u00e1rio tamb\u00e9m destacou a localiza\u00e7\u00e3o do terreno. \u201c\u00c9 um ponto central do Guar\u00e1 e aqui, ao lado da FHE\/Poupex, vamos seguir construindo moradias, gerando empregos e fazendo com que Bras\u00edlia cres\u00e7a com empreendimentos bem feitos, com boa arquitetura e com bons projetos\u201d, acrescentou.<\/p>\n<p>O presidente da FHE\/Poupex, general Val\u00e9rio Stumpf, reafirmou seu orgulho pela parceria hist\u00f3rica com a construtora. \u201cA gente fica muito tranquilo quando faz um empreendimento com a PaulOOctavio. Sabemos que teremos um empreendimento de sucesso como tantos outros\u201d, destacou. Ele tamb\u00e9m destacou o papel do Marechal Jos\u00e9 Pessoa na hist\u00f3ria brasileira.<\/p>\n<p>\u201c\u00c9 um grande chefe militar, que tem uma participa\u00e7\u00e3o grande aqui na cria\u00e7\u00e3o de Bras\u00edlia e foi o respons\u00e1vel pela implanta\u00e7\u00e3o da Academia Militar em Resende (RJ), nos anos 1940. E vamos trazer a fam\u00edlia dele quando da inaugura\u00e7\u00e3o do empreendimento. A PaulOOctavio tem uma responsabilidade grande pelo crescimento de Bras\u00edlia, pela hist\u00f3ria de Bras\u00edlia e tem uma responsabilidade pela frente ainda\u201d, destacou.<\/p>\n<p><strong>O empreendimento<\/strong><br \/>\nDividido em dois blocos, o Residencial Marechal Jos\u00e9 Pessoa tem apartamentos de 2 quartos, com 71 m\u00b2 e uma ou duas vagas de garagem; apartamentos de 3 quartos, 100m\u00b2 e 2 ou 3 vagas; e coberturas lineares de 3 quartos, 211 m\u00b2 e 2 ou 3 vagas. Como diferenciais, as unidades ter\u00e3o paredes externas em alvenaria, com prote\u00e7\u00e3o ac\u00fastica entre unidades; piso em porcelanato de grande formato nas su\u00edtes, semi-su\u00edtes, sala e cozinha; varanda, bancadas em m\u00e1rmore, granito ou quartzito; salas com esquadrias amplas para melhor aproveitamento da luz e ventila\u00e7\u00e3o natural; infraestrutura para ar-condicionado nas su\u00edtes, semi-su\u00edtes e sala; detector de vazamento de g\u00e1s; e ponto de \u00e1gua para geladeira, entre outros itens de conforto.<\/p>\n<p>Em termos de lazer, ser\u00e3o oferecidos aos moradores piscinas adulto e infantil; sal\u00e3o de festas; academia completa, coberta e descoberta; churrasqueira; espa\u00e7o gourmet equipado com marcenaria; coworking para trabalho remoto e reuni\u00f5es; espa\u00e7o beleza para cuidados pessoais; playground; biciclet\u00e1rio; ponto de delivery para facilitar o recebimento de encomendas; e itens ecol\u00f3gicos, como sensores de presen\u00e7a e ilumina\u00e7\u00e3o com LED nas \u00e1reas comuns, al\u00e9m de paisagismo de qualidade, com flora\u00e7\u00e3o, colora\u00e7\u00e3o e aroma proporcionados por forra\u00e7\u00f5es e folhagens alternadas ao longo do ano.<\/p>\n","protected":false},"excerpt":{"rendered":"<p>A PaulOOctavio e a FHE\/Poupex v\u00e3o construir mais um edif\u00edcio em Bras\u00edlia. \u00c9 o Residencial Marechal Jos\u00e9 Pessoa, na QI 23 do Guar\u00e1 II, pr\u00f3ximo \u00e0 esta\u00e7\u00e3o de metr\u00f4 e \u00e0 Avenida Contorno. Ser\u00e1 composto por dois blocos e tr\u00eas modelos de apartamentos e coberturas lineares, com metragens de 71m\u00b2, 100m\u00b2 e 211m\u00b2 e dois [&hellip;]<\/p>\n","protected":false},"author":2,"featured_media":331447,"comment_status":"closed","ping_status":"closed","sticky":false,"template":"","format":"standard","meta":{"_acf_changed":false,"footnotes":""},"categories":[161],"tags":[],"class_list":["post-331446","post","type-post","status-publish","format-standard","has-post-thumbnail","hentry","category-quadradinho-em-foco"],"acf":[],"yoast_head":"<!-- This site is optimized with the Yoast SEO plugin v27.5 - https:\/\/yoast.com\/product\/yoast-seo-wordpress\/ -->\n<title>Guar\u00e1 ter\u00e1 duas torres residenciais padr\u00e3o Classe A - Notibras<\/title>\n<meta name=\"robots\" content=\"index, follow, max-snippet:-1, max-image-preview:large, max-video-preview:-1\" \/>\n<link rel=\"canonical\" href=\"https:\/\/www.notibras.com\/site\/guara-tera-duas-torres-residenciais-padrao-classe-a\/\" \/>\n<meta property=\"og:locale\" content=\"pt_BR\" \/>\n<meta property=\"og:type\" content=\"article\" \/>\n<meta property=\"og:title\" content=\"Guar\u00e1 ter\u00e1 duas torres residenciais padr\u00e3o Classe A - Notibras\" \/>\n<meta property=\"og:description\" content=\"A PaulOOctavio e a FHE\/Poupex v\u00e3o construir mais um edif\u00edcio em Bras\u00edlia. \u00c9 o Residencial Marechal Jos\u00e9 Pessoa, na QI 23 do Guar\u00e1 II, pr\u00f3ximo \u00e0 esta\u00e7\u00e3o de metr\u00f4 e \u00e0 Avenida Contorno. Ser\u00e1 composto por dois blocos e tr\u00eas modelos de apartamentos e coberturas lineares, com metragens de 71m\u00b2, 100m\u00b2 e 211m\u00b2 e dois [&hellip;]\" \/>\n<meta property=\"og:url\" content=\"https:\/\/www.notibras.com\/site\/guara-tera-duas-torres-residenciais-padrao-classe-a\/\" \/>\n<meta property=\"og:site_name\" content=\"Notibras\" \/>\n<meta property=\"article:publisher\" content=\"https:\/\/www.facebook.com\/notibras\/\" \/>\n<meta property=\"article:published_time\" content=\"2024-06-24T20:26:58+00:00\" \/>\n<meta property=\"og:image\" content=\"https:\/\/www.notibras.com\/site\/wp-content\/uploads\/2024\/06\/30a1add2-6493-4d38-86f0-dc19d07939a3.jpeg\" \/>\n\t<meta property=\"og:image:width\" content=\"1600\" \/>\n\t<meta property=\"og:image:height\" content=\"900\" \/>\n\t<meta property=\"og:image:type\" content=\"image\/jpeg\" \/>\n<meta name=\"author\" content=\"Reda\u00e7\u00e3o\" \/>\n<meta name=\"twitter:card\" content=\"summary_large_image\" \/>\n<meta name=\"twitter:creator\" content=\"@Notibras\" \/>\n<meta name=\"twitter:site\" content=\"@Notibras\" \/>\n<meta name=\"twitter:label1\" content=\"Escrito por\" \/>\n\t<meta name=\"twitter:data1\" content=\"Reda\u00e7\u00e3o\" \/>\n\t<meta name=\"twitter:label2\" content=\"Est. tempo de leitura\" \/>\n\t<meta name=\"twitter:data2\" content=\"4 minutos\" \/>\n<script type=\"application\/ld+json\" class=\"yoast-schema-graph\">{\"@context\":\"https:\\\/\\\/schema.org\",\"@graph\":[{\"@type\":\"Article\",\"@id\":\"https:\\\/\\\/www.notibras.com\\\/site\\\/guara-tera-duas-torres-residenciais-padrao-classe-a\\\/#article\",\"isPartOf\":{\"@id\":\"https:\\\/\\\/www.notibras.com\\\/site\\\/guara-tera-duas-torres-residenciais-padrao-classe-a\\\/\"},\"author\":{\"name\":\"Reda\u00e7\u00e3o\",\"@id\":\"https:\\\/\\\/www.notibras.com\\\/site\\\/#\\\/schema\\\/person\\\/36ab0979449956132d3e5b517ea76ac8\"},\"headline\":\"Guar\u00e1 ter\u00e1 duas torres residenciais padr\u00e3o Classe A\",\"datePublished\":\"2024-06-24T20:26:58+00:00\",\"mainEntityOfPage\":{\"@id\":\"https:\\\/\\\/www.notibras.com\\\/site\\\/guara-tera-duas-torres-residenciais-padrao-classe-a\\\/\"},\"wordCount\":660,\"publisher\":{\"@id\":\"https:\\\/\\\/www.notibras.com\\\/site\\\/#organization\"},\"image\":{\"@id\":\"https:\\\/\\\/www.notibras.com\\\/site\\\/guara-tera-duas-torres-residenciais-padrao-classe-a\\\/#primaryimage\"},\"thumbnailUrl\":\"https:\\\/\\\/www.notibras.com\\\/site\\\/wp-content\\\/uploads\\\/2024\\\/06\\\/30a1add2-6493-4d38-86f0-dc19d07939a3.jpeg\",\"articleSection\":[\"Quadradinho em Foco\"],\"inLanguage\":\"pt-BR\"},{\"@type\":\"WebPage\",\"@id\":\"https:\\\/\\\/www.notibras.com\\\/site\\\/guara-tera-duas-torres-residenciais-padrao-classe-a\\\/\",\"url\":\"https:\\\/\\\/www.notibras.com\\\/site\\\/guara-tera-duas-torres-residenciais-padrao-classe-a\\\/\",\"name\":\"Guar\u00e1 ter\u00e1 duas torres residenciais padr\u00e3o Classe A - Notibras\",\"isPartOf\":{\"@id\":\"https:\\\/\\\/www.notibras.com\\\/site\\\/#website\"},\"primaryImageOfPage\":{\"@id\":\"https:\\\/\\\/www.notibras.com\\\/site\\\/guara-tera-duas-torres-residenciais-padrao-classe-a\\\/#primaryimage\"},\"image\":{\"@id\":\"https:\\\/\\\/www.notibras.com\\\/site\\\/guara-tera-duas-torres-residenciais-padrao-classe-a\\\/#primaryimage\"},\"thumbnailUrl\":\"https:\\\/\\\/www.notibras.com\\\/site\\\/wp-content\\\/uploads\\\/2024\\\/06\\\/30a1add2-6493-4d38-86f0-dc19d07939a3.jpeg\",\"datePublished\":\"2024-06-24T20:26:58+00:00\",\"breadcrumb\":{\"@id\":\"https:\\\/\\\/www.notibras.com\\\/site\\\/guara-tera-duas-torres-residenciais-padrao-classe-a\\\/#breadcrumb\"},\"inLanguage\":\"pt-BR\",\"potentialAction\":[{\"@type\":\"ReadAction\",\"target\":[\"https:\\\/\\\/www.notibras.com\\\/site\\\/guara-tera-duas-torres-residenciais-padrao-classe-a\\\/\"]}]},{\"@type\":\"ImageObject\",\"inLanguage\":\"pt-BR\",\"@id\":\"https:\\\/\\\/www.notibras.com\\\/site\\\/guara-tera-duas-torres-residenciais-padrao-classe-a\\\/#primaryimage\",\"url\":\"https:\\\/\\\/www.notibras.com\\\/site\\\/wp-content\\\/uploads\\\/2024\\\/06\\\/30a1add2-6493-4d38-86f0-dc19d07939a3.jpeg\",\"contentUrl\":\"https:\\\/\\\/www.notibras.com\\\/site\\\/wp-content\\\/uploads\\\/2024\\\/06\\\/30a1add2-6493-4d38-86f0-dc19d07939a3.jpeg\",\"width\":1600,\"height\":900},{\"@type\":\"BreadcrumbList\",\"@id\":\"https:\\\/\\\/www.notibras.com\\\/site\\\/guara-tera-duas-torres-residenciais-padrao-classe-a\\\/#breadcrumb\",\"itemListElement\":[{\"@type\":\"ListItem\",\"position\":1,\"name\":\"In\u00edcio\",\"item\":\"https:\\\/\\\/www.notibras.com\\\/site\\\/\"},{\"@type\":\"ListItem\",\"position\":2,\"name\":\"Guar\u00e1 ter\u00e1 duas torres residenciais padr\u00e3o Classe A\"}]},{\"@type\":\"WebSite\",\"@id\":\"https:\\\/\\\/www.notibras.com\\\/site\\\/#website\",\"url\":\"https:\\\/\\\/www.notibras.com\\\/site\\\/\",\"name\":\"Notibras\",\"description\":\"Not\u00edcias de Bras\u00edlia, do Brasil e do Mundo\",\"publisher\":{\"@id\":\"https:\\\/\\\/www.notibras.com\\\/site\\\/#organization\"},\"potentialAction\":[{\"@type\":\"SearchAction\",\"target\":{\"@type\":\"EntryPoint\",\"urlTemplate\":\"https:\\\/\\\/www.notibras.com\\\/site\\\/?s={search_term_string}\"},\"query-input\":{\"@type\":\"PropertyValueSpecification\",\"valueRequired\":true,\"valueName\":\"search_term_string\"}}],\"inLanguage\":\"pt-BR\"},{\"@type\":\"Organization\",\"@id\":\"https:\\\/\\\/www.notibras.com\\\/site\\\/#organization\",\"name\":\"Grupo Notibras de Comunica\u00e7\u00e3o\",\"url\":\"https:\\\/\\\/www.notibras.com\\\/site\\\/\",\"logo\":{\"@type\":\"ImageObject\",\"inLanguage\":\"pt-BR\",\"@id\":\"https:\\\/\\\/www.notibras.com\\\/site\\\/#\\\/schema\\\/logo\\\/image\\\/\",\"url\":\"https:\\\/\\\/www.notibras.com\\\/site\\\/wp-content\\\/uploads\\\/2023\\\/01\\\/notibras23.png\",\"contentUrl\":\"https:\\\/\\\/www.notibras.com\\\/site\\\/wp-content\\\/uploads\\\/2023\\\/01\\\/notibras23.png\",\"width\":350,\"height\":87,\"caption\":\"Grupo Notibras de Comunica\u00e7\u00e3o\"},\"image\":{\"@id\":\"https:\\\/\\\/www.notibras.com\\\/site\\\/#\\\/schema\\\/logo\\\/image\\\/\"},\"sameAs\":[\"https:\\\/\\\/www.facebook.com\\\/notibras\\\/\",\"https:\\\/\\\/x.com\\\/Notibras\",\"https:\\\/\\\/www.instagram.com\\\/notibras\\\/\"]},{\"@type\":\"Person\",\"@id\":\"https:\\\/\\\/www.notibras.com\\\/site\\\/#\\\/schema\\\/person\\\/36ab0979449956132d3e5b517ea76ac8\",\"name\":\"Reda\u00e7\u00e3o\",\"image\":{\"@type\":\"ImageObject\",\"inLanguage\":\"pt-BR\",\"@id\":\"https:\\\/\\\/secure.gravatar.com\\\/avatar\\\/e0a867bdedb85fd243eadf09663511f96fc81e0720a4a42581f334ad4303aa6b?s=96&d=mm&r=g\",\"url\":\"https:\\\/\\\/secure.gravatar.com\\\/avatar\\\/e0a867bdedb85fd243eadf09663511f96fc81e0720a4a42581f334ad4303aa6b?s=96&d=mm&r=g\",\"contentUrl\":\"https:\\\/\\\/secure.gravatar.com\\\/avatar\\\/e0a867bdedb85fd243eadf09663511f96fc81e0720a4a42581f334ad4303aa6b?s=96&d=mm&r=g\",\"caption\":\"Reda\u00e7\u00e3o\"}}]}<\/script>\n<!-- \/ Yoast SEO plugin. -->","yoast_head_json":{"title":"Guar\u00e1 ter\u00e1 duas torres residenciais padr\u00e3o Classe A - Notibras","robots":{"index":"index","follow":"follow","max-snippet":"max-snippet:-1","max-image-preview":"max-image-preview:large","max-video-preview":"max-video-preview:-1"},"canonical":"https:\/\/www.notibras.com\/site\/guara-tera-duas-torres-residenciais-padrao-classe-a\/","og_locale":"pt_BR","og_type":"article","og_title":"Guar\u00e1 ter\u00e1 duas torres residenciais padr\u00e3o Classe A - Notibras","og_description":"A PaulOOctavio e a FHE\/Poupex v\u00e3o construir mais um edif\u00edcio em Bras\u00edlia. \u00c9 o Residencial Marechal Jos\u00e9 Pessoa, na QI 23 do Guar\u00e1 II, pr\u00f3ximo \u00e0 esta\u00e7\u00e3o de metr\u00f4 e \u00e0 Avenida Contorno. Ser\u00e1 composto por dois blocos e tr\u00eas modelos de apartamentos e coberturas lineares, com metragens de 71m\u00b2, 100m\u00b2 e 211m\u00b2 e dois [&hellip;]","og_url":"https:\/\/www.notibras.com\/site\/guara-tera-duas-torres-residenciais-padrao-classe-a\/","og_site_name":"Notibras","article_publisher":"https:\/\/www.facebook.com\/notibras\/","article_published_time":"2024-06-24T20:26:58+00:00","og_image":[{"width":1600,"height":900,"url":"https:\/\/www.notibras.com\/site\/wp-content\/uploads\/2024\/06\/30a1add2-6493-4d38-86f0-dc19d07939a3.jpeg","type":"image\/jpeg"}],"author":"Reda\u00e7\u00e3o","twitter_card":"summary_large_image","twitter_creator":"@Notibras","twitter_site":"@Notibras","twitter_misc":{"Escrito por":"Reda\u00e7\u00e3o","Est. tempo de leitura":"4 minutos"},"schema":{"@context":"https:\/\/schema.org","@graph":[{"@type":"Article","@id":"https:\/\/www.notibras.com\/site\/guara-tera-duas-torres-residenciais-padrao-classe-a\/#article","isPartOf":{"@id":"https:\/\/www.notibras.com\/site\/guara-tera-duas-torres-residenciais-padrao-classe-a\/"},"author":{"name":"Reda\u00e7\u00e3o","@id":"https:\/\/www.notibras.com\/site\/#\/schema\/person\/36ab0979449956132d3e5b517ea76ac8"},"headline":"Guar\u00e1 ter\u00e1 duas torres residenciais padr\u00e3o Classe A","datePublished":"2024-06-24T20:26:58+00:00","mainEntityOfPage":{"@id":"https:\/\/www.notibras.com\/site\/guara-tera-duas-torres-residenciais-padrao-classe-a\/"},"wordCount":660,"publisher":{"@id":"https:\/\/www.notibras.com\/site\/#organization"},"image":{"@id":"https:\/\/www.notibras.com\/site\/guara-tera-duas-torres-residenciais-padrao-classe-a\/#primaryimage"},"thumbnailUrl":"https:\/\/www.notibras.com\/site\/wp-content\/uploads\/2024\/06\/30a1add2-6493-4d38-86f0-dc19d07939a3.jpeg","articleSection":["Quadradinho em Foco"],"inLanguage":"pt-BR"},{"@type":"WebPage","@id":"https:\/\/www.notibras.com\/site\/guara-tera-duas-torres-residenciais-padrao-classe-a\/","url":"https:\/\/www.notibras.com\/site\/guara-tera-duas-torres-residenciais-padrao-classe-a\/","name":"Guar\u00e1 ter\u00e1 duas torres residenciais padr\u00e3o Classe A - Notibras","isPartOf":{"@id":"https:\/\/www.notibras.com\/site\/#website"},"primaryImageOfPage":{"@id":"https:\/\/www.notibras.com\/site\/guara-tera-duas-torres-residenciais-padrao-classe-a\/#primaryimage"},"image":{"@id":"https:\/\/www.notibras.com\/site\/guara-tera-duas-torres-residenciais-padrao-classe-a\/#primaryimage"},"thumbnailUrl":"https:\/\/www.notibras.com\/site\/wp-content\/uploads\/2024\/06\/30a1add2-6493-4d38-86f0-dc19d07939a3.jpeg","datePublished":"2024-06-24T20:26:58+00:00","breadcrumb":{"@id":"https:\/\/www.notibras.com\/site\/guara-tera-duas-torres-residenciais-padrao-classe-a\/#breadcrumb"},"inLanguage":"pt-BR","potentialAction":[{"@type":"ReadAction","target":["https:\/\/www.notibras.com\/site\/guara-tera-duas-torres-residenciais-padrao-classe-a\/"]}]},{"@type":"ImageObject","inLanguage":"pt-BR","@id":"https:\/\/www.notibras.com\/site\/guara-tera-duas-torres-residenciais-padrao-classe-a\/#primaryimage","url":"https:\/\/www.notibras.com\/site\/wp-content\/uploads\/2024\/06\/30a1add2-6493-4d38-86f0-dc19d07939a3.jpeg","contentUrl":"https:\/\/www.notibras.com\/site\/wp-content\/uploads\/2024\/06\/30a1add2-6493-4d38-86f0-dc19d07939a3.jpeg","width":1600,"height":900},{"@type":"BreadcrumbList","@id":"https:\/\/www.notibras.com\/site\/guara-tera-duas-torres-residenciais-padrao-classe-a\/#breadcrumb","itemListElement":[{"@type":"ListItem","position":1,"name":"In\u00edcio","item":"https:\/\/www.notibras.com\/site\/"},{"@type":"ListItem","position":2,"name":"Guar\u00e1 ter\u00e1 duas torres residenciais padr\u00e3o Classe A"}]},{"@type":"WebSite","@id":"https:\/\/www.notibras.com\/site\/#website","url":"https:\/\/www.notibras.com\/site\/","name":"Notibras","description":"Not\u00edcias de Bras\u00edlia, do Brasil e do Mundo","publisher":{"@id":"https:\/\/www.notibras.com\/site\/#organization"},"potentialAction":[{"@type":"SearchAction","target":{"@type":"EntryPoint","urlTemplate":"https:\/\/www.notibras.com\/site\/?s={search_term_string}"},"query-input":{"@type":"PropertyValueSpecification","valueRequired":true,"valueName":"search_term_string"}}],"inLanguage":"pt-BR"},{"@type":"Organization","@id":"https:\/\/www.notibras.com\/site\/#organization","name":"Grupo Notibras de Comunica\u00e7\u00e3o","url":"https:\/\/www.notibras.com\/site\/","logo":{"@type":"ImageObject","inLanguage":"pt-BR","@id":"https:\/\/www.notibras.com\/site\/#\/schema\/logo\/image\/","url":"https:\/\/www.notibras.com\/site\/wp-content\/uploads\/2023\/01\/notibras23.png","contentUrl":"https:\/\/www.notibras.com\/site\/wp-content\/uploads\/2023\/01\/notibras23.png","width":350,"height":87,"caption":"Grupo Notibras de Comunica\u00e7\u00e3o"},"image":{"@id":"https:\/\/www.notibras.com\/site\/#\/schema\/logo\/image\/"},"sameAs":["https:\/\/www.facebook.com\/notibras\/","https:\/\/x.com\/Notibras","https:\/\/www.instagram.com\/notibras\/"]},{"@type":"Person","@id":"https:\/\/www.notibras.com\/site\/#\/schema\/person\/36ab0979449956132d3e5b517ea76ac8","name":"Reda\u00e7\u00e3o","image":{"@type":"ImageObject","inLanguage":"pt-BR","@id":"https:\/\/secure.gravatar.com\/avatar\/e0a867bdedb85fd243eadf09663511f96fc81e0720a4a42581f334ad4303aa6b?s=96&d=mm&r=g","url":"https:\/\/secure.gravatar.com\/avatar\/e0a867bdedb85fd243eadf09663511f96fc81e0720a4a42581f334ad4303aa6b?s=96&d=mm&r=g","contentUrl":"https:\/\/secure.gravatar.com\/avatar\/e0a867bdedb85fd243eadf09663511f96fc81e0720a4a42581f334ad4303aa6b?s=96&d=mm&r=g","caption":"Reda\u00e7\u00e3o"}}]}},"amp_enabled":true,"_links":{"self":[{"href":"https:\/\/www.notibras.com\/site\/wp-json\/wp\/v2\/posts\/331446","targetHints":{"allow":["GET"]}}],"collection":[{"href":"https:\/\/www.notibras.com\/site\/wp-json\/wp\/v2\/posts"}],"about":[{"href":"https:\/\/www.notibras.com\/site\/wp-json\/wp\/v2\/types\/post"}],"author":[{"embeddable":true,"href":"https:\/\/www.notibras.com\/site\/wp-json\/wp\/v2\/users\/2"}],"replies":[{"embeddable":true,"href":"https:\/\/www.notibras.com\/site\/wp-json\/wp\/v2\/comments?post=331446"}],"version-history":[{"count":1,"href":"https:\/\/www.notibras.com\/site\/wp-json\/wp\/v2\/posts\/331446\/revisions"}],"predecessor-version":[{"id":331448,"href":"https:\/\/www.notibras.com\/site\/wp-json\/wp\/v2\/posts\/331446\/revisions\/331448"}],"wp:featuredmedia":[{"embeddable":true,"href":"https:\/\/www.notibras.com\/site\/wp-json\/wp\/v2\/media\/331447"}],"wp:attachment":[{"href":"https:\/\/www.notibras.com\/site\/wp-json\/wp\/v2\/media?parent=331446"}],"wp:term":[{"taxonomy":"category","embeddable":true,"href":"https:\/\/www.notibras.com\/site\/wp-json\/wp\/v2\/categories?post=331446"},{"taxonomy":"post_tag","embeddable":true,"href":"https:\/\/www.notibras.com\/site\/wp-json\/wp\/v2\/tags?post=331446"}],"curies":[{"name":"wp","href":"https:\/\/api.w.org\/{rel}","templated":true}]}}