{"id":33146,"date":"2015-01-06T19:47:52","date_gmt":"2015-01-06T22:47:52","guid":{"rendered":"http:\/\/www.notibras.com\/site\/?p=33146"},"modified":"2015-01-07T07:57:19","modified_gmt":"2015-01-07T10:57:19","slug":"governo-anuncia-reajuste-de-13-e-piso-de-professor-passa-para-1-mil-918","status":"publish","type":"post","link":"https:\/\/www.notibras.com\/site\/governo-anuncia-reajuste-de-13-e-piso-de-professor-passa-para-1-mil-918\/","title":{"rendered":"Governo reajusta piso de professor para R$ 1.917,78"},"content":{"rendered":"<div class=\"content\">\n<p>O Minist\u00e9rio da Educa\u00e7\u00e3o (MEC) informou que o piso salarial do magist\u00e9rio ter\u00e1 aumento de 13,01%. Com o reajuste, o sal\u00e1rio inicial passar\u00e1 para R$ 1.917,78 a partir deste m\u00eas. O c\u00e1lculo est\u00e1 previsto na Lei do Piso (Lei 11.738\/2008), que vincula o aumento ao percentual de crescimento do valor anual m\u00ednimo por aluno, referente aos anos iniciais do ensino fundamental urbano.<\/p>\n<p>O novo montante \u00e9 relativo ao sal\u00e1rio inicial dos professores de escola p\u00fablica, com forma\u00e7\u00e3o de n\u00edvel m\u00e9dio e jornada de trabalho de 40 horas semanais.<\/p>\n<p>Segundo o MEC, nos \u00faltimos dias, o ministro da Educa\u00e7\u00e3o, Cid Gomes, reuniu-se com representantes do Conselho Nacional de Secret\u00e1rios de Educa\u00e7\u00e3o (Consed), da Uni\u00e3o Nacional dos Dirigentes Municipais de Educa\u00e7\u00e3o (Undime) e da Confedera\u00e7\u00e3o Nacional dos Trabalhadores em Educa\u00e7\u00e3o (CNTE).<\/p>\n<p>De acordo com a lei, a corre\u00e7\u00e3o do piso reflete a varia\u00e7\u00e3o ocorrida no valor anual m\u00ednimo por aluno, definido nacionalmente pelo Fundo de Manuten\u00e7\u00e3o e Desenvolvimento da Educa\u00e7\u00e3o B\u00e1sica e de Valoriza\u00e7\u00e3o dos Profissionais da Educa\u00e7\u00e3o (Fundeb).<\/p>\n<p>O piso salarial subiu de R$ 950, em 2009, para R$ 1.024,67, em 2010, e R$ 1.187,14, em 2011, conforme n\u00fameros inclu\u00eddos no <em>site<\/em> do MEC. Em 2012, o valor vigente era R$ 1.451. Em 2013, o piso passou para R$ 1.567 e em 2014 foi reajustado para R$ 1.697. O maior reajuste foi registrado em 2012, com 22,22%.<\/p>\n<blockquote><p>Para Roberto Le\u00e3o, presidente da CNTE, o reajuste cumpre a lei, embora ainda n\u00e3o seja o &#8220;que consideramos melhor para os trabalhadores&#8221;. Segundo ele, a Lei do Piso \u00e9 &#8220;important\u00edssima para o cumprimento do PNE [Plano Nacional de Educa\u00e7\u00e3o]&#8221;. Uma das metas previstas no plano estabelece prazo de seis anos para equipara\u00e7\u00e3o do sal\u00e1rio dos professores ao dos demais profissionais com escolaridade equivalente. Conforme Le\u00e3o, o rendimento m\u00e9dio dos docentes representa aproximadamente 60% dos sal\u00e1rios m\u00e9dios dos demais profissionais.<\/p><\/blockquote>\n<p>Para a Confedera\u00e7\u00e3o Nacional de Munic\u00edpios (CNM), o aumento, que tem sido praticado acima da infla\u00e7\u00e3o, representar\u00e1 custo maior com a folha e menos investimentos em reformas e infraestrutura das escolas, al\u00e9m de outros itens fundamentais \u00e0 qualidade do ensino.<\/p>\n<p>&#8220;Com certeza, teremos munic\u00edpios e estados com dificuldade&#8221;, disse Cleuza Repulho, presidenta da Uni\u00e3o Nacional dos Dirigentes Municipais de Educa\u00e7\u00e3o (Undime). &#8220;Precisaremos da regulmenta\u00e7\u00e3o dos <em>royalties<\/em> do petr\u00f3leo e do PNE em funcionamento para garantir novos recusos. A arrecada\u00e7\u00e3o dos estados e munic\u00edpios foi menor que a esperada&#8221;, acrescentou.<\/p>\n<p>Segundo Cleuza, a entidade voltar\u00e1 a se reunir com o ministro at\u00e9 o fim do m\u00eas para cobrar maior participa\u00e7\u00e3o da Uni\u00e3o nos gastos dos entes federativos com educa\u00e7\u00e3o. Tamb\u00e9m pedir\u00e1 a retomada do grupo de trabalho para revis\u00e3o do reajuste do piso.<\/p>\n<p>A proposta da entidade \u00e9 que o reajuste leve em considera\u00e7\u00e3o a varia\u00e7\u00e3o do Fundeb e o \u00cdndice Nacional de Pre\u00e7os ao Consumidor (INPC), estabelecendo novos sal\u00e1rios intermedi\u00e1rios \u00e0s duas varia\u00e7\u00f5es. &#8220;Entendemos que n\u00e3o \u00e9 o que o professor precisa ganhar, mas agora n\u00e3o tem como ser um valor superior \u00e0 infla\u00e7\u00e3o&#8221;, concluiu Cleuza.<\/p>\n<header>\n<div class=\"node-info\"><strong>Mariana Tokarnia, ABr<\/strong><strong><br \/>\n<\/strong><\/div>\n<\/header>\n<\/div>\n","protected":false},"excerpt":{"rendered":"<p>O Minist\u00e9rio da Educa\u00e7\u00e3o (MEC) informou que o piso salarial do magist\u00e9rio ter\u00e1 aumento de 13,01%. Com o reajuste, o sal\u00e1rio inicial passar\u00e1 para R$ 1.917,78 a partir deste m\u00eas. O c\u00e1lculo est\u00e1 previsto na Lei do Piso (Lei 11.738\/2008), que vincula o aumento ao percentual de crescimento do valor anual m\u00ednimo por aluno, referente [&hellip;]<\/p>\n","protected":false},"author":2,"featured_media":33147,"comment_status":"open","ping_status":"closed","sticky":false,"template":"","format":"standard","meta":{"_acf_changed":false,"footnotes":""},"categories":[16],"tags":[],"class_list":["post-33146","post","type-post","status-publish","format-standard","has-post-thumbnail","hentry","category-brasil"],"acf":[],"yoast_head":"<!-- This site is optimized with the Yoast SEO plugin v27.2 - https:\/\/yoast.com\/product\/yoast-seo-wordpress\/ -->\n<title>Governo reajusta piso de professor para R$ 1.917,78 - Notibras<\/title>\n<meta name=\"robots\" content=\"index, follow, max-snippet:-1, max-image-preview:large, max-video-preview:-1\" \/>\n<link rel=\"canonical\" href=\"https:\/\/www.notibras.com\/site\/governo-anuncia-reajuste-de-13-e-piso-de-professor-passa-para-1-mil-918\/\" \/>\n<meta property=\"og:locale\" content=\"pt_BR\" \/>\n<meta property=\"og:type\" content=\"article\" \/>\n<meta property=\"og:title\" content=\"Governo reajusta piso de professor para R$ 1.917,78 - Notibras\" \/>\n<meta property=\"og:description\" content=\"O Minist\u00e9rio da Educa\u00e7\u00e3o (MEC) informou que o piso salarial do magist\u00e9rio ter\u00e1 aumento de 13,01%. Com o reajuste, o sal\u00e1rio inicial passar\u00e1 para R$ 1.917,78 a partir deste m\u00eas. O c\u00e1lculo est\u00e1 previsto na Lei do Piso (Lei 11.738\/2008), que vincula o aumento ao percentual de crescimento do valor anual m\u00ednimo por aluno, referente [&hellip;]\" \/>\n<meta property=\"og:url\" content=\"https:\/\/www.notibras.com\/site\/governo-anuncia-reajuste-de-13-e-piso-de-professor-passa-para-1-mil-918\/\" \/>\n<meta property=\"og:site_name\" content=\"Notibras\" \/>\n<meta property=\"article:publisher\" content=\"https:\/\/www.facebook.com\/notibras\/\" \/>\n<meta property=\"article:published_time\" content=\"2015-01-06T22:47:52+00:00\" \/>\n<meta property=\"article:modified_time\" content=\"2015-01-07T10:57:19+00:00\" \/>\n<meta property=\"og:image\" content=\"https:\/\/www.notibras.com\/site\/wp-content\/uploads\/2015\/01\/professor.jpg\" \/>\n\t<meta property=\"og:image:width\" content=\"1134\" \/>\n\t<meta property=\"og:image:height\" content=\"800\" \/>\n\t<meta property=\"og:image:type\" content=\"image\/jpeg\" \/>\n<meta name=\"author\" content=\"Reda\u00e7\u00e3o\" \/>\n<meta name=\"twitter:card\" content=\"summary_large_image\" \/>\n<meta name=\"twitter:creator\" content=\"@Notibras\" \/>\n<meta name=\"twitter:site\" content=\"@Notibras\" \/>\n<meta name=\"twitter:label1\" content=\"Escrito por\" \/>\n\t<meta name=\"twitter:data1\" content=\"Reda\u00e7\u00e3o\" \/>\n\t<meta name=\"twitter:label2\" content=\"Est. tempo de leitura\" \/>\n\t<meta name=\"twitter:data2\" content=\"3 minutos\" \/>\n<script type=\"application\/ld+json\" class=\"yoast-schema-graph\">{\"@context\":\"https:\/\/schema.org\",\"@graph\":[{\"@type\":\"Article\",\"@id\":\"https:\/\/www.notibras.com\/site\/governo-anuncia-reajuste-de-13-e-piso-de-professor-passa-para-1-mil-918\/#article\",\"isPartOf\":{\"@id\":\"https:\/\/www.notibras.com\/site\/governo-anuncia-reajuste-de-13-e-piso-de-professor-passa-para-1-mil-918\/\"},\"author\":{\"name\":\"Reda\u00e7\u00e3o\",\"@id\":\"https:\/\/www.notibras.com\/site\/#\/schema\/person\/36ab0979449956132d3e5b517ea76ac8\"},\"headline\":\"Governo reajusta piso de professor para R$ 1.917,78\",\"datePublished\":\"2015-01-06T22:47:52+00:00\",\"dateModified\":\"2015-01-07T10:57:19+00:00\",\"mainEntityOfPage\":{\"@id\":\"https:\/\/www.notibras.com\/site\/governo-anuncia-reajuste-de-13-e-piso-de-professor-passa-para-1-mil-918\/\"},\"wordCount\":541,\"commentCount\":0,\"publisher\":{\"@id\":\"https:\/\/www.notibras.com\/site\/#organization\"},\"image\":{\"@id\":\"https:\/\/www.notibras.com\/site\/governo-anuncia-reajuste-de-13-e-piso-de-professor-passa-para-1-mil-918\/#primaryimage\"},\"thumbnailUrl\":\"https:\/\/www.notibras.com\/site\/wp-content\/uploads\/2015\/01\/professor.jpg\",\"articleSection\":[\"Brasil\"],\"inLanguage\":\"pt-BR\",\"potentialAction\":[{\"@type\":\"CommentAction\",\"name\":\"Comment\",\"target\":[\"https:\/\/www.notibras.com\/site\/governo-anuncia-reajuste-de-13-e-piso-de-professor-passa-para-1-mil-918\/#respond\"]}]},{\"@type\":\"WebPage\",\"@id\":\"https:\/\/www.notibras.com\/site\/governo-anuncia-reajuste-de-13-e-piso-de-professor-passa-para-1-mil-918\/\",\"url\":\"https:\/\/www.notibras.com\/site\/governo-anuncia-reajuste-de-13-e-piso-de-professor-passa-para-1-mil-918\/\",\"name\":\"Governo reajusta piso de professor para R$ 1.917,78 - Notibras\",\"isPartOf\":{\"@id\":\"https:\/\/www.notibras.com\/site\/#website\"},\"primaryImageOfPage\":{\"@id\":\"https:\/\/www.notibras.com\/site\/governo-anuncia-reajuste-de-13-e-piso-de-professor-passa-para-1-mil-918\/#primaryimage\"},\"image\":{\"@id\":\"https:\/\/www.notibras.com\/site\/governo-anuncia-reajuste-de-13-e-piso-de-professor-passa-para-1-mil-918\/#primaryimage\"},\"thumbnailUrl\":\"https:\/\/www.notibras.com\/site\/wp-content\/uploads\/2015\/01\/professor.jpg\",\"datePublished\":\"2015-01-06T22:47:52+00:00\",\"dateModified\":\"2015-01-07T10:57:19+00:00\",\"breadcrumb\":{\"@id\":\"https:\/\/www.notibras.com\/site\/governo-anuncia-reajuste-de-13-e-piso-de-professor-passa-para-1-mil-918\/#breadcrumb\"},\"inLanguage\":\"pt-BR\",\"potentialAction\":[{\"@type\":\"ReadAction\",\"target\":[\"https:\/\/www.notibras.com\/site\/governo-anuncia-reajuste-de-13-e-piso-de-professor-passa-para-1-mil-918\/\"]}]},{\"@type\":\"ImageObject\",\"inLanguage\":\"pt-BR\",\"@id\":\"https:\/\/www.notibras.com\/site\/governo-anuncia-reajuste-de-13-e-piso-de-professor-passa-para-1-mil-918\/#primaryimage\",\"url\":\"https:\/\/www.notibras.com\/site\/wp-content\/uploads\/2015\/01\/professor.jpg\",\"contentUrl\":\"https:\/\/www.notibras.com\/site\/wp-content\/uploads\/2015\/01\/professor.jpg\",\"width\":1134,\"height\":800,\"caption\":\"Foto\/Arquivo Notibras\"},{\"@type\":\"BreadcrumbList\",\"@id\":\"https:\/\/www.notibras.com\/site\/governo-anuncia-reajuste-de-13-e-piso-de-professor-passa-para-1-mil-918\/#breadcrumb\",\"itemListElement\":[{\"@type\":\"ListItem\",\"position\":1,\"name\":\"In\u00edcio\",\"item\":\"https:\/\/www.notibras.com\/site\/\"},{\"@type\":\"ListItem\",\"position\":2,\"name\":\"Governo reajusta piso de professor para R$ 1.917,78\"}]},{\"@type\":\"WebSite\",\"@id\":\"https:\/\/www.notibras.com\/site\/#website\",\"url\":\"https:\/\/www.notibras.com\/site\/\",\"name\":\"Notibras\",\"description\":\"Not\u00edcias de Bras\u00edlia, do Brasil e do Mundo\",\"publisher\":{\"@id\":\"https:\/\/www.notibras.com\/site\/#organization\"},\"potentialAction\":[{\"@type\":\"SearchAction\",\"target\":{\"@type\":\"EntryPoint\",\"urlTemplate\":\"https:\/\/www.notibras.com\/site\/?s={search_term_string}\"},\"query-input\":{\"@type\":\"PropertyValueSpecification\",\"valueRequired\":true,\"valueName\":\"search_term_string\"}}],\"inLanguage\":\"pt-BR\"},{\"@type\":\"Organization\",\"@id\":\"https:\/\/www.notibras.com\/site\/#organization\",\"name\":\"Grupo Notibras de Comunica\u00e7\u00e3o\",\"url\":\"https:\/\/www.notibras.com\/site\/\",\"logo\":{\"@type\":\"ImageObject\",\"inLanguage\":\"pt-BR\",\"@id\":\"https:\/\/www.notibras.com\/site\/#\/schema\/logo\/image\/\",\"url\":\"https:\/\/www.notibras.com\/site\/wp-content\/uploads\/2023\/01\/notibras23.png\",\"contentUrl\":\"https:\/\/www.notibras.com\/site\/wp-content\/uploads\/2023\/01\/notibras23.png\",\"width\":350,\"height\":87,\"caption\":\"Grupo Notibras de Comunica\u00e7\u00e3o\"},\"image\":{\"@id\":\"https:\/\/www.notibras.com\/site\/#\/schema\/logo\/image\/\"},\"sameAs\":[\"https:\/\/www.facebook.com\/notibras\/\",\"https:\/\/x.com\/Notibras\",\"https:\/\/www.instagram.com\/notibras\/\"]},{\"@type\":\"Person\",\"@id\":\"https:\/\/www.notibras.com\/site\/#\/schema\/person\/36ab0979449956132d3e5b517ea76ac8\",\"name\":\"Reda\u00e7\u00e3o\",\"image\":{\"@type\":\"ImageObject\",\"inLanguage\":\"pt-BR\",\"@id\":\"https:\/\/secure.gravatar.com\/avatar\/e0a867bdedb85fd243eadf09663511f96fc81e0720a4a42581f334ad4303aa6b?s=96&d=mm&r=g\",\"url\":\"https:\/\/secure.gravatar.com\/avatar\/e0a867bdedb85fd243eadf09663511f96fc81e0720a4a42581f334ad4303aa6b?s=96&d=mm&r=g\",\"contentUrl\":\"https:\/\/secure.gravatar.com\/avatar\/e0a867bdedb85fd243eadf09663511f96fc81e0720a4a42581f334ad4303aa6b?s=96&d=mm&r=g\",\"caption\":\"Reda\u00e7\u00e3o\"}}]}<\/script>\n<!-- \/ Yoast SEO plugin. -->","yoast_head_json":{"title":"Governo reajusta piso de professor para R$ 1.917,78 - Notibras","robots":{"index":"index","follow":"follow","max-snippet":"max-snippet:-1","max-image-preview":"max-image-preview:large","max-video-preview":"max-video-preview:-1"},"canonical":"https:\/\/www.notibras.com\/site\/governo-anuncia-reajuste-de-13-e-piso-de-professor-passa-para-1-mil-918\/","og_locale":"pt_BR","og_type":"article","og_title":"Governo reajusta piso de professor para R$ 1.917,78 - Notibras","og_description":"O Minist\u00e9rio da Educa\u00e7\u00e3o (MEC) informou que o piso salarial do magist\u00e9rio ter\u00e1 aumento de 13,01%. Com o reajuste, o sal\u00e1rio inicial passar\u00e1 para R$ 1.917,78 a partir deste m\u00eas. O c\u00e1lculo est\u00e1 previsto na Lei do Piso (Lei 11.738\/2008), que vincula o aumento ao percentual de crescimento do valor anual m\u00ednimo por aluno, referente [&hellip;]","og_url":"https:\/\/www.notibras.com\/site\/governo-anuncia-reajuste-de-13-e-piso-de-professor-passa-para-1-mil-918\/","og_site_name":"Notibras","article_publisher":"https:\/\/www.facebook.com\/notibras\/","article_published_time":"2015-01-06T22:47:52+00:00","article_modified_time":"2015-01-07T10:57:19+00:00","og_image":[{"width":1134,"height":800,"url":"https:\/\/www.notibras.com\/site\/wp-content\/uploads\/2015\/01\/professor.jpg","type":"image\/jpeg"}],"author":"Reda\u00e7\u00e3o","twitter_card":"summary_large_image","twitter_creator":"@Notibras","twitter_site":"@Notibras","twitter_misc":{"Escrito por":"Reda\u00e7\u00e3o","Est. tempo de leitura":"3 minutos"},"schema":{"@context":"https:\/\/schema.org","@graph":[{"@type":"Article","@id":"https:\/\/www.notibras.com\/site\/governo-anuncia-reajuste-de-13-e-piso-de-professor-passa-para-1-mil-918\/#article","isPartOf":{"@id":"https:\/\/www.notibras.com\/site\/governo-anuncia-reajuste-de-13-e-piso-de-professor-passa-para-1-mil-918\/"},"author":{"name":"Reda\u00e7\u00e3o","@id":"https:\/\/www.notibras.com\/site\/#\/schema\/person\/36ab0979449956132d3e5b517ea76ac8"},"headline":"Governo reajusta piso de professor para R$ 1.917,78","datePublished":"2015-01-06T22:47:52+00:00","dateModified":"2015-01-07T10:57:19+00:00","mainEntityOfPage":{"@id":"https:\/\/www.notibras.com\/site\/governo-anuncia-reajuste-de-13-e-piso-de-professor-passa-para-1-mil-918\/"},"wordCount":541,"commentCount":0,"publisher":{"@id":"https:\/\/www.notibras.com\/site\/#organization"},"image":{"@id":"https:\/\/www.notibras.com\/site\/governo-anuncia-reajuste-de-13-e-piso-de-professor-passa-para-1-mil-918\/#primaryimage"},"thumbnailUrl":"https:\/\/www.notibras.com\/site\/wp-content\/uploads\/2015\/01\/professor.jpg","articleSection":["Brasil"],"inLanguage":"pt-BR","potentialAction":[{"@type":"CommentAction","name":"Comment","target":["https:\/\/www.notibras.com\/site\/governo-anuncia-reajuste-de-13-e-piso-de-professor-passa-para-1-mil-918\/#respond"]}]},{"@type":"WebPage","@id":"https:\/\/www.notibras.com\/site\/governo-anuncia-reajuste-de-13-e-piso-de-professor-passa-para-1-mil-918\/","url":"https:\/\/www.notibras.com\/site\/governo-anuncia-reajuste-de-13-e-piso-de-professor-passa-para-1-mil-918\/","name":"Governo reajusta piso de professor para R$ 1.917,78 - Notibras","isPartOf":{"@id":"https:\/\/www.notibras.com\/site\/#website"},"primaryImageOfPage":{"@id":"https:\/\/www.notibras.com\/site\/governo-anuncia-reajuste-de-13-e-piso-de-professor-passa-para-1-mil-918\/#primaryimage"},"image":{"@id":"https:\/\/www.notibras.com\/site\/governo-anuncia-reajuste-de-13-e-piso-de-professor-passa-para-1-mil-918\/#primaryimage"},"thumbnailUrl":"https:\/\/www.notibras.com\/site\/wp-content\/uploads\/2015\/01\/professor.jpg","datePublished":"2015-01-06T22:47:52+00:00","dateModified":"2015-01-07T10:57:19+00:00","breadcrumb":{"@id":"https:\/\/www.notibras.com\/site\/governo-anuncia-reajuste-de-13-e-piso-de-professor-passa-para-1-mil-918\/#breadcrumb"},"inLanguage":"pt-BR","potentialAction":[{"@type":"ReadAction","target":["https:\/\/www.notibras.com\/site\/governo-anuncia-reajuste-de-13-e-piso-de-professor-passa-para-1-mil-918\/"]}]},{"@type":"ImageObject","inLanguage":"pt-BR","@id":"https:\/\/www.notibras.com\/site\/governo-anuncia-reajuste-de-13-e-piso-de-professor-passa-para-1-mil-918\/#primaryimage","url":"https:\/\/www.notibras.com\/site\/wp-content\/uploads\/2015\/01\/professor.jpg","contentUrl":"https:\/\/www.notibras.com\/site\/wp-content\/uploads\/2015\/01\/professor.jpg","width":1134,"height":800,"caption":"Foto\/Arquivo Notibras"},{"@type":"BreadcrumbList","@id":"https:\/\/www.notibras.com\/site\/governo-anuncia-reajuste-de-13-e-piso-de-professor-passa-para-1-mil-918\/#breadcrumb","itemListElement":[{"@type":"ListItem","position":1,"name":"In\u00edcio","item":"https:\/\/www.notibras.com\/site\/"},{"@type":"ListItem","position":2,"name":"Governo reajusta piso de professor para R$ 1.917,78"}]},{"@type":"WebSite","@id":"https:\/\/www.notibras.com\/site\/#website","url":"https:\/\/www.notibras.com\/site\/","name":"Notibras","description":"Not\u00edcias de Bras\u00edlia, do Brasil e do Mundo","publisher":{"@id":"https:\/\/www.notibras.com\/site\/#organization"},"potentialAction":[{"@type":"SearchAction","target":{"@type":"EntryPoint","urlTemplate":"https:\/\/www.notibras.com\/site\/?s={search_term_string}"},"query-input":{"@type":"PropertyValueSpecification","valueRequired":true,"valueName":"search_term_string"}}],"inLanguage":"pt-BR"},{"@type":"Organization","@id":"https:\/\/www.notibras.com\/site\/#organization","name":"Grupo Notibras de Comunica\u00e7\u00e3o","url":"https:\/\/www.notibras.com\/site\/","logo":{"@type":"ImageObject","inLanguage":"pt-BR","@id":"https:\/\/www.notibras.com\/site\/#\/schema\/logo\/image\/","url":"https:\/\/www.notibras.com\/site\/wp-content\/uploads\/2023\/01\/notibras23.png","contentUrl":"https:\/\/www.notibras.com\/site\/wp-content\/uploads\/2023\/01\/notibras23.png","width":350,"height":87,"caption":"Grupo Notibras de Comunica\u00e7\u00e3o"},"image":{"@id":"https:\/\/www.notibras.com\/site\/#\/schema\/logo\/image\/"},"sameAs":["https:\/\/www.facebook.com\/notibras\/","https:\/\/x.com\/Notibras","https:\/\/www.instagram.com\/notibras\/"]},{"@type":"Person","@id":"https:\/\/www.notibras.com\/site\/#\/schema\/person\/36ab0979449956132d3e5b517ea76ac8","name":"Reda\u00e7\u00e3o","image":{"@type":"ImageObject","inLanguage":"pt-BR","@id":"https:\/\/secure.gravatar.com\/avatar\/e0a867bdedb85fd243eadf09663511f96fc81e0720a4a42581f334ad4303aa6b?s=96&d=mm&r=g","url":"https:\/\/secure.gravatar.com\/avatar\/e0a867bdedb85fd243eadf09663511f96fc81e0720a4a42581f334ad4303aa6b?s=96&d=mm&r=g","contentUrl":"https:\/\/secure.gravatar.com\/avatar\/e0a867bdedb85fd243eadf09663511f96fc81e0720a4a42581f334ad4303aa6b?s=96&d=mm&r=g","caption":"Reda\u00e7\u00e3o"}}]}},"amp_enabled":true,"_links":{"self":[{"href":"https:\/\/www.notibras.com\/site\/wp-json\/wp\/v2\/posts\/33146","targetHints":{"allow":["GET"]}}],"collection":[{"href":"https:\/\/www.notibras.com\/site\/wp-json\/wp\/v2\/posts"}],"about":[{"href":"https:\/\/www.notibras.com\/site\/wp-json\/wp\/v2\/types\/post"}],"author":[{"embeddable":true,"href":"https:\/\/www.notibras.com\/site\/wp-json\/wp\/v2\/users\/2"}],"replies":[{"embeddable":true,"href":"https:\/\/www.notibras.com\/site\/wp-json\/wp\/v2\/comments?post=33146"}],"version-history":[{"count":0,"href":"https:\/\/www.notibras.com\/site\/wp-json\/wp\/v2\/posts\/33146\/revisions"}],"wp:featuredmedia":[{"embeddable":true,"href":"https:\/\/www.notibras.com\/site\/wp-json\/wp\/v2\/media\/33147"}],"wp:attachment":[{"href":"https:\/\/www.notibras.com\/site\/wp-json\/wp\/v2\/media?parent=33146"}],"wp:term":[{"taxonomy":"category","embeddable":true,"href":"https:\/\/www.notibras.com\/site\/wp-json\/wp\/v2\/categories?post=33146"},{"taxonomy":"post_tag","embeddable":true,"href":"https:\/\/www.notibras.com\/site\/wp-json\/wp\/v2\/tags?post=33146"}],"curies":[{"name":"wp","href":"https:\/\/api.w.org\/{rel}","templated":true}]}}