{"id":331477,"date":"2024-06-25T07:20:25","date_gmt":"2024-06-25T10:20:25","guid":{"rendered":"https:\/\/www.notibras.com\/site\/?p=331477"},"modified":"2024-06-25T08:35:37","modified_gmt":"2024-06-25T11:35:37","slug":"nossa-gente-repleta-de-imaginacao-vive-do-passado","status":"publish","type":"post","link":"https:\/\/www.notibras.com\/site\/nossa-gente-repleta-de-imaginacao-vive-do-passado\/","title":{"rendered":"Nossa gente repleta de imagina\u00e7\u00e3o vive do passado"},"content":{"rendered":"<p>Aquela gente era cheia de imagina\u00e7\u00e3o. Se algu\u00e9m mais perspicaz parasse um pouco para pensar, logo perceberia que tudo aquilo n\u00e3o passava de devaneio. No m\u00ednimo, exagero.<\/p>\n<p>\u00c9 verdade que atravessaram o Atl\u00e2ntico. Bem, com lobos ferozes nos calcanhares, o abismo parece ser a melhor solu\u00e7\u00e3o. E foi o que os antepassados daquela gente fizeram. Cheios de vontades e coragens, tiveram a petul\u00e2ncia de sobreviver, quase nunca de viver.<\/p>\n<p>Pior mesmo foi o que os ascendentes daquela outra gente passaram. Nem vontades, nem coragens, apenas resili\u00eancias e teimosias. Costas marcadas, o couro se fez grosso. Que fosse assim ou fosse assim mesmo. N\u00e3o tinha jeito, pois o jeito era esse e acabou.<\/p>\n<p>N\u00e3o nos esque\u00e7amos daqueles antigos, cujos descendentes quase desapareceram. Que litoral n\u00e3o era lugar para aquela gente. Que sa\u00edsse enquanto havia sobrevivente. Terreno em frente \u00e0 praia \u00e9 para gente que trabalha, gente que nem aquela gente, que continua cheia de imagina\u00e7\u00e3o.<\/p>\n<p>At\u00e9 quando, minha gente, aquela gente, que n\u00e3o se cansa de exaltar que s\u00e3o descendentes, vai querer manter apagada a mem\u00f3ria de tanta gente, seja gente for\u00e7ada, seja gente que j\u00e1 estava por aqui?<\/p>\n<p><strong>*Eduardo Mart\u00ednez \u00e9 autor do livro \u201c57 Contos e Cr\u00f4nicas por um Autor muito Velho\u201d.<\/strong><\/p>\n<p>Compre aqui\u00a0<span class=\"x19la9d6 x1fc57z9 x6ikm8r x10wlt62 x19co3pv x1g5zs5t xfibh0p xiy17q3 x1xsqp64 x1lkfr7t xexx8yu x4uap5 x18d9i69 xkhd6sd\"><span class=\"xrtxmta x1bhl96m\"><img decoding=\"async\" class=\"emoji\" role=\"img\" draggable=\"false\" src=\"https:\/\/s.w.org\/images\/core\/emoji\/14.0.0\/svg\/1f447-1f3ff.svg\" alt=\"&#x1f447;&#x1f3ff;\" \/><\/span><\/span><span class=\"x19la9d6 x1fc57z9 x6ikm8r x10wlt62 x19co3pv x1g5zs5t xfibh0p xiy17q3 x1xsqp64 x1lkfr7t xexx8yu x4uap5 x18d9i69 xkhd6sd\"><span class=\"xrtxmta x1bhl96m\"><img decoding=\"async\" class=\"emoji\" role=\"img\" draggable=\"false\" src=\"https:\/\/s.w.org\/images\/core\/emoji\/14.0.0\/svg\/1f447-1f3ff.svg\" alt=\"&#x1f447;&#x1f3ff;\" \/><\/span><\/span><span class=\"x19la9d6 x1fc57z9 x6ikm8r x10wlt62 x19co3pv x1g5zs5t xfibh0p xiy17q3 x1xsqp64 x1lkfr7t xexx8yu x4uap5 x18d9i69 xkhd6sd\"><span class=\"xrtxmta x1bhl96m\"><img decoding=\"async\" class=\"emoji\" role=\"img\" draggable=\"false\" src=\"https:\/\/s.w.org\/images\/core\/emoji\/14.0.0\/svg\/1f447-1f3ff.svg\" alt=\"&#x1f447;&#x1f3ff;\" \/><\/span><\/span><\/p>\n<p><a href=\"http:\/\/www.joanineditora.com.br\/57-contos-e-cronicas-por-um-autor-muito-velho\">http:\/\/www.joanineditora.com.br\/57-contos-e-cronicas-por-um-autor-muito-velho<\/a><\/p>\n","protected":false},"excerpt":{"rendered":"<p>Aquela gente era cheia de imagina\u00e7\u00e3o. Se algu\u00e9m mais perspicaz parasse um pouco para pensar, logo perceberia que tudo aquilo n\u00e3o passava de devaneio. No m\u00ednimo, exagero. \u00c9 verdade que atravessaram o Atl\u00e2ntico. Bem, com lobos ferozes nos calcanhares, o abismo parece ser a melhor solu\u00e7\u00e3o. E foi o que os antepassados daquela gente fizeram. [&hellip;]<\/p>\n","protected":false},"author":2,"featured_media":331478,"comment_status":"closed","ping_status":"closed","sticky":false,"template":"","format":"standard","meta":{"_acf_changed":false,"footnotes":""},"categories":[161],"tags":[],"class_list":["post-331477","post","type-post","status-publish","format-standard","has-post-thumbnail","hentry","category-quadradinho-em-foco"],"acf":[],"yoast_head":"<!-- This site is optimized with the Yoast SEO plugin v27.5 - https:\/\/yoast.com\/product\/yoast-seo-wordpress\/ -->\n<title>Nossa gente repleta de imagina\u00e7\u00e3o vive do passado - Notibras<\/title>\n<meta name=\"robots\" content=\"index, follow, max-snippet:-1, max-image-preview:large, max-video-preview:-1\" \/>\n<link rel=\"canonical\" href=\"https:\/\/www.notibras.com\/site\/nossa-gente-repleta-de-imaginacao-vive-do-passado\/\" \/>\n<meta property=\"og:locale\" content=\"pt_BR\" \/>\n<meta property=\"og:type\" content=\"article\" \/>\n<meta property=\"og:title\" content=\"Nossa gente repleta de imagina\u00e7\u00e3o vive do passado - Notibras\" \/>\n<meta property=\"og:description\" content=\"Aquela gente era cheia de imagina\u00e7\u00e3o. Se algu\u00e9m mais perspicaz parasse um pouco para pensar, logo perceberia que tudo aquilo n\u00e3o passava de devaneio. No m\u00ednimo, exagero. \u00c9 verdade que atravessaram o Atl\u00e2ntico. Bem, com lobos ferozes nos calcanhares, o abismo parece ser a melhor solu\u00e7\u00e3o. E foi o que os antepassados daquela gente fizeram. [&hellip;]\" \/>\n<meta property=\"og:url\" content=\"https:\/\/www.notibras.com\/site\/nossa-gente-repleta-de-imaginacao-vive-do-passado\/\" \/>\n<meta property=\"og:site_name\" content=\"Notibras\" \/>\n<meta property=\"article:publisher\" content=\"https:\/\/www.facebook.com\/notibras\/\" \/>\n<meta property=\"article:published_time\" content=\"2024-06-25T10:20:25+00:00\" \/>\n<meta property=\"article:modified_time\" content=\"2024-06-25T11:35:37+00:00\" \/>\n<meta property=\"og:image\" content=\"https:\/\/www.notibras.com\/site\/wp-content\/uploads\/2024\/06\/ea18c4a4-9a0f-4121-9674-6546ff8c1abd.jpeg\" \/>\n\t<meta property=\"og:image:width\" content=\"511\" \/>\n\t<meta property=\"og:image:height\" content=\"476\" \/>\n\t<meta property=\"og:image:type\" content=\"image\/jpeg\" \/>\n<meta name=\"author\" content=\"Reda\u00e7\u00e3o\" \/>\n<meta name=\"twitter:card\" content=\"summary_large_image\" \/>\n<meta name=\"twitter:creator\" content=\"@Notibras\" \/>\n<meta name=\"twitter:site\" content=\"@Notibras\" \/>\n<meta name=\"twitter:label1\" content=\"Escrito por\" \/>\n\t<meta name=\"twitter:data1\" content=\"Reda\u00e7\u00e3o\" \/>\n\t<meta name=\"twitter:label2\" content=\"Est. tempo de leitura\" \/>\n\t<meta name=\"twitter:data2\" content=\"2 minutos\" \/>\n<script type=\"application\/ld+json\" class=\"yoast-schema-graph\">{\"@context\":\"https:\\\/\\\/schema.org\",\"@graph\":[{\"@type\":\"Article\",\"@id\":\"https:\\\/\\\/www.notibras.com\\\/site\\\/nossa-gente-repleta-de-imaginacao-vive-do-passado\\\/#article\",\"isPartOf\":{\"@id\":\"https:\\\/\\\/www.notibras.com\\\/site\\\/nossa-gente-repleta-de-imaginacao-vive-do-passado\\\/\"},\"author\":{\"name\":\"Reda\u00e7\u00e3o\",\"@id\":\"https:\\\/\\\/www.notibras.com\\\/site\\\/#\\\/schema\\\/person\\\/36ab0979449956132d3e5b517ea76ac8\"},\"headline\":\"Nossa gente repleta de imagina\u00e7\u00e3o vive do passado\",\"datePublished\":\"2024-06-25T10:20:25+00:00\",\"dateModified\":\"2024-06-25T11:35:37+00:00\",\"mainEntityOfPage\":{\"@id\":\"https:\\\/\\\/www.notibras.com\\\/site\\\/nossa-gente-repleta-de-imaginacao-vive-do-passado\\\/\"},\"wordCount\":235,\"publisher\":{\"@id\":\"https:\\\/\\\/www.notibras.com\\\/site\\\/#organization\"},\"image\":{\"@id\":\"https:\\\/\\\/www.notibras.com\\\/site\\\/nossa-gente-repleta-de-imaginacao-vive-do-passado\\\/#primaryimage\"},\"thumbnailUrl\":\"https:\\\/\\\/www.notibras.com\\\/site\\\/wp-content\\\/uploads\\\/2024\\\/06\\\/ea18c4a4-9a0f-4121-9674-6546ff8c1abd.jpeg\",\"articleSection\":[\"Quadradinho em Foco\"],\"inLanguage\":\"pt-BR\"},{\"@type\":\"WebPage\",\"@id\":\"https:\\\/\\\/www.notibras.com\\\/site\\\/nossa-gente-repleta-de-imaginacao-vive-do-passado\\\/\",\"url\":\"https:\\\/\\\/www.notibras.com\\\/site\\\/nossa-gente-repleta-de-imaginacao-vive-do-passado\\\/\",\"name\":\"Nossa gente repleta de imagina\u00e7\u00e3o vive do passado - Notibras\",\"isPartOf\":{\"@id\":\"https:\\\/\\\/www.notibras.com\\\/site\\\/#website\"},\"primaryImageOfPage\":{\"@id\":\"https:\\\/\\\/www.notibras.com\\\/site\\\/nossa-gente-repleta-de-imaginacao-vive-do-passado\\\/#primaryimage\"},\"image\":{\"@id\":\"https:\\\/\\\/www.notibras.com\\\/site\\\/nossa-gente-repleta-de-imaginacao-vive-do-passado\\\/#primaryimage\"},\"thumbnailUrl\":\"https:\\\/\\\/www.notibras.com\\\/site\\\/wp-content\\\/uploads\\\/2024\\\/06\\\/ea18c4a4-9a0f-4121-9674-6546ff8c1abd.jpeg\",\"datePublished\":\"2024-06-25T10:20:25+00:00\",\"dateModified\":\"2024-06-25T11:35:37+00:00\",\"breadcrumb\":{\"@id\":\"https:\\\/\\\/www.notibras.com\\\/site\\\/nossa-gente-repleta-de-imaginacao-vive-do-passado\\\/#breadcrumb\"},\"inLanguage\":\"pt-BR\",\"potentialAction\":[{\"@type\":\"ReadAction\",\"target\":[\"https:\\\/\\\/www.notibras.com\\\/site\\\/nossa-gente-repleta-de-imaginacao-vive-do-passado\\\/\"]}]},{\"@type\":\"ImageObject\",\"inLanguage\":\"pt-BR\",\"@id\":\"https:\\\/\\\/www.notibras.com\\\/site\\\/nossa-gente-repleta-de-imaginacao-vive-do-passado\\\/#primaryimage\",\"url\":\"https:\\\/\\\/www.notibras.com\\\/site\\\/wp-content\\\/uploads\\\/2024\\\/06\\\/ea18c4a4-9a0f-4121-9674-6546ff8c1abd.jpeg\",\"contentUrl\":\"https:\\\/\\\/www.notibras.com\\\/site\\\/wp-content\\\/uploads\\\/2024\\\/06\\\/ea18c4a4-9a0f-4121-9674-6546ff8c1abd.jpeg\",\"width\":511,\"height\":476},{\"@type\":\"BreadcrumbList\",\"@id\":\"https:\\\/\\\/www.notibras.com\\\/site\\\/nossa-gente-repleta-de-imaginacao-vive-do-passado\\\/#breadcrumb\",\"itemListElement\":[{\"@type\":\"ListItem\",\"position\":1,\"name\":\"In\u00edcio\",\"item\":\"https:\\\/\\\/www.notibras.com\\\/site\\\/\"},{\"@type\":\"ListItem\",\"position\":2,\"name\":\"Nossa gente repleta de imagina\u00e7\u00e3o vive do passado\"}]},{\"@type\":\"WebSite\",\"@id\":\"https:\\\/\\\/www.notibras.com\\\/site\\\/#website\",\"url\":\"https:\\\/\\\/www.notibras.com\\\/site\\\/\",\"name\":\"Notibras\",\"description\":\"Not\u00edcias de Bras\u00edlia, do Brasil e do Mundo\",\"publisher\":{\"@id\":\"https:\\\/\\\/www.notibras.com\\\/site\\\/#organization\"},\"potentialAction\":[{\"@type\":\"SearchAction\",\"target\":{\"@type\":\"EntryPoint\",\"urlTemplate\":\"https:\\\/\\\/www.notibras.com\\\/site\\\/?s={search_term_string}\"},\"query-input\":{\"@type\":\"PropertyValueSpecification\",\"valueRequired\":true,\"valueName\":\"search_term_string\"}}],\"inLanguage\":\"pt-BR\"},{\"@type\":\"Organization\",\"@id\":\"https:\\\/\\\/www.notibras.com\\\/site\\\/#organization\",\"name\":\"Grupo Notibras de Comunica\u00e7\u00e3o\",\"url\":\"https:\\\/\\\/www.notibras.com\\\/site\\\/\",\"logo\":{\"@type\":\"ImageObject\",\"inLanguage\":\"pt-BR\",\"@id\":\"https:\\\/\\\/www.notibras.com\\\/site\\\/#\\\/schema\\\/logo\\\/image\\\/\",\"url\":\"https:\\\/\\\/www.notibras.com\\\/site\\\/wp-content\\\/uploads\\\/2023\\\/01\\\/notibras23.png\",\"contentUrl\":\"https:\\\/\\\/www.notibras.com\\\/site\\\/wp-content\\\/uploads\\\/2023\\\/01\\\/notibras23.png\",\"width\":350,\"height\":87,\"caption\":\"Grupo Notibras de Comunica\u00e7\u00e3o\"},\"image\":{\"@id\":\"https:\\\/\\\/www.notibras.com\\\/site\\\/#\\\/schema\\\/logo\\\/image\\\/\"},\"sameAs\":[\"https:\\\/\\\/www.facebook.com\\\/notibras\\\/\",\"https:\\\/\\\/x.com\\\/Notibras\",\"https:\\\/\\\/www.instagram.com\\\/notibras\\\/\"]},{\"@type\":\"Person\",\"@id\":\"https:\\\/\\\/www.notibras.com\\\/site\\\/#\\\/schema\\\/person\\\/36ab0979449956132d3e5b517ea76ac8\",\"name\":\"Reda\u00e7\u00e3o\",\"image\":{\"@type\":\"ImageObject\",\"inLanguage\":\"pt-BR\",\"@id\":\"https:\\\/\\\/secure.gravatar.com\\\/avatar\\\/e0a867bdedb85fd243eadf09663511f96fc81e0720a4a42581f334ad4303aa6b?s=96&d=mm&r=g\",\"url\":\"https:\\\/\\\/secure.gravatar.com\\\/avatar\\\/e0a867bdedb85fd243eadf09663511f96fc81e0720a4a42581f334ad4303aa6b?s=96&d=mm&r=g\",\"contentUrl\":\"https:\\\/\\\/secure.gravatar.com\\\/avatar\\\/e0a867bdedb85fd243eadf09663511f96fc81e0720a4a42581f334ad4303aa6b?s=96&d=mm&r=g\",\"caption\":\"Reda\u00e7\u00e3o\"}}]}<\/script>\n<!-- \/ Yoast SEO plugin. -->","yoast_head_json":{"title":"Nossa gente repleta de imagina\u00e7\u00e3o vive do passado - Notibras","robots":{"index":"index","follow":"follow","max-snippet":"max-snippet:-1","max-image-preview":"max-image-preview:large","max-video-preview":"max-video-preview:-1"},"canonical":"https:\/\/www.notibras.com\/site\/nossa-gente-repleta-de-imaginacao-vive-do-passado\/","og_locale":"pt_BR","og_type":"article","og_title":"Nossa gente repleta de imagina\u00e7\u00e3o vive do passado - Notibras","og_description":"Aquela gente era cheia de imagina\u00e7\u00e3o. Se algu\u00e9m mais perspicaz parasse um pouco para pensar, logo perceberia que tudo aquilo n\u00e3o passava de devaneio. No m\u00ednimo, exagero. \u00c9 verdade que atravessaram o Atl\u00e2ntico. Bem, com lobos ferozes nos calcanhares, o abismo parece ser a melhor solu\u00e7\u00e3o. E foi o que os antepassados daquela gente fizeram. [&hellip;]","og_url":"https:\/\/www.notibras.com\/site\/nossa-gente-repleta-de-imaginacao-vive-do-passado\/","og_site_name":"Notibras","article_publisher":"https:\/\/www.facebook.com\/notibras\/","article_published_time":"2024-06-25T10:20:25+00:00","article_modified_time":"2024-06-25T11:35:37+00:00","og_image":[{"width":511,"height":476,"url":"https:\/\/www.notibras.com\/site\/wp-content\/uploads\/2024\/06\/ea18c4a4-9a0f-4121-9674-6546ff8c1abd.jpeg","type":"image\/jpeg"}],"author":"Reda\u00e7\u00e3o","twitter_card":"summary_large_image","twitter_creator":"@Notibras","twitter_site":"@Notibras","twitter_misc":{"Escrito por":"Reda\u00e7\u00e3o","Est. tempo de leitura":"2 minutos"},"schema":{"@context":"https:\/\/schema.org","@graph":[{"@type":"Article","@id":"https:\/\/www.notibras.com\/site\/nossa-gente-repleta-de-imaginacao-vive-do-passado\/#article","isPartOf":{"@id":"https:\/\/www.notibras.com\/site\/nossa-gente-repleta-de-imaginacao-vive-do-passado\/"},"author":{"name":"Reda\u00e7\u00e3o","@id":"https:\/\/www.notibras.com\/site\/#\/schema\/person\/36ab0979449956132d3e5b517ea76ac8"},"headline":"Nossa gente repleta de imagina\u00e7\u00e3o vive do passado","datePublished":"2024-06-25T10:20:25+00:00","dateModified":"2024-06-25T11:35:37+00:00","mainEntityOfPage":{"@id":"https:\/\/www.notibras.com\/site\/nossa-gente-repleta-de-imaginacao-vive-do-passado\/"},"wordCount":235,"publisher":{"@id":"https:\/\/www.notibras.com\/site\/#organization"},"image":{"@id":"https:\/\/www.notibras.com\/site\/nossa-gente-repleta-de-imaginacao-vive-do-passado\/#primaryimage"},"thumbnailUrl":"https:\/\/www.notibras.com\/site\/wp-content\/uploads\/2024\/06\/ea18c4a4-9a0f-4121-9674-6546ff8c1abd.jpeg","articleSection":["Quadradinho em Foco"],"inLanguage":"pt-BR"},{"@type":"WebPage","@id":"https:\/\/www.notibras.com\/site\/nossa-gente-repleta-de-imaginacao-vive-do-passado\/","url":"https:\/\/www.notibras.com\/site\/nossa-gente-repleta-de-imaginacao-vive-do-passado\/","name":"Nossa gente repleta de imagina\u00e7\u00e3o vive do passado - Notibras","isPartOf":{"@id":"https:\/\/www.notibras.com\/site\/#website"},"primaryImageOfPage":{"@id":"https:\/\/www.notibras.com\/site\/nossa-gente-repleta-de-imaginacao-vive-do-passado\/#primaryimage"},"image":{"@id":"https:\/\/www.notibras.com\/site\/nossa-gente-repleta-de-imaginacao-vive-do-passado\/#primaryimage"},"thumbnailUrl":"https:\/\/www.notibras.com\/site\/wp-content\/uploads\/2024\/06\/ea18c4a4-9a0f-4121-9674-6546ff8c1abd.jpeg","datePublished":"2024-06-25T10:20:25+00:00","dateModified":"2024-06-25T11:35:37+00:00","breadcrumb":{"@id":"https:\/\/www.notibras.com\/site\/nossa-gente-repleta-de-imaginacao-vive-do-passado\/#breadcrumb"},"inLanguage":"pt-BR","potentialAction":[{"@type":"ReadAction","target":["https:\/\/www.notibras.com\/site\/nossa-gente-repleta-de-imaginacao-vive-do-passado\/"]}]},{"@type":"ImageObject","inLanguage":"pt-BR","@id":"https:\/\/www.notibras.com\/site\/nossa-gente-repleta-de-imaginacao-vive-do-passado\/#primaryimage","url":"https:\/\/www.notibras.com\/site\/wp-content\/uploads\/2024\/06\/ea18c4a4-9a0f-4121-9674-6546ff8c1abd.jpeg","contentUrl":"https:\/\/www.notibras.com\/site\/wp-content\/uploads\/2024\/06\/ea18c4a4-9a0f-4121-9674-6546ff8c1abd.jpeg","width":511,"height":476},{"@type":"BreadcrumbList","@id":"https:\/\/www.notibras.com\/site\/nossa-gente-repleta-de-imaginacao-vive-do-passado\/#breadcrumb","itemListElement":[{"@type":"ListItem","position":1,"name":"In\u00edcio","item":"https:\/\/www.notibras.com\/site\/"},{"@type":"ListItem","position":2,"name":"Nossa gente repleta de imagina\u00e7\u00e3o vive do passado"}]},{"@type":"WebSite","@id":"https:\/\/www.notibras.com\/site\/#website","url":"https:\/\/www.notibras.com\/site\/","name":"Notibras","description":"Not\u00edcias de Bras\u00edlia, do Brasil e do Mundo","publisher":{"@id":"https:\/\/www.notibras.com\/site\/#organization"},"potentialAction":[{"@type":"SearchAction","target":{"@type":"EntryPoint","urlTemplate":"https:\/\/www.notibras.com\/site\/?s={search_term_string}"},"query-input":{"@type":"PropertyValueSpecification","valueRequired":true,"valueName":"search_term_string"}}],"inLanguage":"pt-BR"},{"@type":"Organization","@id":"https:\/\/www.notibras.com\/site\/#organization","name":"Grupo Notibras de Comunica\u00e7\u00e3o","url":"https:\/\/www.notibras.com\/site\/","logo":{"@type":"ImageObject","inLanguage":"pt-BR","@id":"https:\/\/www.notibras.com\/site\/#\/schema\/logo\/image\/","url":"https:\/\/www.notibras.com\/site\/wp-content\/uploads\/2023\/01\/notibras23.png","contentUrl":"https:\/\/www.notibras.com\/site\/wp-content\/uploads\/2023\/01\/notibras23.png","width":350,"height":87,"caption":"Grupo Notibras de Comunica\u00e7\u00e3o"},"image":{"@id":"https:\/\/www.notibras.com\/site\/#\/schema\/logo\/image\/"},"sameAs":["https:\/\/www.facebook.com\/notibras\/","https:\/\/x.com\/Notibras","https:\/\/www.instagram.com\/notibras\/"]},{"@type":"Person","@id":"https:\/\/www.notibras.com\/site\/#\/schema\/person\/36ab0979449956132d3e5b517ea76ac8","name":"Reda\u00e7\u00e3o","image":{"@type":"ImageObject","inLanguage":"pt-BR","@id":"https:\/\/secure.gravatar.com\/avatar\/e0a867bdedb85fd243eadf09663511f96fc81e0720a4a42581f334ad4303aa6b?s=96&d=mm&r=g","url":"https:\/\/secure.gravatar.com\/avatar\/e0a867bdedb85fd243eadf09663511f96fc81e0720a4a42581f334ad4303aa6b?s=96&d=mm&r=g","contentUrl":"https:\/\/secure.gravatar.com\/avatar\/e0a867bdedb85fd243eadf09663511f96fc81e0720a4a42581f334ad4303aa6b?s=96&d=mm&r=g","caption":"Reda\u00e7\u00e3o"}}]}},"amp_enabled":true,"_links":{"self":[{"href":"https:\/\/www.notibras.com\/site\/wp-json\/wp\/v2\/posts\/331477","targetHints":{"allow":["GET"]}}],"collection":[{"href":"https:\/\/www.notibras.com\/site\/wp-json\/wp\/v2\/posts"}],"about":[{"href":"https:\/\/www.notibras.com\/site\/wp-json\/wp\/v2\/types\/post"}],"author":[{"embeddable":true,"href":"https:\/\/www.notibras.com\/site\/wp-json\/wp\/v2\/users\/2"}],"replies":[{"embeddable":true,"href":"https:\/\/www.notibras.com\/site\/wp-json\/wp\/v2\/comments?post=331477"}],"version-history":[{"count":1,"href":"https:\/\/www.notibras.com\/site\/wp-json\/wp\/v2\/posts\/331477\/revisions"}],"predecessor-version":[{"id":331479,"href":"https:\/\/www.notibras.com\/site\/wp-json\/wp\/v2\/posts\/331477\/revisions\/331479"}],"wp:featuredmedia":[{"embeddable":true,"href":"https:\/\/www.notibras.com\/site\/wp-json\/wp\/v2\/media\/331478"}],"wp:attachment":[{"href":"https:\/\/www.notibras.com\/site\/wp-json\/wp\/v2\/media?parent=331477"}],"wp:term":[{"taxonomy":"category","embeddable":true,"href":"https:\/\/www.notibras.com\/site\/wp-json\/wp\/v2\/categories?post=331477"},{"taxonomy":"post_tag","embeddable":true,"href":"https:\/\/www.notibras.com\/site\/wp-json\/wp\/v2\/tags?post=331477"}],"curies":[{"name":"wp","href":"https:\/\/api.w.org\/{rel}","templated":true}]}}