{"id":331588,"date":"2024-06-26T12:27:26","date_gmt":"2024-06-26T15:27:26","guid":{"rendered":"https:\/\/www.notibras.com\/site\/?p=331588"},"modified":"2024-06-26T12:27:26","modified_gmt":"2024-06-26T15:27:26","slug":"abbraccio-promove-oferta-especial-para-pais-e-filhos","status":"publish","type":"post","link":"https:\/\/www.notibras.com\/site\/abbraccio-promove-oferta-especial-para-pais-e-filhos\/","title":{"rendered":"Abbraccio promove oferta especial para pais e filhos"},"content":{"rendered":"<p>Se tornar chef por um dia, em uma experi\u00eancia l\u00fadica e bastante imersiva \u00e9 uma das boas pedidas para as f\u00e9rias escolares. No Abbraccio, restaurante inspirado no lifestyle italiano, as crian\u00e7as de diferentes idades podem desfrutar de uma experi\u00eancia culin\u00e1ria, montando a sua pr\u00f3pria pizza de mu\u00e7arela nos formatos de cora\u00e7\u00e3o, nuvem ou ursinho. Com um avental de chef e muita criatividade, os pequenos se tornam verdadeiros pizzaiolos. Especialmente agora em julho, na compra de um prato para compartilhar do restaurante, a crian\u00e7a ganha essa experi\u00eancia do Piccolino.<\/p>\n<p>A a\u00e7\u00e3o \u00e9 um sucesso j\u00e1 consolidado da marca e conquista ainda mais p\u00fablico durante as f\u00e9rias escolares, quando os pais podem transformar o passeio em um momento l\u00fadico e de conex\u00e3o familiar. Tamb\u00e9m \u00e9 poss\u00edvel adquirir a Pizza Piccolino Formaggio separadamente, pelo custo de R$ 29,90. Al\u00e9m de se deliciarem com o prato, os pizzaiolos levam para casa um avental culin\u00e1rio e um livro de hist\u00f3rias e atividades da Turma do Piccolino.<\/p>\n<p>Para incentivar ainda mais a criatividade, as pizzas podem ser montadas em formas de cora\u00e7\u00e3o, nuvem ou ursinho. Os atendentes levam os ingredientes na mesa e os respons\u00e1veis acompanham a divers\u00e3o das crian\u00e7as ao manipular a massa. Depois, eles recebem a pizza assada, coroando a aventura do chef. Parte do menu infantil, a atividade \u00e9 ideal para crian\u00e7as de at\u00e9 12 anos.<\/p>\n<p>\u201cAs f\u00e9rias escolares s\u00e3o uma \u00f3tima oportunidade para passeios que re\u00fanam toda a fam\u00edlia. Como um bom restaurante de lifestyle italiano, valorizamos muito esse clima acolhedor em nossas unidades. As crian\u00e7as se entret\u00eam durante toda a refei\u00e7\u00e3o e os adultos acabam por se divertir tanto quanto os pequenos\u201d, afirma Paula Zequetti, gerente de marketing do Abbraccio.<\/p>\n<p>A experi\u00eancia culin\u00e1ria Piccolino est\u00e1 dispon\u00edvel em todas as 17 unidades f\u00edsicas do Abbraccio, localizadas em S\u00e3o Paulo, Campinas, S\u00e3o Jos\u00e9 dos Campos, Sorocaba, Rio de Janeiro, Niter\u00f3i e Bras\u00edlia. Os endere\u00e7os podem ser conferidos em http:\/\/www.abbraccio.com.br.<\/p>\n<p><strong>Menu infantil no Abbraccio<\/strong><br \/>\nE para quem quiser ampliar as op\u00e7\u00f5es para o almo\u00e7o ou jantar das crian\u00e7as, o Abbraccio tamb\u00e9m oferece um menu infantil recheado de itens variados. O card\u00e1pio conta com os cl\u00e1ssicos Spaghetti \u00e0 bolonhesa (R$ 24,90) e Scaloppine (R$ 39,90), que inclui dois escalopes de filet mignon grelhados.<\/p>\n<p>Para os amantes de frango, o card\u00e1pio infantil tem ainda as op\u00e7\u00f5es Pollo alla Griglia (R$ 29,90) e Chicken Fingers (R$ 34,90). O primeiro inclui um peito de frango grelhado com acompanhamento e o segundo duas tiras de peito de frango empanados e fritos, tamb\u00e9m com acompanhamento.<\/p>\n","protected":false},"excerpt":{"rendered":"<p>Se tornar chef por um dia, em uma experi\u00eancia l\u00fadica e bastante imersiva \u00e9 uma das boas pedidas para as f\u00e9rias escolares. No Abbraccio, restaurante inspirado no lifestyle italiano, as crian\u00e7as de diferentes idades podem desfrutar de uma experi\u00eancia culin\u00e1ria, montando a sua pr\u00f3pria pizza de mu\u00e7arela nos formatos de cora\u00e7\u00e3o, nuvem ou ursinho. Com [&hellip;]<\/p>\n","protected":false},"author":2,"featured_media":331589,"comment_status":"closed","ping_status":"closed","sticky":false,"template":"","format":"standard","meta":{"_acf_changed":false,"footnotes":""},"categories":[161],"tags":[],"class_list":["post-331588","post","type-post","status-publish","format-standard","has-post-thumbnail","hentry","category-quadradinho-em-foco"],"acf":[],"yoast_head":"<!-- This site is optimized with the Yoast SEO plugin v27.5 - https:\/\/yoast.com\/product\/yoast-seo-wordpress\/ -->\n<title>Abbraccio promove oferta especial para pais e filhos - Notibras<\/title>\n<meta name=\"robots\" content=\"index, follow, max-snippet:-1, max-image-preview:large, max-video-preview:-1\" \/>\n<link rel=\"canonical\" href=\"https:\/\/www.notibras.com\/site\/abbraccio-promove-oferta-especial-para-pais-e-filhos\/\" \/>\n<meta property=\"og:locale\" content=\"pt_BR\" \/>\n<meta property=\"og:type\" content=\"article\" \/>\n<meta property=\"og:title\" content=\"Abbraccio promove oferta especial para pais e filhos - Notibras\" \/>\n<meta property=\"og:description\" content=\"Se tornar chef por um dia, em uma experi\u00eancia l\u00fadica e bastante imersiva \u00e9 uma das boas pedidas para as f\u00e9rias escolares. No Abbraccio, restaurante inspirado no lifestyle italiano, as crian\u00e7as de diferentes idades podem desfrutar de uma experi\u00eancia culin\u00e1ria, montando a sua pr\u00f3pria pizza de mu\u00e7arela nos formatos de cora\u00e7\u00e3o, nuvem ou ursinho. Com [&hellip;]\" \/>\n<meta property=\"og:url\" content=\"https:\/\/www.notibras.com\/site\/abbraccio-promove-oferta-especial-para-pais-e-filhos\/\" \/>\n<meta property=\"og:site_name\" content=\"Notibras\" \/>\n<meta property=\"article:publisher\" content=\"https:\/\/www.facebook.com\/notibras\/\" \/>\n<meta property=\"article:published_time\" content=\"2024-06-26T15:27:26+00:00\" \/>\n<meta property=\"og:image\" content=\"https:\/\/www.notibras.com\/site\/wp-content\/uploads\/2024\/06\/picolino-horizontal.jpg\" \/>\n\t<meta property=\"og:image:width\" content=\"900\" \/>\n\t<meta property=\"og:image:height\" content=\"675\" \/>\n\t<meta property=\"og:image:type\" content=\"image\/jpeg\" \/>\n<meta name=\"author\" content=\"Reda\u00e7\u00e3o\" \/>\n<meta name=\"twitter:card\" content=\"summary_large_image\" \/>\n<meta name=\"twitter:creator\" content=\"@Notibras\" \/>\n<meta name=\"twitter:site\" content=\"@Notibras\" \/>\n<meta name=\"twitter:label1\" content=\"Escrito por\" \/>\n\t<meta name=\"twitter:data1\" content=\"Reda\u00e7\u00e3o\" \/>\n\t<meta name=\"twitter:label2\" content=\"Est. tempo de leitura\" \/>\n\t<meta name=\"twitter:data2\" content=\"3 minutos\" \/>\n<script type=\"application\/ld+json\" class=\"yoast-schema-graph\">{\"@context\":\"https:\\\/\\\/schema.org\",\"@graph\":[{\"@type\":\"Article\",\"@id\":\"https:\\\/\\\/www.notibras.com\\\/site\\\/abbraccio-promove-oferta-especial-para-pais-e-filhos\\\/#article\",\"isPartOf\":{\"@id\":\"https:\\\/\\\/www.notibras.com\\\/site\\\/abbraccio-promove-oferta-especial-para-pais-e-filhos\\\/\"},\"author\":{\"name\":\"Reda\u00e7\u00e3o\",\"@id\":\"https:\\\/\\\/www.notibras.com\\\/site\\\/#\\\/schema\\\/person\\\/36ab0979449956132d3e5b517ea76ac8\"},\"headline\":\"Abbraccio promove oferta especial para pais e filhos\",\"datePublished\":\"2024-06-26T15:27:26+00:00\",\"mainEntityOfPage\":{\"@id\":\"https:\\\/\\\/www.notibras.com\\\/site\\\/abbraccio-promove-oferta-especial-para-pais-e-filhos\\\/\"},\"wordCount\":466,\"publisher\":{\"@id\":\"https:\\\/\\\/www.notibras.com\\\/site\\\/#organization\"},\"image\":{\"@id\":\"https:\\\/\\\/www.notibras.com\\\/site\\\/abbraccio-promove-oferta-especial-para-pais-e-filhos\\\/#primaryimage\"},\"thumbnailUrl\":\"https:\\\/\\\/www.notibras.com\\\/site\\\/wp-content\\\/uploads\\\/2024\\\/06\\\/picolino-horizontal.jpg\",\"articleSection\":[\"Quadradinho em Foco\"],\"inLanguage\":\"pt-BR\"},{\"@type\":\"WebPage\",\"@id\":\"https:\\\/\\\/www.notibras.com\\\/site\\\/abbraccio-promove-oferta-especial-para-pais-e-filhos\\\/\",\"url\":\"https:\\\/\\\/www.notibras.com\\\/site\\\/abbraccio-promove-oferta-especial-para-pais-e-filhos\\\/\",\"name\":\"Abbraccio promove oferta especial para pais e filhos - Notibras\",\"isPartOf\":{\"@id\":\"https:\\\/\\\/www.notibras.com\\\/site\\\/#website\"},\"primaryImageOfPage\":{\"@id\":\"https:\\\/\\\/www.notibras.com\\\/site\\\/abbraccio-promove-oferta-especial-para-pais-e-filhos\\\/#primaryimage\"},\"image\":{\"@id\":\"https:\\\/\\\/www.notibras.com\\\/site\\\/abbraccio-promove-oferta-especial-para-pais-e-filhos\\\/#primaryimage\"},\"thumbnailUrl\":\"https:\\\/\\\/www.notibras.com\\\/site\\\/wp-content\\\/uploads\\\/2024\\\/06\\\/picolino-horizontal.jpg\",\"datePublished\":\"2024-06-26T15:27:26+00:00\",\"breadcrumb\":{\"@id\":\"https:\\\/\\\/www.notibras.com\\\/site\\\/abbraccio-promove-oferta-especial-para-pais-e-filhos\\\/#breadcrumb\"},\"inLanguage\":\"pt-BR\",\"potentialAction\":[{\"@type\":\"ReadAction\",\"target\":[\"https:\\\/\\\/www.notibras.com\\\/site\\\/abbraccio-promove-oferta-especial-para-pais-e-filhos\\\/\"]}]},{\"@type\":\"ImageObject\",\"inLanguage\":\"pt-BR\",\"@id\":\"https:\\\/\\\/www.notibras.com\\\/site\\\/abbraccio-promove-oferta-especial-para-pais-e-filhos\\\/#primaryimage\",\"url\":\"https:\\\/\\\/www.notibras.com\\\/site\\\/wp-content\\\/uploads\\\/2024\\\/06\\\/picolino-horizontal.jpg\",\"contentUrl\":\"https:\\\/\\\/www.notibras.com\\\/site\\\/wp-content\\\/uploads\\\/2024\\\/06\\\/picolino-horizontal.jpg\",\"width\":900,\"height\":675},{\"@type\":\"BreadcrumbList\",\"@id\":\"https:\\\/\\\/www.notibras.com\\\/site\\\/abbraccio-promove-oferta-especial-para-pais-e-filhos\\\/#breadcrumb\",\"itemListElement\":[{\"@type\":\"ListItem\",\"position\":1,\"name\":\"In\u00edcio\",\"item\":\"https:\\\/\\\/www.notibras.com\\\/site\\\/\"},{\"@type\":\"ListItem\",\"position\":2,\"name\":\"Abbraccio promove oferta especial para pais e filhos\"}]},{\"@type\":\"WebSite\",\"@id\":\"https:\\\/\\\/www.notibras.com\\\/site\\\/#website\",\"url\":\"https:\\\/\\\/www.notibras.com\\\/site\\\/\",\"name\":\"Notibras\",\"description\":\"Not\u00edcias de Bras\u00edlia, do Brasil e do Mundo\",\"publisher\":{\"@id\":\"https:\\\/\\\/www.notibras.com\\\/site\\\/#organization\"},\"potentialAction\":[{\"@type\":\"SearchAction\",\"target\":{\"@type\":\"EntryPoint\",\"urlTemplate\":\"https:\\\/\\\/www.notibras.com\\\/site\\\/?s={search_term_string}\"},\"query-input\":{\"@type\":\"PropertyValueSpecification\",\"valueRequired\":true,\"valueName\":\"search_term_string\"}}],\"inLanguage\":\"pt-BR\"},{\"@type\":\"Organization\",\"@id\":\"https:\\\/\\\/www.notibras.com\\\/site\\\/#organization\",\"name\":\"Grupo Notibras de Comunica\u00e7\u00e3o\",\"url\":\"https:\\\/\\\/www.notibras.com\\\/site\\\/\",\"logo\":{\"@type\":\"ImageObject\",\"inLanguage\":\"pt-BR\",\"@id\":\"https:\\\/\\\/www.notibras.com\\\/site\\\/#\\\/schema\\\/logo\\\/image\\\/\",\"url\":\"https:\\\/\\\/www.notibras.com\\\/site\\\/wp-content\\\/uploads\\\/2023\\\/01\\\/notibras23.png\",\"contentUrl\":\"https:\\\/\\\/www.notibras.com\\\/site\\\/wp-content\\\/uploads\\\/2023\\\/01\\\/notibras23.png\",\"width\":350,\"height\":87,\"caption\":\"Grupo Notibras de Comunica\u00e7\u00e3o\"},\"image\":{\"@id\":\"https:\\\/\\\/www.notibras.com\\\/site\\\/#\\\/schema\\\/logo\\\/image\\\/\"},\"sameAs\":[\"https:\\\/\\\/www.facebook.com\\\/notibras\\\/\",\"https:\\\/\\\/x.com\\\/Notibras\",\"https:\\\/\\\/www.instagram.com\\\/notibras\\\/\"]},{\"@type\":\"Person\",\"@id\":\"https:\\\/\\\/www.notibras.com\\\/site\\\/#\\\/schema\\\/person\\\/36ab0979449956132d3e5b517ea76ac8\",\"name\":\"Reda\u00e7\u00e3o\",\"image\":{\"@type\":\"ImageObject\",\"inLanguage\":\"pt-BR\",\"@id\":\"https:\\\/\\\/secure.gravatar.com\\\/avatar\\\/e0a867bdedb85fd243eadf09663511f96fc81e0720a4a42581f334ad4303aa6b?s=96&d=mm&r=g\",\"url\":\"https:\\\/\\\/secure.gravatar.com\\\/avatar\\\/e0a867bdedb85fd243eadf09663511f96fc81e0720a4a42581f334ad4303aa6b?s=96&d=mm&r=g\",\"contentUrl\":\"https:\\\/\\\/secure.gravatar.com\\\/avatar\\\/e0a867bdedb85fd243eadf09663511f96fc81e0720a4a42581f334ad4303aa6b?s=96&d=mm&r=g\",\"caption\":\"Reda\u00e7\u00e3o\"}}]}<\/script>\n<!-- \/ Yoast SEO plugin. -->","yoast_head_json":{"title":"Abbraccio promove oferta especial para pais e filhos - Notibras","robots":{"index":"index","follow":"follow","max-snippet":"max-snippet:-1","max-image-preview":"max-image-preview:large","max-video-preview":"max-video-preview:-1"},"canonical":"https:\/\/www.notibras.com\/site\/abbraccio-promove-oferta-especial-para-pais-e-filhos\/","og_locale":"pt_BR","og_type":"article","og_title":"Abbraccio promove oferta especial para pais e filhos - Notibras","og_description":"Se tornar chef por um dia, em uma experi\u00eancia l\u00fadica e bastante imersiva \u00e9 uma das boas pedidas para as f\u00e9rias escolares. No Abbraccio, restaurante inspirado no lifestyle italiano, as crian\u00e7as de diferentes idades podem desfrutar de uma experi\u00eancia culin\u00e1ria, montando a sua pr\u00f3pria pizza de mu\u00e7arela nos formatos de cora\u00e7\u00e3o, nuvem ou ursinho. Com [&hellip;]","og_url":"https:\/\/www.notibras.com\/site\/abbraccio-promove-oferta-especial-para-pais-e-filhos\/","og_site_name":"Notibras","article_publisher":"https:\/\/www.facebook.com\/notibras\/","article_published_time":"2024-06-26T15:27:26+00:00","og_image":[{"width":900,"height":675,"url":"https:\/\/www.notibras.com\/site\/wp-content\/uploads\/2024\/06\/picolino-horizontal.jpg","type":"image\/jpeg"}],"author":"Reda\u00e7\u00e3o","twitter_card":"summary_large_image","twitter_creator":"@Notibras","twitter_site":"@Notibras","twitter_misc":{"Escrito por":"Reda\u00e7\u00e3o","Est. tempo de leitura":"3 minutos"},"schema":{"@context":"https:\/\/schema.org","@graph":[{"@type":"Article","@id":"https:\/\/www.notibras.com\/site\/abbraccio-promove-oferta-especial-para-pais-e-filhos\/#article","isPartOf":{"@id":"https:\/\/www.notibras.com\/site\/abbraccio-promove-oferta-especial-para-pais-e-filhos\/"},"author":{"name":"Reda\u00e7\u00e3o","@id":"https:\/\/www.notibras.com\/site\/#\/schema\/person\/36ab0979449956132d3e5b517ea76ac8"},"headline":"Abbraccio promove oferta especial para pais e filhos","datePublished":"2024-06-26T15:27:26+00:00","mainEntityOfPage":{"@id":"https:\/\/www.notibras.com\/site\/abbraccio-promove-oferta-especial-para-pais-e-filhos\/"},"wordCount":466,"publisher":{"@id":"https:\/\/www.notibras.com\/site\/#organization"},"image":{"@id":"https:\/\/www.notibras.com\/site\/abbraccio-promove-oferta-especial-para-pais-e-filhos\/#primaryimage"},"thumbnailUrl":"https:\/\/www.notibras.com\/site\/wp-content\/uploads\/2024\/06\/picolino-horizontal.jpg","articleSection":["Quadradinho em Foco"],"inLanguage":"pt-BR"},{"@type":"WebPage","@id":"https:\/\/www.notibras.com\/site\/abbraccio-promove-oferta-especial-para-pais-e-filhos\/","url":"https:\/\/www.notibras.com\/site\/abbraccio-promove-oferta-especial-para-pais-e-filhos\/","name":"Abbraccio promove oferta especial para pais e filhos - Notibras","isPartOf":{"@id":"https:\/\/www.notibras.com\/site\/#website"},"primaryImageOfPage":{"@id":"https:\/\/www.notibras.com\/site\/abbraccio-promove-oferta-especial-para-pais-e-filhos\/#primaryimage"},"image":{"@id":"https:\/\/www.notibras.com\/site\/abbraccio-promove-oferta-especial-para-pais-e-filhos\/#primaryimage"},"thumbnailUrl":"https:\/\/www.notibras.com\/site\/wp-content\/uploads\/2024\/06\/picolino-horizontal.jpg","datePublished":"2024-06-26T15:27:26+00:00","breadcrumb":{"@id":"https:\/\/www.notibras.com\/site\/abbraccio-promove-oferta-especial-para-pais-e-filhos\/#breadcrumb"},"inLanguage":"pt-BR","potentialAction":[{"@type":"ReadAction","target":["https:\/\/www.notibras.com\/site\/abbraccio-promove-oferta-especial-para-pais-e-filhos\/"]}]},{"@type":"ImageObject","inLanguage":"pt-BR","@id":"https:\/\/www.notibras.com\/site\/abbraccio-promove-oferta-especial-para-pais-e-filhos\/#primaryimage","url":"https:\/\/www.notibras.com\/site\/wp-content\/uploads\/2024\/06\/picolino-horizontal.jpg","contentUrl":"https:\/\/www.notibras.com\/site\/wp-content\/uploads\/2024\/06\/picolino-horizontal.jpg","width":900,"height":675},{"@type":"BreadcrumbList","@id":"https:\/\/www.notibras.com\/site\/abbraccio-promove-oferta-especial-para-pais-e-filhos\/#breadcrumb","itemListElement":[{"@type":"ListItem","position":1,"name":"In\u00edcio","item":"https:\/\/www.notibras.com\/site\/"},{"@type":"ListItem","position":2,"name":"Abbraccio promove oferta especial para pais e filhos"}]},{"@type":"WebSite","@id":"https:\/\/www.notibras.com\/site\/#website","url":"https:\/\/www.notibras.com\/site\/","name":"Notibras","description":"Not\u00edcias de Bras\u00edlia, do Brasil e do Mundo","publisher":{"@id":"https:\/\/www.notibras.com\/site\/#organization"},"potentialAction":[{"@type":"SearchAction","target":{"@type":"EntryPoint","urlTemplate":"https:\/\/www.notibras.com\/site\/?s={search_term_string}"},"query-input":{"@type":"PropertyValueSpecification","valueRequired":true,"valueName":"search_term_string"}}],"inLanguage":"pt-BR"},{"@type":"Organization","@id":"https:\/\/www.notibras.com\/site\/#organization","name":"Grupo Notibras de Comunica\u00e7\u00e3o","url":"https:\/\/www.notibras.com\/site\/","logo":{"@type":"ImageObject","inLanguage":"pt-BR","@id":"https:\/\/www.notibras.com\/site\/#\/schema\/logo\/image\/","url":"https:\/\/www.notibras.com\/site\/wp-content\/uploads\/2023\/01\/notibras23.png","contentUrl":"https:\/\/www.notibras.com\/site\/wp-content\/uploads\/2023\/01\/notibras23.png","width":350,"height":87,"caption":"Grupo Notibras de Comunica\u00e7\u00e3o"},"image":{"@id":"https:\/\/www.notibras.com\/site\/#\/schema\/logo\/image\/"},"sameAs":["https:\/\/www.facebook.com\/notibras\/","https:\/\/x.com\/Notibras","https:\/\/www.instagram.com\/notibras\/"]},{"@type":"Person","@id":"https:\/\/www.notibras.com\/site\/#\/schema\/person\/36ab0979449956132d3e5b517ea76ac8","name":"Reda\u00e7\u00e3o","image":{"@type":"ImageObject","inLanguage":"pt-BR","@id":"https:\/\/secure.gravatar.com\/avatar\/e0a867bdedb85fd243eadf09663511f96fc81e0720a4a42581f334ad4303aa6b?s=96&d=mm&r=g","url":"https:\/\/secure.gravatar.com\/avatar\/e0a867bdedb85fd243eadf09663511f96fc81e0720a4a42581f334ad4303aa6b?s=96&d=mm&r=g","contentUrl":"https:\/\/secure.gravatar.com\/avatar\/e0a867bdedb85fd243eadf09663511f96fc81e0720a4a42581f334ad4303aa6b?s=96&d=mm&r=g","caption":"Reda\u00e7\u00e3o"}}]}},"amp_enabled":true,"_links":{"self":[{"href":"https:\/\/www.notibras.com\/site\/wp-json\/wp\/v2\/posts\/331588","targetHints":{"allow":["GET"]}}],"collection":[{"href":"https:\/\/www.notibras.com\/site\/wp-json\/wp\/v2\/posts"}],"about":[{"href":"https:\/\/www.notibras.com\/site\/wp-json\/wp\/v2\/types\/post"}],"author":[{"embeddable":true,"href":"https:\/\/www.notibras.com\/site\/wp-json\/wp\/v2\/users\/2"}],"replies":[{"embeddable":true,"href":"https:\/\/www.notibras.com\/site\/wp-json\/wp\/v2\/comments?post=331588"}],"version-history":[{"count":1,"href":"https:\/\/www.notibras.com\/site\/wp-json\/wp\/v2\/posts\/331588\/revisions"}],"predecessor-version":[{"id":331590,"href":"https:\/\/www.notibras.com\/site\/wp-json\/wp\/v2\/posts\/331588\/revisions\/331590"}],"wp:featuredmedia":[{"embeddable":true,"href":"https:\/\/www.notibras.com\/site\/wp-json\/wp\/v2\/media\/331589"}],"wp:attachment":[{"href":"https:\/\/www.notibras.com\/site\/wp-json\/wp\/v2\/media?parent=331588"}],"wp:term":[{"taxonomy":"category","embeddable":true,"href":"https:\/\/www.notibras.com\/site\/wp-json\/wp\/v2\/categories?post=331588"},{"taxonomy":"post_tag","embeddable":true,"href":"https:\/\/www.notibras.com\/site\/wp-json\/wp\/v2\/tags?post=331588"}],"curies":[{"name":"wp","href":"https:\/\/api.w.org\/{rel}","templated":true}]}}