{"id":33159,"date":"2015-01-06T20:44:59","date_gmt":"2015-01-06T23:44:59","guid":{"rendered":"http:\/\/www.notibras.com\/site\/?p=33159"},"modified":"2015-01-06T20:45:50","modified_gmt":"2015-01-06T23:45:50","slug":"a-perigosa-tatica-do-ei-para-implantar-o-isla-a-ferro-e-fogo","status":"publish","type":"post","link":"https:\/\/www.notibras.com\/site\/a-perigosa-tatica-do-ei-para-implantar-o-isla-a-ferro-e-fogo\/","title":{"rendered":"A perigosa t\u00e1tica do EI para implantar o Isl\u00e3 a ferro e fogo"},"content":{"rendered":"<p>Depois do terror desencadeado na S\u00edria e Iraque pelo Estado Isl\u00e2mico (EI) esconde-se uma maquinaria estruturada durante anos com um objetivo: implantar sua vis\u00e3o radical do Isl\u00e3 a sangue e fogo.<\/p>\n<p>Depois da fulgurante ofensiva da organiza\u00e7\u00e3o terrorista em amplas zonas de ambos pa\u00edses, numerosos meios de imprensa e servi\u00e7os de espionagem de todo mundo tentaram revelar as engrenagens do EI.<\/p>\n<p>No entanto, a impossibilidade de entrar nas \u00e1reas que controla e seu secretismo provocaram todo tipo de hip\u00f3tese sobre o tema, muitas vezes discordantes entre si.<\/p>\n<p>O an\u00fancio no ano passado sobre as supostas feridas do autoproclamado califa Abu Bakr al Bagdadi em um bombardeio no Iraque, disparou as teses sobre sua sucess\u00e3o.<\/p>\n<blockquote><p>O Daesh (iniciais desse agrupamento em \u00e1rabe) aprendeu com os erros de outras forma\u00e7\u00f5es jihadistas, em especial da Al Qaeda, e criou um governo nas sombras que inclui numerosos departamentos ou minist\u00e9rios e dezenas de executivos provinciais para administrar as \u00e1reas sob seu controle.<\/p><\/blockquote>\n<p>Uma vez conquistado um territ\u00f3rio, o EI cria as estruturas que em nada diferem de governos ocidentais, se identificamos sua vis\u00e3o radical e seus crimes, destaca uma investiga\u00e7\u00e3o do Cons\u00f3rcio de Busca e An\u00e1lise do Terrorismo.<\/p>\n<p>O resultado \u00e9 um aparelho militar estruturado para impulsionar seu particular jihad (guerra santa) e um sistema de administra\u00e7\u00e3o descentralizado mediante o qual tenta oferecer os servi\u00e7os b\u00e1sicos \u00e0 popula\u00e7\u00e3o.<\/p>\n<p>Para financiar sua pol\u00edtica, o EI utiliza numerosos meios, desde a venda de petr\u00f3leo ou cobran\u00e7a de resgates e impostos at\u00e9 doa\u00e7\u00f5es do exterior e venda de \u00f3rg\u00e3os, como denunciou recentemente um di\u00e1rio iraquiano.<\/p>\n<p>No topo da pir\u00e2mide est\u00e1 o autoproclamado califa e Comendador dos Crentes, Abu Bakr al Bagdadi.<\/p>\n<p>Nascido na cidade iraquiana de Samarra, Ibrahim Awwad Ibrahim al Badri, seu verdadeiro nome, se graduou em estudos isl\u00e2micos na Universidade de Bagd\u00e1 e esteve preso em Camp Bucca, um c\u00e1rcere estadunidense aberto depois da invas\u00e3o ao Iraque em 2003.<\/p>\n<p>Ali conheceu numerosos detentos que na atualidade s\u00e3o seus principais colaboradores, muitos deles militares e funcion\u00e1rios do derrocado presidente Saddan Hussein.<\/p>\n<p>Segundo o Grupo Soufan, uma empresa especializada em informa\u00e7\u00e3o de intelig\u00eancia, sob o comando direto da Al Bagdadi est\u00e3o Abu Muslim al Afari al Turkmani e Abu Ali al Anbari, que lideram as opera\u00e7\u00f5es no Iraque e na S\u00edria, respectivamente.<\/p>\n<p>Este triunvirato \u00e9 o encarregado de dirigir o Daesh, e do qual depende os demais da organiza\u00e7\u00e3o, entre elas o Conselho da Shura, uma esp\u00e9cie de gabinete com a miss\u00e3o de assessorar em temas pol\u00edticos o Bagdadi e de transmitir suas ordens.<\/p>\n<blockquote><p>Outro elemento chave \u00e9 o chamado Conselho da Sharia, cujo objetivo \u00e9 garantir que as leis e o acionar dos membros do EI sejam conforme sua vis\u00e3o particular e radical do Isl\u00e3.<\/p><\/blockquote>\n<p>Esse setor outorga a justificativa legal e religiosa ao Estado Isl\u00e2mico para assassinar, saquear ou escravizar a quem se oponha, em especial as minorias.<\/p>\n<p>Mais abaixo est\u00e3o os governadores de dezenas de wilayas (prov\u00edncias), repartidas entre ambos pa\u00edses.<\/p>\n<p>Al Baghdadi \u00e9 o pastor, e seus adjuntos s\u00e3o os c\u00e3es que pastoreiam as ovelhas do EI, comentou Hisham al Hashimi, um analista de seguran\u00e7a que teve acesso a documentos dessa organiza\u00e7\u00e3o apreendidos pelo ex\u00e9rcito iraquiano.<\/p>\n<p>Al Anbari e al Turkmani s\u00e3o os pilares da fortaleza de al Baghdadi. Eles s\u00e3o quem o mant\u00eam no poder, estimou.<\/p>\n<p>Como parte da estrutura, cada pessoa tem sua fun\u00e7\u00e3o espec\u00edfica, que vai desde o gerenciamento dos detentos e o transporte de terroristas suicidas at\u00e9 o cuidado das fam\u00edlias dos mortos em batalha ou as opera\u00e7\u00f5es com artefatos explosivos.<\/p>\n<p>Tamb\u00e9m h\u00e1 departamentos de comunica\u00e7\u00e3o, fornecimentos de armas, de intelig\u00eancia, entre outros muitos.<\/p>\n<p>Segundo o di\u00e1rio brit\u00e2nico The Telegraph, a organiza\u00e7\u00e3o terrorista conta com cerca de mil comandantes de campo de n\u00edvel m\u00e9dio e superior, todos com experi\u00eancia militar ou em mat\u00e9ria de seguran\u00e7a.<\/p>\n<p>Pelo exerc\u00edcio dos seus cargos, os sal\u00e1rios oscilam entre 200 at\u00e9 3 mil d\u00f3lares mensais.<\/p>\n<p><strong>Roberto Castellanos Fernandez<\/strong><\/p>\n","protected":false},"excerpt":{"rendered":"<p>Depois do terror desencadeado na S\u00edria e Iraque pelo Estado Isl\u00e2mico (EI) esconde-se uma maquinaria estruturada durante anos com um objetivo: implantar sua vis\u00e3o radical do Isl\u00e3 a sangue e fogo. Depois da fulgurante ofensiva da organiza\u00e7\u00e3o terrorista em amplas zonas de ambos pa\u00edses, numerosos meios de imprensa e servi\u00e7os de espionagem de todo mundo [&hellip;]<\/p>\n","protected":false},"author":2,"featured_media":33160,"comment_status":"open","ping_status":"closed","sticky":false,"template":"","format":"standard","meta":{"_acf_changed":false,"footnotes":""},"categories":[25],"tags":[],"class_list":["post-33159","post","type-post","status-publish","format-standard","has-post-thumbnail","hentry","category-opina-ai"],"acf":[],"yoast_head":"<!-- This site is optimized with the Yoast SEO plugin v27.2 - https:\/\/yoast.com\/product\/yoast-seo-wordpress\/ -->\n<title>A perigosa t\u00e1tica do EI para implantar o Isl\u00e3 a ferro e fogo - Notibras<\/title>\n<meta name=\"robots\" content=\"index, follow, max-snippet:-1, max-image-preview:large, max-video-preview:-1\" \/>\n<link rel=\"canonical\" href=\"https:\/\/www.notibras.com\/site\/a-perigosa-tatica-do-ei-para-implantar-o-isla-a-ferro-e-fogo\/\" \/>\n<meta property=\"og:locale\" content=\"pt_BR\" \/>\n<meta property=\"og:type\" content=\"article\" \/>\n<meta property=\"og:title\" content=\"A perigosa t\u00e1tica do EI para implantar o Isl\u00e3 a ferro e fogo - Notibras\" \/>\n<meta property=\"og:description\" content=\"Depois do terror desencadeado na S\u00edria e Iraque pelo Estado Isl\u00e2mico (EI) esconde-se uma maquinaria estruturada durante anos com um objetivo: implantar sua vis\u00e3o radical do Isl\u00e3 a sangue e fogo. Depois da fulgurante ofensiva da organiza\u00e7\u00e3o terrorista em amplas zonas de ambos pa\u00edses, numerosos meios de imprensa e servi\u00e7os de espionagem de todo mundo [&hellip;]\" \/>\n<meta property=\"og:url\" content=\"https:\/\/www.notibras.com\/site\/a-perigosa-tatica-do-ei-para-implantar-o-isla-a-ferro-e-fogo\/\" \/>\n<meta property=\"og:site_name\" content=\"Notibras\" \/>\n<meta property=\"article:publisher\" content=\"https:\/\/www.facebook.com\/notibras\/\" \/>\n<meta property=\"article:published_time\" content=\"2015-01-06T23:44:59+00:00\" \/>\n<meta property=\"article:modified_time\" content=\"2015-01-06T23:45:50+00:00\" \/>\n<meta property=\"og:image\" content=\"https:\/\/www.notibras.com\/site\/wp-content\/uploads\/2015\/01\/estado-islamico-do-iraque-e-do-levante.jpg\" \/>\n\t<meta property=\"og:image:width\" content=\"432\" \/>\n\t<meta property=\"og:image:height\" content=\"324\" \/>\n\t<meta property=\"og:image:type\" content=\"image\/jpeg\" \/>\n<meta name=\"author\" content=\"Reda\u00e7\u00e3o\" \/>\n<meta name=\"twitter:card\" content=\"summary_large_image\" \/>\n<meta name=\"twitter:creator\" content=\"@Notibras\" \/>\n<meta name=\"twitter:site\" content=\"@Notibras\" \/>\n<meta name=\"twitter:label1\" content=\"Escrito por\" \/>\n\t<meta name=\"twitter:data1\" content=\"Reda\u00e7\u00e3o\" \/>\n\t<meta name=\"twitter:label2\" content=\"Est. tempo de leitura\" \/>\n\t<meta name=\"twitter:data2\" content=\"4 minutos\" \/>\n<script type=\"application\/ld+json\" class=\"yoast-schema-graph\">{\"@context\":\"https:\/\/schema.org\",\"@graph\":[{\"@type\":\"Article\",\"@id\":\"https:\/\/www.notibras.com\/site\/a-perigosa-tatica-do-ei-para-implantar-o-isla-a-ferro-e-fogo\/#article\",\"isPartOf\":{\"@id\":\"https:\/\/www.notibras.com\/site\/a-perigosa-tatica-do-ei-para-implantar-o-isla-a-ferro-e-fogo\/\"},\"author\":{\"name\":\"Reda\u00e7\u00e3o\",\"@id\":\"https:\/\/www.notibras.com\/site\/#\/schema\/person\/36ab0979449956132d3e5b517ea76ac8\"},\"headline\":\"A perigosa t\u00e1tica do EI para implantar o Isl\u00e3 a ferro e fogo\",\"datePublished\":\"2015-01-06T23:44:59+00:00\",\"dateModified\":\"2015-01-06T23:45:50+00:00\",\"mainEntityOfPage\":{\"@id\":\"https:\/\/www.notibras.com\/site\/a-perigosa-tatica-do-ei-para-implantar-o-isla-a-ferro-e-fogo\/\"},\"wordCount\":721,\"commentCount\":0,\"publisher\":{\"@id\":\"https:\/\/www.notibras.com\/site\/#organization\"},\"image\":{\"@id\":\"https:\/\/www.notibras.com\/site\/a-perigosa-tatica-do-ei-para-implantar-o-isla-a-ferro-e-fogo\/#primaryimage\"},\"thumbnailUrl\":\"https:\/\/www.notibras.com\/site\/wp-content\/uploads\/2015\/01\/estado-islamico-do-iraque-e-do-levante.jpg\",\"articleSection\":[\"Opina a\u00ed\"],\"inLanguage\":\"pt-BR\",\"potentialAction\":[{\"@type\":\"CommentAction\",\"name\":\"Comment\",\"target\":[\"https:\/\/www.notibras.com\/site\/a-perigosa-tatica-do-ei-para-implantar-o-isla-a-ferro-e-fogo\/#respond\"]}]},{\"@type\":\"WebPage\",\"@id\":\"https:\/\/www.notibras.com\/site\/a-perigosa-tatica-do-ei-para-implantar-o-isla-a-ferro-e-fogo\/\",\"url\":\"https:\/\/www.notibras.com\/site\/a-perigosa-tatica-do-ei-para-implantar-o-isla-a-ferro-e-fogo\/\",\"name\":\"A perigosa t\u00e1tica do EI para implantar o Isl\u00e3 a ferro e fogo - Notibras\",\"isPartOf\":{\"@id\":\"https:\/\/www.notibras.com\/site\/#website\"},\"primaryImageOfPage\":{\"@id\":\"https:\/\/www.notibras.com\/site\/a-perigosa-tatica-do-ei-para-implantar-o-isla-a-ferro-e-fogo\/#primaryimage\"},\"image\":{\"@id\":\"https:\/\/www.notibras.com\/site\/a-perigosa-tatica-do-ei-para-implantar-o-isla-a-ferro-e-fogo\/#primaryimage\"},\"thumbnailUrl\":\"https:\/\/www.notibras.com\/site\/wp-content\/uploads\/2015\/01\/estado-islamico-do-iraque-e-do-levante.jpg\",\"datePublished\":\"2015-01-06T23:44:59+00:00\",\"dateModified\":\"2015-01-06T23:45:50+00:00\",\"breadcrumb\":{\"@id\":\"https:\/\/www.notibras.com\/site\/a-perigosa-tatica-do-ei-para-implantar-o-isla-a-ferro-e-fogo\/#breadcrumb\"},\"inLanguage\":\"pt-BR\",\"potentialAction\":[{\"@type\":\"ReadAction\",\"target\":[\"https:\/\/www.notibras.com\/site\/a-perigosa-tatica-do-ei-para-implantar-o-isla-a-ferro-e-fogo\/\"]}]},{\"@type\":\"ImageObject\",\"inLanguage\":\"pt-BR\",\"@id\":\"https:\/\/www.notibras.com\/site\/a-perigosa-tatica-do-ei-para-implantar-o-isla-a-ferro-e-fogo\/#primaryimage\",\"url\":\"https:\/\/www.notibras.com\/site\/wp-content\/uploads\/2015\/01\/estado-islamico-do-iraque-e-do-levante.jpg\",\"contentUrl\":\"https:\/\/www.notibras.com\/site\/wp-content\/uploads\/2015\/01\/estado-islamico-do-iraque-e-do-levante.jpg\",\"width\":432,\"height\":324},{\"@type\":\"BreadcrumbList\",\"@id\":\"https:\/\/www.notibras.com\/site\/a-perigosa-tatica-do-ei-para-implantar-o-isla-a-ferro-e-fogo\/#breadcrumb\",\"itemListElement\":[{\"@type\":\"ListItem\",\"position\":1,\"name\":\"In\u00edcio\",\"item\":\"https:\/\/www.notibras.com\/site\/\"},{\"@type\":\"ListItem\",\"position\":2,\"name\":\"A perigosa t\u00e1tica do EI para implantar o Isl\u00e3 a ferro e fogo\"}]},{\"@type\":\"WebSite\",\"@id\":\"https:\/\/www.notibras.com\/site\/#website\",\"url\":\"https:\/\/www.notibras.com\/site\/\",\"name\":\"Notibras\",\"description\":\"Not\u00edcias de Bras\u00edlia, do Brasil e do Mundo\",\"publisher\":{\"@id\":\"https:\/\/www.notibras.com\/site\/#organization\"},\"potentialAction\":[{\"@type\":\"SearchAction\",\"target\":{\"@type\":\"EntryPoint\",\"urlTemplate\":\"https:\/\/www.notibras.com\/site\/?s={search_term_string}\"},\"query-input\":{\"@type\":\"PropertyValueSpecification\",\"valueRequired\":true,\"valueName\":\"search_term_string\"}}],\"inLanguage\":\"pt-BR\"},{\"@type\":\"Organization\",\"@id\":\"https:\/\/www.notibras.com\/site\/#organization\",\"name\":\"Grupo Notibras de Comunica\u00e7\u00e3o\",\"url\":\"https:\/\/www.notibras.com\/site\/\",\"logo\":{\"@type\":\"ImageObject\",\"inLanguage\":\"pt-BR\",\"@id\":\"https:\/\/www.notibras.com\/site\/#\/schema\/logo\/image\/\",\"url\":\"https:\/\/www.notibras.com\/site\/wp-content\/uploads\/2023\/01\/notibras23.png\",\"contentUrl\":\"https:\/\/www.notibras.com\/site\/wp-content\/uploads\/2023\/01\/notibras23.png\",\"width\":350,\"height\":87,\"caption\":\"Grupo Notibras de Comunica\u00e7\u00e3o\"},\"image\":{\"@id\":\"https:\/\/www.notibras.com\/site\/#\/schema\/logo\/image\/\"},\"sameAs\":[\"https:\/\/www.facebook.com\/notibras\/\",\"https:\/\/x.com\/Notibras\",\"https:\/\/www.instagram.com\/notibras\/\"]},{\"@type\":\"Person\",\"@id\":\"https:\/\/www.notibras.com\/site\/#\/schema\/person\/36ab0979449956132d3e5b517ea76ac8\",\"name\":\"Reda\u00e7\u00e3o\",\"image\":{\"@type\":\"ImageObject\",\"inLanguage\":\"pt-BR\",\"@id\":\"https:\/\/secure.gravatar.com\/avatar\/e0a867bdedb85fd243eadf09663511f96fc81e0720a4a42581f334ad4303aa6b?s=96&d=mm&r=g\",\"url\":\"https:\/\/secure.gravatar.com\/avatar\/e0a867bdedb85fd243eadf09663511f96fc81e0720a4a42581f334ad4303aa6b?s=96&d=mm&r=g\",\"contentUrl\":\"https:\/\/secure.gravatar.com\/avatar\/e0a867bdedb85fd243eadf09663511f96fc81e0720a4a42581f334ad4303aa6b?s=96&d=mm&r=g\",\"caption\":\"Reda\u00e7\u00e3o\"}}]}<\/script>\n<!-- \/ Yoast SEO plugin. -->","yoast_head_json":{"title":"A perigosa t\u00e1tica do EI para implantar o Isl\u00e3 a ferro e fogo - Notibras","robots":{"index":"index","follow":"follow","max-snippet":"max-snippet:-1","max-image-preview":"max-image-preview:large","max-video-preview":"max-video-preview:-1"},"canonical":"https:\/\/www.notibras.com\/site\/a-perigosa-tatica-do-ei-para-implantar-o-isla-a-ferro-e-fogo\/","og_locale":"pt_BR","og_type":"article","og_title":"A perigosa t\u00e1tica do EI para implantar o Isl\u00e3 a ferro e fogo - Notibras","og_description":"Depois do terror desencadeado na S\u00edria e Iraque pelo Estado Isl\u00e2mico (EI) esconde-se uma maquinaria estruturada durante anos com um objetivo: implantar sua vis\u00e3o radical do Isl\u00e3 a sangue e fogo. Depois da fulgurante ofensiva da organiza\u00e7\u00e3o terrorista em amplas zonas de ambos pa\u00edses, numerosos meios de imprensa e servi\u00e7os de espionagem de todo mundo [&hellip;]","og_url":"https:\/\/www.notibras.com\/site\/a-perigosa-tatica-do-ei-para-implantar-o-isla-a-ferro-e-fogo\/","og_site_name":"Notibras","article_publisher":"https:\/\/www.facebook.com\/notibras\/","article_published_time":"2015-01-06T23:44:59+00:00","article_modified_time":"2015-01-06T23:45:50+00:00","og_image":[{"width":432,"height":324,"url":"https:\/\/www.notibras.com\/site\/wp-content\/uploads\/2015\/01\/estado-islamico-do-iraque-e-do-levante.jpg","type":"image\/jpeg"}],"author":"Reda\u00e7\u00e3o","twitter_card":"summary_large_image","twitter_creator":"@Notibras","twitter_site":"@Notibras","twitter_misc":{"Escrito por":"Reda\u00e7\u00e3o","Est. tempo de leitura":"4 minutos"},"schema":{"@context":"https:\/\/schema.org","@graph":[{"@type":"Article","@id":"https:\/\/www.notibras.com\/site\/a-perigosa-tatica-do-ei-para-implantar-o-isla-a-ferro-e-fogo\/#article","isPartOf":{"@id":"https:\/\/www.notibras.com\/site\/a-perigosa-tatica-do-ei-para-implantar-o-isla-a-ferro-e-fogo\/"},"author":{"name":"Reda\u00e7\u00e3o","@id":"https:\/\/www.notibras.com\/site\/#\/schema\/person\/36ab0979449956132d3e5b517ea76ac8"},"headline":"A perigosa t\u00e1tica do EI para implantar o Isl\u00e3 a ferro e fogo","datePublished":"2015-01-06T23:44:59+00:00","dateModified":"2015-01-06T23:45:50+00:00","mainEntityOfPage":{"@id":"https:\/\/www.notibras.com\/site\/a-perigosa-tatica-do-ei-para-implantar-o-isla-a-ferro-e-fogo\/"},"wordCount":721,"commentCount":0,"publisher":{"@id":"https:\/\/www.notibras.com\/site\/#organization"},"image":{"@id":"https:\/\/www.notibras.com\/site\/a-perigosa-tatica-do-ei-para-implantar-o-isla-a-ferro-e-fogo\/#primaryimage"},"thumbnailUrl":"https:\/\/www.notibras.com\/site\/wp-content\/uploads\/2015\/01\/estado-islamico-do-iraque-e-do-levante.jpg","articleSection":["Opina a\u00ed"],"inLanguage":"pt-BR","potentialAction":[{"@type":"CommentAction","name":"Comment","target":["https:\/\/www.notibras.com\/site\/a-perigosa-tatica-do-ei-para-implantar-o-isla-a-ferro-e-fogo\/#respond"]}]},{"@type":"WebPage","@id":"https:\/\/www.notibras.com\/site\/a-perigosa-tatica-do-ei-para-implantar-o-isla-a-ferro-e-fogo\/","url":"https:\/\/www.notibras.com\/site\/a-perigosa-tatica-do-ei-para-implantar-o-isla-a-ferro-e-fogo\/","name":"A perigosa t\u00e1tica do EI para implantar o Isl\u00e3 a ferro e fogo - Notibras","isPartOf":{"@id":"https:\/\/www.notibras.com\/site\/#website"},"primaryImageOfPage":{"@id":"https:\/\/www.notibras.com\/site\/a-perigosa-tatica-do-ei-para-implantar-o-isla-a-ferro-e-fogo\/#primaryimage"},"image":{"@id":"https:\/\/www.notibras.com\/site\/a-perigosa-tatica-do-ei-para-implantar-o-isla-a-ferro-e-fogo\/#primaryimage"},"thumbnailUrl":"https:\/\/www.notibras.com\/site\/wp-content\/uploads\/2015\/01\/estado-islamico-do-iraque-e-do-levante.jpg","datePublished":"2015-01-06T23:44:59+00:00","dateModified":"2015-01-06T23:45:50+00:00","breadcrumb":{"@id":"https:\/\/www.notibras.com\/site\/a-perigosa-tatica-do-ei-para-implantar-o-isla-a-ferro-e-fogo\/#breadcrumb"},"inLanguage":"pt-BR","potentialAction":[{"@type":"ReadAction","target":["https:\/\/www.notibras.com\/site\/a-perigosa-tatica-do-ei-para-implantar-o-isla-a-ferro-e-fogo\/"]}]},{"@type":"ImageObject","inLanguage":"pt-BR","@id":"https:\/\/www.notibras.com\/site\/a-perigosa-tatica-do-ei-para-implantar-o-isla-a-ferro-e-fogo\/#primaryimage","url":"https:\/\/www.notibras.com\/site\/wp-content\/uploads\/2015\/01\/estado-islamico-do-iraque-e-do-levante.jpg","contentUrl":"https:\/\/www.notibras.com\/site\/wp-content\/uploads\/2015\/01\/estado-islamico-do-iraque-e-do-levante.jpg","width":432,"height":324},{"@type":"BreadcrumbList","@id":"https:\/\/www.notibras.com\/site\/a-perigosa-tatica-do-ei-para-implantar-o-isla-a-ferro-e-fogo\/#breadcrumb","itemListElement":[{"@type":"ListItem","position":1,"name":"In\u00edcio","item":"https:\/\/www.notibras.com\/site\/"},{"@type":"ListItem","position":2,"name":"A perigosa t\u00e1tica do EI para implantar o Isl\u00e3 a ferro e fogo"}]},{"@type":"WebSite","@id":"https:\/\/www.notibras.com\/site\/#website","url":"https:\/\/www.notibras.com\/site\/","name":"Notibras","description":"Not\u00edcias de Bras\u00edlia, do Brasil e do Mundo","publisher":{"@id":"https:\/\/www.notibras.com\/site\/#organization"},"potentialAction":[{"@type":"SearchAction","target":{"@type":"EntryPoint","urlTemplate":"https:\/\/www.notibras.com\/site\/?s={search_term_string}"},"query-input":{"@type":"PropertyValueSpecification","valueRequired":true,"valueName":"search_term_string"}}],"inLanguage":"pt-BR"},{"@type":"Organization","@id":"https:\/\/www.notibras.com\/site\/#organization","name":"Grupo Notibras de Comunica\u00e7\u00e3o","url":"https:\/\/www.notibras.com\/site\/","logo":{"@type":"ImageObject","inLanguage":"pt-BR","@id":"https:\/\/www.notibras.com\/site\/#\/schema\/logo\/image\/","url":"https:\/\/www.notibras.com\/site\/wp-content\/uploads\/2023\/01\/notibras23.png","contentUrl":"https:\/\/www.notibras.com\/site\/wp-content\/uploads\/2023\/01\/notibras23.png","width":350,"height":87,"caption":"Grupo Notibras de Comunica\u00e7\u00e3o"},"image":{"@id":"https:\/\/www.notibras.com\/site\/#\/schema\/logo\/image\/"},"sameAs":["https:\/\/www.facebook.com\/notibras\/","https:\/\/x.com\/Notibras","https:\/\/www.instagram.com\/notibras\/"]},{"@type":"Person","@id":"https:\/\/www.notibras.com\/site\/#\/schema\/person\/36ab0979449956132d3e5b517ea76ac8","name":"Reda\u00e7\u00e3o","image":{"@type":"ImageObject","inLanguage":"pt-BR","@id":"https:\/\/secure.gravatar.com\/avatar\/e0a867bdedb85fd243eadf09663511f96fc81e0720a4a42581f334ad4303aa6b?s=96&d=mm&r=g","url":"https:\/\/secure.gravatar.com\/avatar\/e0a867bdedb85fd243eadf09663511f96fc81e0720a4a42581f334ad4303aa6b?s=96&d=mm&r=g","contentUrl":"https:\/\/secure.gravatar.com\/avatar\/e0a867bdedb85fd243eadf09663511f96fc81e0720a4a42581f334ad4303aa6b?s=96&d=mm&r=g","caption":"Reda\u00e7\u00e3o"}}]}},"amp_enabled":true,"_links":{"self":[{"href":"https:\/\/www.notibras.com\/site\/wp-json\/wp\/v2\/posts\/33159","targetHints":{"allow":["GET"]}}],"collection":[{"href":"https:\/\/www.notibras.com\/site\/wp-json\/wp\/v2\/posts"}],"about":[{"href":"https:\/\/www.notibras.com\/site\/wp-json\/wp\/v2\/types\/post"}],"author":[{"embeddable":true,"href":"https:\/\/www.notibras.com\/site\/wp-json\/wp\/v2\/users\/2"}],"replies":[{"embeddable":true,"href":"https:\/\/www.notibras.com\/site\/wp-json\/wp\/v2\/comments?post=33159"}],"version-history":[{"count":0,"href":"https:\/\/www.notibras.com\/site\/wp-json\/wp\/v2\/posts\/33159\/revisions"}],"wp:featuredmedia":[{"embeddable":true,"href":"https:\/\/www.notibras.com\/site\/wp-json\/wp\/v2\/media\/33160"}],"wp:attachment":[{"href":"https:\/\/www.notibras.com\/site\/wp-json\/wp\/v2\/media?parent=33159"}],"wp:term":[{"taxonomy":"category","embeddable":true,"href":"https:\/\/www.notibras.com\/site\/wp-json\/wp\/v2\/categories?post=33159"},{"taxonomy":"post_tag","embeddable":true,"href":"https:\/\/www.notibras.com\/site\/wp-json\/wp\/v2\/tags?post=33159"}],"curies":[{"name":"wp","href":"https:\/\/api.w.org\/{rel}","templated":true}]}}