{"id":331611,"date":"2024-06-27T04:22:46","date_gmt":"2024-06-27T07:22:46","guid":{"rendered":"https:\/\/www.notibras.com\/site\/?p=331611"},"modified":"2024-06-27T04:46:11","modified_gmt":"2024-06-27T07:46:11","slug":"abobrinha-fica-marcado-ate-na-dieta-pos-infarto","status":"publish","type":"post","link":"https:\/\/www.notibras.com\/site\/abobrinha-fica-marcado-ate-na-dieta-pos-infarto\/","title":{"rendered":"Abobrinha fica marcado at\u00e9 na dieta p\u00f3s-infarto"},"content":{"rendered":"<p>Quem me v\u00ea hoje nem imagina que, h\u00e1 muito tempo, meus colegas de trabalho me chamavam por um apelido. Odiava essa alcunha, mas eis que, aqui nessa cama fria do meu quarto, sinto saudade de quando podia correr pela rua. Do apelido, confesso que at\u00e9 sinto falta.<\/p>\n<p>Comecei na firma numa fun\u00e7\u00e3o que nem carteira assinada tinha, mas que era essencial para que a mercadoria chegasse aos clientes. Entregador de cerveja, foi esse o in\u00edcio da minha trajet\u00f3ria profissional. N\u00e3o cheguei a presidente da empresa, \u00e9 verdade, nem mesmo passei perto de ser nomeado diretor. Todavia, o cargo de gerente, ap\u00f3s quase uma d\u00e9cada, me garantiu uma vida confort\u00e1vel.<\/p>\n<p>Foi logo no meu primeiro dia, quando cheguei \u00e0 garagem e me apresentei ao motorista que faria as entregas comigo. Jorge, mas todos o chamavam de Antigo. N\u00e3o porque fosse o mais antigo na firma, mas por causa da idade, 53, quase um velho naqueles idos.<\/p>\n<p>Assim que comecei a colocar os engradados na carroceria, o Cl\u00f3vis come\u00e7ou a rir e apontar para a minha cabe\u00e7a dizendo que parecia com uma ab\u00f3bora. Devo ter feito cara de quem n\u00e3o gostou da brincadeira, pois o apelido pegou que nem chiclete.<\/p>\n<p>De Ab\u00f3bora foi um pulo at\u00e9 Abobrinha. N\u00e3o por conta de poss\u00edveis besteiras que eu pudesse dizer nessa \u00e9poca, mesmo porque costumava entrar mudo e sair calado, tamanha a minha timidez. Era por causa do meu f\u00edsico franzino e minha baixa estatura. Mas devo dizer que nessa \u00e9poca eu estava com 14 anos, quase 15. Se bem que n\u00e3o cresci muito a partir de ent\u00e3o, estancando no atual 1,62 m que conservo desde ent\u00e3o.<\/p>\n<p>Ap\u00f3s carregar tantos engradados nos ombros, ganhei m\u00fasculos proeminentes, que, assim que galguei na profiss\u00e3o, foram cambiados por uma cintura mais arredondada. Mal notei no in\u00edcio tal metamorfose, at\u00e9 que precisei trocar as cal\u00e7as e aposentar o cinto. O acr\u00e9scimo no sal\u00e1rio, todavia, ludibriou qualquer autocr\u00edtica com a nova silhueta.<\/p>\n<p>Antes fosse apenas quest\u00e3o de vaidade, mas fui advertido pelo cardiologista. Bobagens de m\u00e9dicos, pensei. Antes fosse isso. At\u00e9 Gorete, com quem havia me casado h\u00e1 dois anos, come\u00e7ou a reclamar da minha gulodice.<\/p>\n<p>\u2014 Carlos, meu bem, por favor, n\u00e3o coma a pele do frango. Faz mal! Desfiei o peito pra voc\u00ea.<\/p>\n<p>O prazer daquela gordura toda descia para o est\u00f4mago, que roncava suplicando por s\u00f3 mais um pouquinho. Entregue completamente aos prazeres da comida, acabei desmaiando sentado \u00e0 mesa. Meu rosto tombou para frente e foi amortecido sobre a montanha no prato.<\/p>\n<p>N\u00e3o me lembro da ambul\u00e2ncia chegando, nem da minha chegada ao hospital. Quando voltei da cirurgia, a primeira coisa que vi foi o rosto de Gorete. Ela, com l\u00e1grimas nos olhos, disse que me amava. Ao seu lado, o m\u00e9dico que havia me operado.<\/p>\n<p>\u2014 Carlos, voc\u00ea teve um infarto do mioc\u00e1rdio. A cirurgia foi um sucesso, mas voc\u00ea precisa colaborar. A partir de agora, nada de gordura.<\/p>\n<p>Tenho me cuidado desde ent\u00e3o. J\u00e1 perdi alguns quilos, muito mais por conta do monitoramento da minha mulher. Nada de pele de frango, nada de churrasco com gordurinha. Ali\u00e1s, Gorete, com aquele lindo sorriso no rosto, veio me contar o card\u00e1pio do almo\u00e7o.<\/p>\n<p>\u2014 Carlos, meu amor, preparei uma abobrinha daqui, \u00f3!<\/p>\n<p><strong>*Eduardo Mart\u00ednez \u00e9 autor do livro \u201c57 Contos e Cr\u00f4nicas por um Autor muito Velho\u201d.<\/strong><\/p>\n<p>Compre aqui\u00a0<span class=\"x19la9d6 x1fc57z9 x6ikm8r x10wlt62 x19co3pv x1g5zs5t xfibh0p xiy17q3 x1xsqp64 x1lkfr7t xexx8yu x4uap5 x18d9i69 xkhd6sd\"><span class=\"xrtxmta x1bhl96m\"><img decoding=\"async\" class=\"emoji\" role=\"img\" draggable=\"false\" src=\"https:\/\/s.w.org\/images\/core\/emoji\/14.0.0\/svg\/1f447-1f3ff.svg\" alt=\"&#x1f447;&#x1f3ff;\" \/><\/span><\/span><span class=\"x19la9d6 x1fc57z9 x6ikm8r x10wlt62 x19co3pv x1g5zs5t xfibh0p xiy17q3 x1xsqp64 x1lkfr7t xexx8yu x4uap5 x18d9i69 xkhd6sd\"><span class=\"xrtxmta x1bhl96m\"><img decoding=\"async\" class=\"emoji\" role=\"img\" draggable=\"false\" src=\"https:\/\/s.w.org\/images\/core\/emoji\/14.0.0\/svg\/1f447-1f3ff.svg\" alt=\"&#x1f447;&#x1f3ff;\" \/><\/span><\/span><span class=\"x19la9d6 x1fc57z9 x6ikm8r x10wlt62 x19co3pv x1g5zs5t xfibh0p xiy17q3 x1xsqp64 x1lkfr7t xexx8yu x4uap5 x18d9i69 xkhd6sd\"><span class=\"xrtxmta x1bhl96m\"><img decoding=\"async\" class=\"emoji\" role=\"img\" draggable=\"false\" src=\"https:\/\/s.w.org\/images\/core\/emoji\/14.0.0\/svg\/1f447-1f3ff.svg\" alt=\"&#x1f447;&#x1f3ff;\" \/><\/span><\/span><\/p>\n<p><a href=\"http:\/\/www.joanineditora.com.br\/57-contos-e-cronicas-por-um-autor-muito-velho\">http:\/\/www.joanineditora.com.br\/57-contos-e-cronicas-por-um-autor-muito-velho<\/a><\/p>\n","protected":false},"excerpt":{"rendered":"<p>Quem me v\u00ea hoje nem imagina que, h\u00e1 muito tempo, meus colegas de trabalho me chamavam por um apelido. Odiava essa alcunha, mas eis que, aqui nessa cama fria do meu quarto, sinto saudade de quando podia correr pela rua. Do apelido, confesso que at\u00e9 sinto falta. Comecei na firma numa fun\u00e7\u00e3o que nem carteira [&hellip;]<\/p>\n","protected":false},"author":2,"featured_media":331612,"comment_status":"closed","ping_status":"closed","sticky":false,"template":"","format":"standard","meta":{"_acf_changed":false,"footnotes":""},"categories":[161],"tags":[],"class_list":["post-331611","post","type-post","status-publish","format-standard","has-post-thumbnail","hentry","category-quadradinho-em-foco"],"acf":[],"yoast_head":"<!-- This site is optimized with the Yoast SEO plugin v27.5 - https:\/\/yoast.com\/product\/yoast-seo-wordpress\/ -->\n<title>Abobrinha fica marcado at\u00e9 na dieta p\u00f3s-infarto - Notibras<\/title>\n<meta name=\"robots\" content=\"index, follow, max-snippet:-1, max-image-preview:large, max-video-preview:-1\" \/>\n<link rel=\"canonical\" href=\"https:\/\/www.notibras.com\/site\/abobrinha-fica-marcado-ate-na-dieta-pos-infarto\/\" \/>\n<meta property=\"og:locale\" content=\"pt_BR\" \/>\n<meta property=\"og:type\" content=\"article\" \/>\n<meta property=\"og:title\" content=\"Abobrinha fica marcado at\u00e9 na dieta p\u00f3s-infarto - Notibras\" \/>\n<meta property=\"og:description\" content=\"Quem me v\u00ea hoje nem imagina que, h\u00e1 muito tempo, meus colegas de trabalho me chamavam por um apelido. Odiava essa alcunha, mas eis que, aqui nessa cama fria do meu quarto, sinto saudade de quando podia correr pela rua. Do apelido, confesso que at\u00e9 sinto falta. Comecei na firma numa fun\u00e7\u00e3o que nem carteira [&hellip;]\" \/>\n<meta property=\"og:url\" content=\"https:\/\/www.notibras.com\/site\/abobrinha-fica-marcado-ate-na-dieta-pos-infarto\/\" \/>\n<meta property=\"og:site_name\" content=\"Notibras\" \/>\n<meta property=\"article:publisher\" content=\"https:\/\/www.facebook.com\/notibras\/\" \/>\n<meta property=\"article:published_time\" content=\"2024-06-27T07:22:46+00:00\" \/>\n<meta property=\"article:modified_time\" content=\"2024-06-27T07:46:11+00:00\" \/>\n<meta property=\"og:image\" content=\"https:\/\/www.notibras.com\/site\/wp-content\/uploads\/2024\/06\/e9d68604-0ea5-442a-82f5-5c85c84e23fc.jpeg\" \/>\n\t<meta property=\"og:image:width\" content=\"320\" \/>\n\t<meta property=\"og:image:height\" content=\"296\" \/>\n\t<meta property=\"og:image:type\" content=\"image\/jpeg\" \/>\n<meta name=\"author\" content=\"Reda\u00e7\u00e3o\" \/>\n<meta name=\"twitter:card\" content=\"summary_large_image\" \/>\n<meta name=\"twitter:creator\" content=\"@Notibras\" \/>\n<meta name=\"twitter:site\" content=\"@Notibras\" \/>\n<meta name=\"twitter:label1\" content=\"Escrito por\" \/>\n\t<meta name=\"twitter:data1\" content=\"Reda\u00e7\u00e3o\" \/>\n\t<meta name=\"twitter:label2\" content=\"Est. tempo de leitura\" \/>\n\t<meta name=\"twitter:data2\" content=\"4 minutos\" \/>\n<script type=\"application\/ld+json\" class=\"yoast-schema-graph\">{\"@context\":\"https:\\\/\\\/schema.org\",\"@graph\":[{\"@type\":\"Article\",\"@id\":\"https:\\\/\\\/www.notibras.com\\\/site\\\/abobrinha-fica-marcado-ate-na-dieta-pos-infarto\\\/#article\",\"isPartOf\":{\"@id\":\"https:\\\/\\\/www.notibras.com\\\/site\\\/abobrinha-fica-marcado-ate-na-dieta-pos-infarto\\\/\"},\"author\":{\"name\":\"Reda\u00e7\u00e3o\",\"@id\":\"https:\\\/\\\/www.notibras.com\\\/site\\\/#\\\/schema\\\/person\\\/36ab0979449956132d3e5b517ea76ac8\"},\"headline\":\"Abobrinha fica marcado at\u00e9 na dieta p\u00f3s-infarto\",\"datePublished\":\"2024-06-27T07:22:46+00:00\",\"dateModified\":\"2024-06-27T07:46:11+00:00\",\"mainEntityOfPage\":{\"@id\":\"https:\\\/\\\/www.notibras.com\\\/site\\\/abobrinha-fica-marcado-ate-na-dieta-pos-infarto\\\/\"},\"wordCount\":598,\"publisher\":{\"@id\":\"https:\\\/\\\/www.notibras.com\\\/site\\\/#organization\"},\"image\":{\"@id\":\"https:\\\/\\\/www.notibras.com\\\/site\\\/abobrinha-fica-marcado-ate-na-dieta-pos-infarto\\\/#primaryimage\"},\"thumbnailUrl\":\"https:\\\/\\\/www.notibras.com\\\/site\\\/wp-content\\\/uploads\\\/2024\\\/06\\\/e9d68604-0ea5-442a-82f5-5c85c84e23fc.jpeg\",\"articleSection\":[\"Quadradinho em Foco\"],\"inLanguage\":\"pt-BR\"},{\"@type\":\"WebPage\",\"@id\":\"https:\\\/\\\/www.notibras.com\\\/site\\\/abobrinha-fica-marcado-ate-na-dieta-pos-infarto\\\/\",\"url\":\"https:\\\/\\\/www.notibras.com\\\/site\\\/abobrinha-fica-marcado-ate-na-dieta-pos-infarto\\\/\",\"name\":\"Abobrinha fica marcado at\u00e9 na dieta p\u00f3s-infarto - Notibras\",\"isPartOf\":{\"@id\":\"https:\\\/\\\/www.notibras.com\\\/site\\\/#website\"},\"primaryImageOfPage\":{\"@id\":\"https:\\\/\\\/www.notibras.com\\\/site\\\/abobrinha-fica-marcado-ate-na-dieta-pos-infarto\\\/#primaryimage\"},\"image\":{\"@id\":\"https:\\\/\\\/www.notibras.com\\\/site\\\/abobrinha-fica-marcado-ate-na-dieta-pos-infarto\\\/#primaryimage\"},\"thumbnailUrl\":\"https:\\\/\\\/www.notibras.com\\\/site\\\/wp-content\\\/uploads\\\/2024\\\/06\\\/e9d68604-0ea5-442a-82f5-5c85c84e23fc.jpeg\",\"datePublished\":\"2024-06-27T07:22:46+00:00\",\"dateModified\":\"2024-06-27T07:46:11+00:00\",\"breadcrumb\":{\"@id\":\"https:\\\/\\\/www.notibras.com\\\/site\\\/abobrinha-fica-marcado-ate-na-dieta-pos-infarto\\\/#breadcrumb\"},\"inLanguage\":\"pt-BR\",\"potentialAction\":[{\"@type\":\"ReadAction\",\"target\":[\"https:\\\/\\\/www.notibras.com\\\/site\\\/abobrinha-fica-marcado-ate-na-dieta-pos-infarto\\\/\"]}]},{\"@type\":\"ImageObject\",\"inLanguage\":\"pt-BR\",\"@id\":\"https:\\\/\\\/www.notibras.com\\\/site\\\/abobrinha-fica-marcado-ate-na-dieta-pos-infarto\\\/#primaryimage\",\"url\":\"https:\\\/\\\/www.notibras.com\\\/site\\\/wp-content\\\/uploads\\\/2024\\\/06\\\/e9d68604-0ea5-442a-82f5-5c85c84e23fc.jpeg\",\"contentUrl\":\"https:\\\/\\\/www.notibras.com\\\/site\\\/wp-content\\\/uploads\\\/2024\\\/06\\\/e9d68604-0ea5-442a-82f5-5c85c84e23fc.jpeg\",\"width\":320,\"height\":296},{\"@type\":\"BreadcrumbList\",\"@id\":\"https:\\\/\\\/www.notibras.com\\\/site\\\/abobrinha-fica-marcado-ate-na-dieta-pos-infarto\\\/#breadcrumb\",\"itemListElement\":[{\"@type\":\"ListItem\",\"position\":1,\"name\":\"In\u00edcio\",\"item\":\"https:\\\/\\\/www.notibras.com\\\/site\\\/\"},{\"@type\":\"ListItem\",\"position\":2,\"name\":\"Abobrinha fica marcado at\u00e9 na dieta p\u00f3s-infarto\"}]},{\"@type\":\"WebSite\",\"@id\":\"https:\\\/\\\/www.notibras.com\\\/site\\\/#website\",\"url\":\"https:\\\/\\\/www.notibras.com\\\/site\\\/\",\"name\":\"Notibras\",\"description\":\"Not\u00edcias de Bras\u00edlia, do Brasil e do Mundo\",\"publisher\":{\"@id\":\"https:\\\/\\\/www.notibras.com\\\/site\\\/#organization\"},\"potentialAction\":[{\"@type\":\"SearchAction\",\"target\":{\"@type\":\"EntryPoint\",\"urlTemplate\":\"https:\\\/\\\/www.notibras.com\\\/site\\\/?s={search_term_string}\"},\"query-input\":{\"@type\":\"PropertyValueSpecification\",\"valueRequired\":true,\"valueName\":\"search_term_string\"}}],\"inLanguage\":\"pt-BR\"},{\"@type\":\"Organization\",\"@id\":\"https:\\\/\\\/www.notibras.com\\\/site\\\/#organization\",\"name\":\"Grupo Notibras de Comunica\u00e7\u00e3o\",\"url\":\"https:\\\/\\\/www.notibras.com\\\/site\\\/\",\"logo\":{\"@type\":\"ImageObject\",\"inLanguage\":\"pt-BR\",\"@id\":\"https:\\\/\\\/www.notibras.com\\\/site\\\/#\\\/schema\\\/logo\\\/image\\\/\",\"url\":\"https:\\\/\\\/www.notibras.com\\\/site\\\/wp-content\\\/uploads\\\/2023\\\/01\\\/notibras23.png\",\"contentUrl\":\"https:\\\/\\\/www.notibras.com\\\/site\\\/wp-content\\\/uploads\\\/2023\\\/01\\\/notibras23.png\",\"width\":350,\"height\":87,\"caption\":\"Grupo Notibras de Comunica\u00e7\u00e3o\"},\"image\":{\"@id\":\"https:\\\/\\\/www.notibras.com\\\/site\\\/#\\\/schema\\\/logo\\\/image\\\/\"},\"sameAs\":[\"https:\\\/\\\/www.facebook.com\\\/notibras\\\/\",\"https:\\\/\\\/x.com\\\/Notibras\",\"https:\\\/\\\/www.instagram.com\\\/notibras\\\/\"]},{\"@type\":\"Person\",\"@id\":\"https:\\\/\\\/www.notibras.com\\\/site\\\/#\\\/schema\\\/person\\\/36ab0979449956132d3e5b517ea76ac8\",\"name\":\"Reda\u00e7\u00e3o\",\"image\":{\"@type\":\"ImageObject\",\"inLanguage\":\"pt-BR\",\"@id\":\"https:\\\/\\\/secure.gravatar.com\\\/avatar\\\/e0a867bdedb85fd243eadf09663511f96fc81e0720a4a42581f334ad4303aa6b?s=96&d=mm&r=g\",\"url\":\"https:\\\/\\\/secure.gravatar.com\\\/avatar\\\/e0a867bdedb85fd243eadf09663511f96fc81e0720a4a42581f334ad4303aa6b?s=96&d=mm&r=g\",\"contentUrl\":\"https:\\\/\\\/secure.gravatar.com\\\/avatar\\\/e0a867bdedb85fd243eadf09663511f96fc81e0720a4a42581f334ad4303aa6b?s=96&d=mm&r=g\",\"caption\":\"Reda\u00e7\u00e3o\"}}]}<\/script>\n<!-- \/ Yoast SEO plugin. -->","yoast_head_json":{"title":"Abobrinha fica marcado at\u00e9 na dieta p\u00f3s-infarto - Notibras","robots":{"index":"index","follow":"follow","max-snippet":"max-snippet:-1","max-image-preview":"max-image-preview:large","max-video-preview":"max-video-preview:-1"},"canonical":"https:\/\/www.notibras.com\/site\/abobrinha-fica-marcado-ate-na-dieta-pos-infarto\/","og_locale":"pt_BR","og_type":"article","og_title":"Abobrinha fica marcado at\u00e9 na dieta p\u00f3s-infarto - Notibras","og_description":"Quem me v\u00ea hoje nem imagina que, h\u00e1 muito tempo, meus colegas de trabalho me chamavam por um apelido. Odiava essa alcunha, mas eis que, aqui nessa cama fria do meu quarto, sinto saudade de quando podia correr pela rua. Do apelido, confesso que at\u00e9 sinto falta. Comecei na firma numa fun\u00e7\u00e3o que nem carteira [&hellip;]","og_url":"https:\/\/www.notibras.com\/site\/abobrinha-fica-marcado-ate-na-dieta-pos-infarto\/","og_site_name":"Notibras","article_publisher":"https:\/\/www.facebook.com\/notibras\/","article_published_time":"2024-06-27T07:22:46+00:00","article_modified_time":"2024-06-27T07:46:11+00:00","og_image":[{"width":320,"height":296,"url":"https:\/\/www.notibras.com\/site\/wp-content\/uploads\/2024\/06\/e9d68604-0ea5-442a-82f5-5c85c84e23fc.jpeg","type":"image\/jpeg"}],"author":"Reda\u00e7\u00e3o","twitter_card":"summary_large_image","twitter_creator":"@Notibras","twitter_site":"@Notibras","twitter_misc":{"Escrito por":"Reda\u00e7\u00e3o","Est. tempo de leitura":"4 minutos"},"schema":{"@context":"https:\/\/schema.org","@graph":[{"@type":"Article","@id":"https:\/\/www.notibras.com\/site\/abobrinha-fica-marcado-ate-na-dieta-pos-infarto\/#article","isPartOf":{"@id":"https:\/\/www.notibras.com\/site\/abobrinha-fica-marcado-ate-na-dieta-pos-infarto\/"},"author":{"name":"Reda\u00e7\u00e3o","@id":"https:\/\/www.notibras.com\/site\/#\/schema\/person\/36ab0979449956132d3e5b517ea76ac8"},"headline":"Abobrinha fica marcado at\u00e9 na dieta p\u00f3s-infarto","datePublished":"2024-06-27T07:22:46+00:00","dateModified":"2024-06-27T07:46:11+00:00","mainEntityOfPage":{"@id":"https:\/\/www.notibras.com\/site\/abobrinha-fica-marcado-ate-na-dieta-pos-infarto\/"},"wordCount":598,"publisher":{"@id":"https:\/\/www.notibras.com\/site\/#organization"},"image":{"@id":"https:\/\/www.notibras.com\/site\/abobrinha-fica-marcado-ate-na-dieta-pos-infarto\/#primaryimage"},"thumbnailUrl":"https:\/\/www.notibras.com\/site\/wp-content\/uploads\/2024\/06\/e9d68604-0ea5-442a-82f5-5c85c84e23fc.jpeg","articleSection":["Quadradinho em Foco"],"inLanguage":"pt-BR"},{"@type":"WebPage","@id":"https:\/\/www.notibras.com\/site\/abobrinha-fica-marcado-ate-na-dieta-pos-infarto\/","url":"https:\/\/www.notibras.com\/site\/abobrinha-fica-marcado-ate-na-dieta-pos-infarto\/","name":"Abobrinha fica marcado at\u00e9 na dieta p\u00f3s-infarto - Notibras","isPartOf":{"@id":"https:\/\/www.notibras.com\/site\/#website"},"primaryImageOfPage":{"@id":"https:\/\/www.notibras.com\/site\/abobrinha-fica-marcado-ate-na-dieta-pos-infarto\/#primaryimage"},"image":{"@id":"https:\/\/www.notibras.com\/site\/abobrinha-fica-marcado-ate-na-dieta-pos-infarto\/#primaryimage"},"thumbnailUrl":"https:\/\/www.notibras.com\/site\/wp-content\/uploads\/2024\/06\/e9d68604-0ea5-442a-82f5-5c85c84e23fc.jpeg","datePublished":"2024-06-27T07:22:46+00:00","dateModified":"2024-06-27T07:46:11+00:00","breadcrumb":{"@id":"https:\/\/www.notibras.com\/site\/abobrinha-fica-marcado-ate-na-dieta-pos-infarto\/#breadcrumb"},"inLanguage":"pt-BR","potentialAction":[{"@type":"ReadAction","target":["https:\/\/www.notibras.com\/site\/abobrinha-fica-marcado-ate-na-dieta-pos-infarto\/"]}]},{"@type":"ImageObject","inLanguage":"pt-BR","@id":"https:\/\/www.notibras.com\/site\/abobrinha-fica-marcado-ate-na-dieta-pos-infarto\/#primaryimage","url":"https:\/\/www.notibras.com\/site\/wp-content\/uploads\/2024\/06\/e9d68604-0ea5-442a-82f5-5c85c84e23fc.jpeg","contentUrl":"https:\/\/www.notibras.com\/site\/wp-content\/uploads\/2024\/06\/e9d68604-0ea5-442a-82f5-5c85c84e23fc.jpeg","width":320,"height":296},{"@type":"BreadcrumbList","@id":"https:\/\/www.notibras.com\/site\/abobrinha-fica-marcado-ate-na-dieta-pos-infarto\/#breadcrumb","itemListElement":[{"@type":"ListItem","position":1,"name":"In\u00edcio","item":"https:\/\/www.notibras.com\/site\/"},{"@type":"ListItem","position":2,"name":"Abobrinha fica marcado at\u00e9 na dieta p\u00f3s-infarto"}]},{"@type":"WebSite","@id":"https:\/\/www.notibras.com\/site\/#website","url":"https:\/\/www.notibras.com\/site\/","name":"Notibras","description":"Not\u00edcias de Bras\u00edlia, do Brasil e do Mundo","publisher":{"@id":"https:\/\/www.notibras.com\/site\/#organization"},"potentialAction":[{"@type":"SearchAction","target":{"@type":"EntryPoint","urlTemplate":"https:\/\/www.notibras.com\/site\/?s={search_term_string}"},"query-input":{"@type":"PropertyValueSpecification","valueRequired":true,"valueName":"search_term_string"}}],"inLanguage":"pt-BR"},{"@type":"Organization","@id":"https:\/\/www.notibras.com\/site\/#organization","name":"Grupo Notibras de Comunica\u00e7\u00e3o","url":"https:\/\/www.notibras.com\/site\/","logo":{"@type":"ImageObject","inLanguage":"pt-BR","@id":"https:\/\/www.notibras.com\/site\/#\/schema\/logo\/image\/","url":"https:\/\/www.notibras.com\/site\/wp-content\/uploads\/2023\/01\/notibras23.png","contentUrl":"https:\/\/www.notibras.com\/site\/wp-content\/uploads\/2023\/01\/notibras23.png","width":350,"height":87,"caption":"Grupo Notibras de Comunica\u00e7\u00e3o"},"image":{"@id":"https:\/\/www.notibras.com\/site\/#\/schema\/logo\/image\/"},"sameAs":["https:\/\/www.facebook.com\/notibras\/","https:\/\/x.com\/Notibras","https:\/\/www.instagram.com\/notibras\/"]},{"@type":"Person","@id":"https:\/\/www.notibras.com\/site\/#\/schema\/person\/36ab0979449956132d3e5b517ea76ac8","name":"Reda\u00e7\u00e3o","image":{"@type":"ImageObject","inLanguage":"pt-BR","@id":"https:\/\/secure.gravatar.com\/avatar\/e0a867bdedb85fd243eadf09663511f96fc81e0720a4a42581f334ad4303aa6b?s=96&d=mm&r=g","url":"https:\/\/secure.gravatar.com\/avatar\/e0a867bdedb85fd243eadf09663511f96fc81e0720a4a42581f334ad4303aa6b?s=96&d=mm&r=g","contentUrl":"https:\/\/secure.gravatar.com\/avatar\/e0a867bdedb85fd243eadf09663511f96fc81e0720a4a42581f334ad4303aa6b?s=96&d=mm&r=g","caption":"Reda\u00e7\u00e3o"}}]}},"amp_enabled":true,"_links":{"self":[{"href":"https:\/\/www.notibras.com\/site\/wp-json\/wp\/v2\/posts\/331611","targetHints":{"allow":["GET"]}}],"collection":[{"href":"https:\/\/www.notibras.com\/site\/wp-json\/wp\/v2\/posts"}],"about":[{"href":"https:\/\/www.notibras.com\/site\/wp-json\/wp\/v2\/types\/post"}],"author":[{"embeddable":true,"href":"https:\/\/www.notibras.com\/site\/wp-json\/wp\/v2\/users\/2"}],"replies":[{"embeddable":true,"href":"https:\/\/www.notibras.com\/site\/wp-json\/wp\/v2\/comments?post=331611"}],"version-history":[{"count":2,"href":"https:\/\/www.notibras.com\/site\/wp-json\/wp\/v2\/posts\/331611\/revisions"}],"predecessor-version":[{"id":331620,"href":"https:\/\/www.notibras.com\/site\/wp-json\/wp\/v2\/posts\/331611\/revisions\/331620"}],"wp:featuredmedia":[{"embeddable":true,"href":"https:\/\/www.notibras.com\/site\/wp-json\/wp\/v2\/media\/331612"}],"wp:attachment":[{"href":"https:\/\/www.notibras.com\/site\/wp-json\/wp\/v2\/media?parent=331611"}],"wp:term":[{"taxonomy":"category","embeddable":true,"href":"https:\/\/www.notibras.com\/site\/wp-json\/wp\/v2\/categories?post=331611"},{"taxonomy":"post_tag","embeddable":true,"href":"https:\/\/www.notibras.com\/site\/wp-json\/wp\/v2\/tags?post=331611"}],"curies":[{"name":"wp","href":"https:\/\/api.w.org\/{rel}","templated":true}]}}