{"id":331644,"date":"2024-06-27T10:31:22","date_gmt":"2024-06-27T13:31:22","guid":{"rendered":"https:\/\/www.notibras.com\/site\/?p=331644"},"modified":"2024-06-27T14:33:07","modified_gmt":"2024-06-27T17:33:07","slug":"taxa-de-inflacao-do-aluguel-acumula-245-em-1-ano","status":"publish","type":"post","link":"https:\/\/www.notibras.com\/site\/taxa-de-inflacao-do-aluguel-acumula-245-em-1-ano\/","title":{"rendered":"Taxa de infla\u00e7\u00e3o do aluguel acumula 2,45% em 1 ano"},"content":{"rendered":"<p>O \u00cdndice Geral de Pre\u00e7os \u2013 Mercado (IGP-M), usado como refer\u00eancia para reajustes em alguns contratos de aluguel, registrou uma infla\u00e7\u00e3o de 0,81% em junho deste ano. A taxa \u00e9 menor do que a observada em maio (0,89%). Em junho de 2023, no entanto, o indicador teve uma defla\u00e7\u00e3o (queda de pre\u00e7os), de 1,93%.<\/p>\n<p>Segundo a Funda\u00e7\u00e3o Getulio Vargas (FGV), com o resultado de junho, o IGP-M acumula taxas de infla\u00e7\u00e3o de 1,10% neste ano e de 2,45% nos \u00faltimos 12 meses.<\/p>\n<p>Os tr\u00eas sub\u00edndices que comp\u00f5em o IGP-M, tiveram infla\u00e7\u00e3o em junho, mas apenas um dele apresentou queda na taxa. O \u00cdndice de Pre\u00e7os ao Produtor Amplo (IPA), que mede a varia\u00e7\u00e3o no atacado, registrou taxa de infla\u00e7\u00e3o de 0,89% em junho, menos intensa do que o 1,06% de maio.<\/p>\n<p>Por outro lado, dois sub\u00edndices tiveram aumento na taxa de infla\u00e7\u00e3o. O \u00cdndice de Pre\u00e7os ao Consumidor (IPC), que mede o varejo, passou de 0,44% em maio para 0,46% em junho, enquanto a infla\u00e7\u00e3o do \u00cdndice Nacional de Custo da Constru\u00e7\u00e3o (INCC) subiu de 0,59% para 0,93% no per\u00edodo.<\/p>\n","protected":false},"excerpt":{"rendered":"<p>O \u00cdndice Geral de Pre\u00e7os \u2013 Mercado (IGP-M), usado como refer\u00eancia para reajustes em alguns contratos de aluguel, registrou uma infla\u00e7\u00e3o de 0,81% em junho deste ano. A taxa \u00e9 menor do que a observada em maio (0,89%). Em junho de 2023, no entanto, o indicador teve uma defla\u00e7\u00e3o (queda de pre\u00e7os), de 1,93%. Segundo [&hellip;]<\/p>\n","protected":false},"author":2,"featured_media":132829,"comment_status":"closed","ping_status":"closed","sticky":false,"template":"","format":"standard","meta":{"_acf_changed":false,"footnotes":""},"categories":[161],"tags":[],"class_list":["post-331644","post","type-post","status-publish","format-standard","has-post-thumbnail","hentry","category-quadradinho-em-foco"],"acf":[],"yoast_head":"<!-- This site is optimized with the Yoast SEO plugin v27.5 - https:\/\/yoast.com\/product\/yoast-seo-wordpress\/ -->\n<title>Taxa de infla\u00e7\u00e3o do aluguel acumula 2,45% em 1 ano - Notibras<\/title>\n<meta name=\"robots\" content=\"index, follow, max-snippet:-1, max-image-preview:large, max-video-preview:-1\" \/>\n<link rel=\"canonical\" href=\"https:\/\/www.notibras.com\/site\/taxa-de-inflacao-do-aluguel-acumula-245-em-1-ano\/\" \/>\n<meta property=\"og:locale\" content=\"pt_BR\" \/>\n<meta property=\"og:type\" content=\"article\" \/>\n<meta property=\"og:title\" content=\"Taxa de infla\u00e7\u00e3o do aluguel acumula 2,45% em 1 ano - Notibras\" \/>\n<meta property=\"og:description\" content=\"O \u00cdndice Geral de Pre\u00e7os \u2013 Mercado (IGP-M), usado como refer\u00eancia para reajustes em alguns contratos de aluguel, registrou uma infla\u00e7\u00e3o de 0,81% em junho deste ano. A taxa \u00e9 menor do que a observada em maio (0,89%). Em junho de 2023, no entanto, o indicador teve uma defla\u00e7\u00e3o (queda de pre\u00e7os), de 1,93%. Segundo [&hellip;]\" \/>\n<meta property=\"og:url\" content=\"https:\/\/www.notibras.com\/site\/taxa-de-inflacao-do-aluguel-acumula-245-em-1-ano\/\" \/>\n<meta property=\"og:site_name\" content=\"Notibras\" \/>\n<meta property=\"article:publisher\" content=\"https:\/\/www.facebook.com\/notibras\/\" \/>\n<meta property=\"article:published_time\" content=\"2024-06-27T13:31:22+00:00\" \/>\n<meta property=\"article:modified_time\" content=\"2024-06-27T17:33:07+00:00\" \/>\n<meta property=\"og:image\" content=\"https:\/\/www.notibras.com\/site\/wp-content\/uploads\/2017\/03\/\u00c1guas-Claras-1.jpg\" \/>\n\t<meta property=\"og:image:width\" content=\"1600\" \/>\n\t<meta property=\"og:image:height\" content=\"1064\" \/>\n\t<meta property=\"og:image:type\" content=\"image\/jpeg\" \/>\n<meta name=\"author\" content=\"Reda\u00e7\u00e3o\" \/>\n<meta name=\"twitter:card\" content=\"summary_large_image\" \/>\n<meta name=\"twitter:creator\" content=\"@Notibras\" \/>\n<meta name=\"twitter:site\" content=\"@Notibras\" \/>\n<meta name=\"twitter:label1\" content=\"Escrito por\" \/>\n\t<meta name=\"twitter:data1\" content=\"Reda\u00e7\u00e3o\" \/>\n\t<meta name=\"twitter:label2\" content=\"Est. tempo de leitura\" \/>\n\t<meta name=\"twitter:data2\" content=\"2 minutos\" \/>\n<script type=\"application\/ld+json\" class=\"yoast-schema-graph\">{\"@context\":\"https:\\\/\\\/schema.org\",\"@graph\":[{\"@type\":\"Article\",\"@id\":\"https:\\\/\\\/www.notibras.com\\\/site\\\/taxa-de-inflacao-do-aluguel-acumula-245-em-1-ano\\\/#article\",\"isPartOf\":{\"@id\":\"https:\\\/\\\/www.notibras.com\\\/site\\\/taxa-de-inflacao-do-aluguel-acumula-245-em-1-ano\\\/\"},\"author\":{\"name\":\"Reda\u00e7\u00e3o\",\"@id\":\"https:\\\/\\\/www.notibras.com\\\/site\\\/#\\\/schema\\\/person\\\/36ab0979449956132d3e5b517ea76ac8\"},\"headline\":\"Taxa de infla\u00e7\u00e3o do aluguel acumula 2,45% em 1 ano\",\"datePublished\":\"2024-06-27T13:31:22+00:00\",\"dateModified\":\"2024-06-27T17:33:07+00:00\",\"mainEntityOfPage\":{\"@id\":\"https:\\\/\\\/www.notibras.com\\\/site\\\/taxa-de-inflacao-do-aluguel-acumula-245-em-1-ano\\\/\"},\"wordCount\":194,\"publisher\":{\"@id\":\"https:\\\/\\\/www.notibras.com\\\/site\\\/#organization\"},\"image\":{\"@id\":\"https:\\\/\\\/www.notibras.com\\\/site\\\/taxa-de-inflacao-do-aluguel-acumula-245-em-1-ano\\\/#primaryimage\"},\"thumbnailUrl\":\"https:\\\/\\\/www.notibras.com\\\/site\\\/wp-content\\\/uploads\\\/2017\\\/03\\\/\u00c1guas-Claras-1.jpg\",\"articleSection\":[\"Quadradinho em Foco\"],\"inLanguage\":\"pt-BR\"},{\"@type\":\"WebPage\",\"@id\":\"https:\\\/\\\/www.notibras.com\\\/site\\\/taxa-de-inflacao-do-aluguel-acumula-245-em-1-ano\\\/\",\"url\":\"https:\\\/\\\/www.notibras.com\\\/site\\\/taxa-de-inflacao-do-aluguel-acumula-245-em-1-ano\\\/\",\"name\":\"Taxa de infla\u00e7\u00e3o do aluguel acumula 2,45% em 1 ano - Notibras\",\"isPartOf\":{\"@id\":\"https:\\\/\\\/www.notibras.com\\\/site\\\/#website\"},\"primaryImageOfPage\":{\"@id\":\"https:\\\/\\\/www.notibras.com\\\/site\\\/taxa-de-inflacao-do-aluguel-acumula-245-em-1-ano\\\/#primaryimage\"},\"image\":{\"@id\":\"https:\\\/\\\/www.notibras.com\\\/site\\\/taxa-de-inflacao-do-aluguel-acumula-245-em-1-ano\\\/#primaryimage\"},\"thumbnailUrl\":\"https:\\\/\\\/www.notibras.com\\\/site\\\/wp-content\\\/uploads\\\/2017\\\/03\\\/\u00c1guas-Claras-1.jpg\",\"datePublished\":\"2024-06-27T13:31:22+00:00\",\"dateModified\":\"2024-06-27T17:33:07+00:00\",\"breadcrumb\":{\"@id\":\"https:\\\/\\\/www.notibras.com\\\/site\\\/taxa-de-inflacao-do-aluguel-acumula-245-em-1-ano\\\/#breadcrumb\"},\"inLanguage\":\"pt-BR\",\"potentialAction\":[{\"@type\":\"ReadAction\",\"target\":[\"https:\\\/\\\/www.notibras.com\\\/site\\\/taxa-de-inflacao-do-aluguel-acumula-245-em-1-ano\\\/\"]}]},{\"@type\":\"ImageObject\",\"inLanguage\":\"pt-BR\",\"@id\":\"https:\\\/\\\/www.notibras.com\\\/site\\\/taxa-de-inflacao-do-aluguel-acumula-245-em-1-ano\\\/#primaryimage\",\"url\":\"https:\\\/\\\/www.notibras.com\\\/site\\\/wp-content\\\/uploads\\\/2017\\\/03\\\/\u00c1guas-Claras-1.jpg\",\"contentUrl\":\"https:\\\/\\\/www.notibras.com\\\/site\\\/wp-content\\\/uploads\\\/2017\\\/03\\\/\u00c1guas-Claras-1.jpg\",\"width\":1600,\"height\":1064},{\"@type\":\"BreadcrumbList\",\"@id\":\"https:\\\/\\\/www.notibras.com\\\/site\\\/taxa-de-inflacao-do-aluguel-acumula-245-em-1-ano\\\/#breadcrumb\",\"itemListElement\":[{\"@type\":\"ListItem\",\"position\":1,\"name\":\"In\u00edcio\",\"item\":\"https:\\\/\\\/www.notibras.com\\\/site\\\/\"},{\"@type\":\"ListItem\",\"position\":2,\"name\":\"Taxa de infla\u00e7\u00e3o do aluguel acumula 2,45% em 1 ano\"}]},{\"@type\":\"WebSite\",\"@id\":\"https:\\\/\\\/www.notibras.com\\\/site\\\/#website\",\"url\":\"https:\\\/\\\/www.notibras.com\\\/site\\\/\",\"name\":\"Notibras\",\"description\":\"Not\u00edcias de Bras\u00edlia, do Brasil e do Mundo\",\"publisher\":{\"@id\":\"https:\\\/\\\/www.notibras.com\\\/site\\\/#organization\"},\"potentialAction\":[{\"@type\":\"SearchAction\",\"target\":{\"@type\":\"EntryPoint\",\"urlTemplate\":\"https:\\\/\\\/www.notibras.com\\\/site\\\/?s={search_term_string}\"},\"query-input\":{\"@type\":\"PropertyValueSpecification\",\"valueRequired\":true,\"valueName\":\"search_term_string\"}}],\"inLanguage\":\"pt-BR\"},{\"@type\":\"Organization\",\"@id\":\"https:\\\/\\\/www.notibras.com\\\/site\\\/#organization\",\"name\":\"Grupo Notibras de Comunica\u00e7\u00e3o\",\"url\":\"https:\\\/\\\/www.notibras.com\\\/site\\\/\",\"logo\":{\"@type\":\"ImageObject\",\"inLanguage\":\"pt-BR\",\"@id\":\"https:\\\/\\\/www.notibras.com\\\/site\\\/#\\\/schema\\\/logo\\\/image\\\/\",\"url\":\"https:\\\/\\\/www.notibras.com\\\/site\\\/wp-content\\\/uploads\\\/2023\\\/01\\\/notibras23.png\",\"contentUrl\":\"https:\\\/\\\/www.notibras.com\\\/site\\\/wp-content\\\/uploads\\\/2023\\\/01\\\/notibras23.png\",\"width\":350,\"height\":87,\"caption\":\"Grupo Notibras de Comunica\u00e7\u00e3o\"},\"image\":{\"@id\":\"https:\\\/\\\/www.notibras.com\\\/site\\\/#\\\/schema\\\/logo\\\/image\\\/\"},\"sameAs\":[\"https:\\\/\\\/www.facebook.com\\\/notibras\\\/\",\"https:\\\/\\\/x.com\\\/Notibras\",\"https:\\\/\\\/www.instagram.com\\\/notibras\\\/\"]},{\"@type\":\"Person\",\"@id\":\"https:\\\/\\\/www.notibras.com\\\/site\\\/#\\\/schema\\\/person\\\/36ab0979449956132d3e5b517ea76ac8\",\"name\":\"Reda\u00e7\u00e3o\",\"image\":{\"@type\":\"ImageObject\",\"inLanguage\":\"pt-BR\",\"@id\":\"https:\\\/\\\/secure.gravatar.com\\\/avatar\\\/e0a867bdedb85fd243eadf09663511f96fc81e0720a4a42581f334ad4303aa6b?s=96&d=mm&r=g\",\"url\":\"https:\\\/\\\/secure.gravatar.com\\\/avatar\\\/e0a867bdedb85fd243eadf09663511f96fc81e0720a4a42581f334ad4303aa6b?s=96&d=mm&r=g\",\"contentUrl\":\"https:\\\/\\\/secure.gravatar.com\\\/avatar\\\/e0a867bdedb85fd243eadf09663511f96fc81e0720a4a42581f334ad4303aa6b?s=96&d=mm&r=g\",\"caption\":\"Reda\u00e7\u00e3o\"}}]}<\/script>\n<!-- \/ Yoast SEO plugin. -->","yoast_head_json":{"title":"Taxa de infla\u00e7\u00e3o do aluguel acumula 2,45% em 1 ano - Notibras","robots":{"index":"index","follow":"follow","max-snippet":"max-snippet:-1","max-image-preview":"max-image-preview:large","max-video-preview":"max-video-preview:-1"},"canonical":"https:\/\/www.notibras.com\/site\/taxa-de-inflacao-do-aluguel-acumula-245-em-1-ano\/","og_locale":"pt_BR","og_type":"article","og_title":"Taxa de infla\u00e7\u00e3o do aluguel acumula 2,45% em 1 ano - Notibras","og_description":"O \u00cdndice Geral de Pre\u00e7os \u2013 Mercado (IGP-M), usado como refer\u00eancia para reajustes em alguns contratos de aluguel, registrou uma infla\u00e7\u00e3o de 0,81% em junho deste ano. A taxa \u00e9 menor do que a observada em maio (0,89%). Em junho de 2023, no entanto, o indicador teve uma defla\u00e7\u00e3o (queda de pre\u00e7os), de 1,93%. Segundo [&hellip;]","og_url":"https:\/\/www.notibras.com\/site\/taxa-de-inflacao-do-aluguel-acumula-245-em-1-ano\/","og_site_name":"Notibras","article_publisher":"https:\/\/www.facebook.com\/notibras\/","article_published_time":"2024-06-27T13:31:22+00:00","article_modified_time":"2024-06-27T17:33:07+00:00","og_image":[{"width":1600,"height":1064,"url":"https:\/\/www.notibras.com\/site\/wp-content\/uploads\/2017\/03\/\u00c1guas-Claras-1.jpg","type":"image\/jpeg"}],"author":"Reda\u00e7\u00e3o","twitter_card":"summary_large_image","twitter_creator":"@Notibras","twitter_site":"@Notibras","twitter_misc":{"Escrito por":"Reda\u00e7\u00e3o","Est. tempo de leitura":"2 minutos"},"schema":{"@context":"https:\/\/schema.org","@graph":[{"@type":"Article","@id":"https:\/\/www.notibras.com\/site\/taxa-de-inflacao-do-aluguel-acumula-245-em-1-ano\/#article","isPartOf":{"@id":"https:\/\/www.notibras.com\/site\/taxa-de-inflacao-do-aluguel-acumula-245-em-1-ano\/"},"author":{"name":"Reda\u00e7\u00e3o","@id":"https:\/\/www.notibras.com\/site\/#\/schema\/person\/36ab0979449956132d3e5b517ea76ac8"},"headline":"Taxa de infla\u00e7\u00e3o do aluguel acumula 2,45% em 1 ano","datePublished":"2024-06-27T13:31:22+00:00","dateModified":"2024-06-27T17:33:07+00:00","mainEntityOfPage":{"@id":"https:\/\/www.notibras.com\/site\/taxa-de-inflacao-do-aluguel-acumula-245-em-1-ano\/"},"wordCount":194,"publisher":{"@id":"https:\/\/www.notibras.com\/site\/#organization"},"image":{"@id":"https:\/\/www.notibras.com\/site\/taxa-de-inflacao-do-aluguel-acumula-245-em-1-ano\/#primaryimage"},"thumbnailUrl":"https:\/\/www.notibras.com\/site\/wp-content\/uploads\/2017\/03\/\u00c1guas-Claras-1.jpg","articleSection":["Quadradinho em Foco"],"inLanguage":"pt-BR"},{"@type":"WebPage","@id":"https:\/\/www.notibras.com\/site\/taxa-de-inflacao-do-aluguel-acumula-245-em-1-ano\/","url":"https:\/\/www.notibras.com\/site\/taxa-de-inflacao-do-aluguel-acumula-245-em-1-ano\/","name":"Taxa de infla\u00e7\u00e3o do aluguel acumula 2,45% em 1 ano - Notibras","isPartOf":{"@id":"https:\/\/www.notibras.com\/site\/#website"},"primaryImageOfPage":{"@id":"https:\/\/www.notibras.com\/site\/taxa-de-inflacao-do-aluguel-acumula-245-em-1-ano\/#primaryimage"},"image":{"@id":"https:\/\/www.notibras.com\/site\/taxa-de-inflacao-do-aluguel-acumula-245-em-1-ano\/#primaryimage"},"thumbnailUrl":"https:\/\/www.notibras.com\/site\/wp-content\/uploads\/2017\/03\/\u00c1guas-Claras-1.jpg","datePublished":"2024-06-27T13:31:22+00:00","dateModified":"2024-06-27T17:33:07+00:00","breadcrumb":{"@id":"https:\/\/www.notibras.com\/site\/taxa-de-inflacao-do-aluguel-acumula-245-em-1-ano\/#breadcrumb"},"inLanguage":"pt-BR","potentialAction":[{"@type":"ReadAction","target":["https:\/\/www.notibras.com\/site\/taxa-de-inflacao-do-aluguel-acumula-245-em-1-ano\/"]}]},{"@type":"ImageObject","inLanguage":"pt-BR","@id":"https:\/\/www.notibras.com\/site\/taxa-de-inflacao-do-aluguel-acumula-245-em-1-ano\/#primaryimage","url":"https:\/\/www.notibras.com\/site\/wp-content\/uploads\/2017\/03\/\u00c1guas-Claras-1.jpg","contentUrl":"https:\/\/www.notibras.com\/site\/wp-content\/uploads\/2017\/03\/\u00c1guas-Claras-1.jpg","width":1600,"height":1064},{"@type":"BreadcrumbList","@id":"https:\/\/www.notibras.com\/site\/taxa-de-inflacao-do-aluguel-acumula-245-em-1-ano\/#breadcrumb","itemListElement":[{"@type":"ListItem","position":1,"name":"In\u00edcio","item":"https:\/\/www.notibras.com\/site\/"},{"@type":"ListItem","position":2,"name":"Taxa de infla\u00e7\u00e3o do aluguel acumula 2,45% em 1 ano"}]},{"@type":"WebSite","@id":"https:\/\/www.notibras.com\/site\/#website","url":"https:\/\/www.notibras.com\/site\/","name":"Notibras","description":"Not\u00edcias de Bras\u00edlia, do Brasil e do Mundo","publisher":{"@id":"https:\/\/www.notibras.com\/site\/#organization"},"potentialAction":[{"@type":"SearchAction","target":{"@type":"EntryPoint","urlTemplate":"https:\/\/www.notibras.com\/site\/?s={search_term_string}"},"query-input":{"@type":"PropertyValueSpecification","valueRequired":true,"valueName":"search_term_string"}}],"inLanguage":"pt-BR"},{"@type":"Organization","@id":"https:\/\/www.notibras.com\/site\/#organization","name":"Grupo Notibras de Comunica\u00e7\u00e3o","url":"https:\/\/www.notibras.com\/site\/","logo":{"@type":"ImageObject","inLanguage":"pt-BR","@id":"https:\/\/www.notibras.com\/site\/#\/schema\/logo\/image\/","url":"https:\/\/www.notibras.com\/site\/wp-content\/uploads\/2023\/01\/notibras23.png","contentUrl":"https:\/\/www.notibras.com\/site\/wp-content\/uploads\/2023\/01\/notibras23.png","width":350,"height":87,"caption":"Grupo Notibras de Comunica\u00e7\u00e3o"},"image":{"@id":"https:\/\/www.notibras.com\/site\/#\/schema\/logo\/image\/"},"sameAs":["https:\/\/www.facebook.com\/notibras\/","https:\/\/x.com\/Notibras","https:\/\/www.instagram.com\/notibras\/"]},{"@type":"Person","@id":"https:\/\/www.notibras.com\/site\/#\/schema\/person\/36ab0979449956132d3e5b517ea76ac8","name":"Reda\u00e7\u00e3o","image":{"@type":"ImageObject","inLanguage":"pt-BR","@id":"https:\/\/secure.gravatar.com\/avatar\/e0a867bdedb85fd243eadf09663511f96fc81e0720a4a42581f334ad4303aa6b?s=96&d=mm&r=g","url":"https:\/\/secure.gravatar.com\/avatar\/e0a867bdedb85fd243eadf09663511f96fc81e0720a4a42581f334ad4303aa6b?s=96&d=mm&r=g","contentUrl":"https:\/\/secure.gravatar.com\/avatar\/e0a867bdedb85fd243eadf09663511f96fc81e0720a4a42581f334ad4303aa6b?s=96&d=mm&r=g","caption":"Reda\u00e7\u00e3o"}}]}},"amp_enabled":true,"_links":{"self":[{"href":"https:\/\/www.notibras.com\/site\/wp-json\/wp\/v2\/posts\/331644","targetHints":{"allow":["GET"]}}],"collection":[{"href":"https:\/\/www.notibras.com\/site\/wp-json\/wp\/v2\/posts"}],"about":[{"href":"https:\/\/www.notibras.com\/site\/wp-json\/wp\/v2\/types\/post"}],"author":[{"embeddable":true,"href":"https:\/\/www.notibras.com\/site\/wp-json\/wp\/v2\/users\/2"}],"replies":[{"embeddable":true,"href":"https:\/\/www.notibras.com\/site\/wp-json\/wp\/v2\/comments?post=331644"}],"version-history":[{"count":1,"href":"https:\/\/www.notibras.com\/site\/wp-json\/wp\/v2\/posts\/331644\/revisions"}],"predecessor-version":[{"id":331645,"href":"https:\/\/www.notibras.com\/site\/wp-json\/wp\/v2\/posts\/331644\/revisions\/331645"}],"wp:featuredmedia":[{"embeddable":true,"href":"https:\/\/www.notibras.com\/site\/wp-json\/wp\/v2\/media\/132829"}],"wp:attachment":[{"href":"https:\/\/www.notibras.com\/site\/wp-json\/wp\/v2\/media?parent=331644"}],"wp:term":[{"taxonomy":"category","embeddable":true,"href":"https:\/\/www.notibras.com\/site\/wp-json\/wp\/v2\/categories?post=331644"},{"taxonomy":"post_tag","embeddable":true,"href":"https:\/\/www.notibras.com\/site\/wp-json\/wp\/v2\/tags?post=331644"}],"curies":[{"name":"wp","href":"https:\/\/api.w.org\/{rel}","templated":true}]}}