{"id":331646,"date":"2024-06-27T00:37:32","date_gmt":"2024-06-27T03:37:32","guid":{"rendered":"https:\/\/www.notibras.com\/site\/?p=331646"},"modified":"2024-06-27T14:39:46","modified_gmt":"2024-06-27T17:39:46","slug":"entenda-a-decisao-sobre-descriminalizacao-da-maconha","status":"publish","type":"post","link":"https:\/\/www.notibras.com\/site\/entenda-a-decisao-sobre-descriminalizacao-da-maconha\/","title":{"rendered":"Entenda a decis\u00e3o sobre descriminaliza\u00e7\u00e3o da maconha"},"content":{"rendered":"<p>Ap\u00f3s nove anos de sucessivas interrup\u00e7\u00f5es, por 6 votos a 3, o Supremo Tribunal Federal (STF) finalizou nesta quarta-feira (26) o julgamento que descriminalizou o porte de maconha para uso pessoal e fixou a quantia de 40 gramas para diferenciar usu\u00e1rios de traficantes.<\/p>\n<p>Com a decis\u00e3o, n\u00e3o comete infra\u00e7\u00e3o penal quem adquirir, guardar, tiver em dep\u00f3sito, transportar ou trouxer consigo at\u00e9 40 gramas de maconha para consumo pessoal. A decis\u00e3o dever\u00e1 ser aplicada em todo o pa\u00eds ap\u00f3s a publica\u00e7\u00e3o da ata do julgamento, que deve ocorrer nos pr\u00f3ximos dias.<\/p>\n<p>A decis\u00e3o do Supremo n\u00e3o legaliza o porte de maconha. O porte para uso pessoal continua como comportamento il\u00edcito, ou seja, permanece proibido fumar a droga em local p\u00fablico, mas as consequ\u00eancias passam a ter natureza administrativa e n\u00e3o criminal.<\/p>\n<p>O Supremo julgou a constitucionalidade do Artigo 28 da Lei de Drogas (Lei 11.343\/2006). Para diferenciar usu\u00e1rios e traficantes, a norma prev\u00ea penas alternativas de presta\u00e7\u00e3o de servi\u00e7os \u00e0 comunidade, advert\u00eancia sobre os efeitos das drogas e comparecimento obrigat\u00f3rio a curso educativo.<\/p>\n<p>A lei deixou de prever a pena de pris\u00e3o, mas manteve a criminaliza\u00e7\u00e3o. Dessa forma, antes da decis\u00e3o da Corte, usu\u00e1rios de drogas eram alvos de inqu\u00e9rito policial e processos judiciais que buscavam a condena\u00e7\u00e3o para o cumprimento dessas penas alternativas.<\/p>\n<p>A Corte manteve a validade da Lei de Drogas, mas entendeu que as consequ\u00eancias s\u00e3o administrativas, deixando de valer a possibilidade de cumprimento de presta\u00e7\u00e3o de servi\u00e7os comunit\u00e1rios.<\/p>\n<p>A advert\u00eancia e presen\u00e7a obrigat\u00f3ria em curso educativo seguem mantidas e dever\u00e3o ser aplicadas pela Justi\u00e7a em procedimentos administrativos, sem repercuss\u00e3o penal.<\/p>\n<p>O registro de antecedentes criminais tamb\u00e9m n\u00e3o poder\u00e1 ser avaliado contra os usu\u00e1rios.<\/p>\n<p>A Corte fixou que deve ser de 40 gramas ou seis plantas f\u00eameas de cannabis a quantidade de maconha para caracterizar porte para uso pessoal e diferenciar usu\u00e1rios e traficantes.<\/p>\n<p>O c\u00e1lculo foi feito com base nos votos dos ministros que fixaram a quantia entre 25 e 60 gramas nos votos favor\u00e1veis \u00e0 descriminaliza\u00e7\u00e3o. A partir de uma m\u00e9dia entre as sugest\u00f5es, a quantidade de 40 gramas foi fixada.<\/p>\n<p>A decis\u00e3o tamb\u00e9m permite a pris\u00e3o por tr\u00e1fico de drogas nos casos de quantidade de maconha inferiores a 40 gramas. Nesses casos, dever\u00e3o ser considerados pelos delegados ind\u00edcios de comercializa\u00e7\u00e3o, apreens\u00e3o de balan\u00e7a para pesar o entorpecente e registros de vendas e de contatos entre traficantes.<\/p>\n<p><strong>Delegacia<\/strong><br \/>\nA decis\u00e3o n\u00e3o impede abordagens policiais, e a apreens\u00e3o da droga poder\u00e1 ser feita pelos agentes.<\/p>\n<p>Os usu\u00e1rios poder\u00e3o ser levados para uma delegacia quando forem abordados pela pol\u00edcia portando maconha. Caber\u00e1 ao delegado pesar a droga, verificar se a situa\u00e7\u00e3o realmente pode ser configurada como porte para uso pessoal. Em seguida, o usu\u00e1rio ser\u00e1 notificado a comparecer \u00e0 Justi\u00e7a.<\/p>\n<p>Contudo, n\u00e3o pode ocorrer pris\u00e3o em flagrante no caso de usu\u00e1rio.<\/p>\n<p><strong>Revis\u00e3o<\/strong><br \/>\nAp\u00f3s o julgamento, o presidente do STF, Lu\u00eds Roberto Barroso, disse que a decis\u00e3o pode retroagir para atingir pessoas condenadas pela Justi\u00e7a.<\/p>\n<p>Segundo ele, a decis\u00e3o pode beneficiar pessoas exclusivamente condenadas por porte de at\u00e9 40 gramas de maconha, sem liga\u00e7\u00f5es com o tr\u00e1fico. A revis\u00e3o da pena n\u00e3o \u00e9 autom\u00e1tica e s\u00f3 poderia ocorrer por meio de um recurso apresentado \u00e0 Justi\u00e7a.<\/p>\n<p>&#8220;A regra b\u00e1sica em mat\u00e9ria de Direito Penal \u00e9 que a lei n\u00e3o retroage se ela agravar a situa\u00e7\u00e3o de quem \u00e9 acusado ou esteja preso. Para beneficiar, \u00e9 poss\u00edvel&#8221;, afirmou.<\/p>\n","protected":false},"excerpt":{"rendered":"<p>Ap\u00f3s nove anos de sucessivas interrup\u00e7\u00f5es, por 6 votos a 3, o Supremo Tribunal Federal (STF) finalizou nesta quarta-feira (26) o julgamento que descriminalizou o porte de maconha para uso pessoal e fixou a quantia de 40 gramas para diferenciar usu\u00e1rios de traficantes. Com a decis\u00e3o, n\u00e3o comete infra\u00e7\u00e3o penal quem adquirir, guardar, tiver em [&hellip;]<\/p>\n","protected":false},"author":2,"featured_media":323668,"comment_status":"closed","ping_status":"closed","sticky":false,"template":"","format":"standard","meta":{"_acf_changed":false,"footnotes":""},"categories":[161],"tags":[],"class_list":["post-331646","post","type-post","status-publish","format-standard","has-post-thumbnail","hentry","category-quadradinho-em-foco"],"acf":[],"yoast_head":"<!-- This site is optimized with the Yoast SEO plugin v27.5 - https:\/\/yoast.com\/product\/yoast-seo-wordpress\/ -->\n<title>Entenda a decis\u00e3o sobre descriminaliza\u00e7\u00e3o da maconha - Notibras<\/title>\n<meta name=\"robots\" content=\"index, follow, max-snippet:-1, max-image-preview:large, max-video-preview:-1\" \/>\n<link rel=\"canonical\" href=\"https:\/\/www.notibras.com\/site\/entenda-a-decisao-sobre-descriminalizacao-da-maconha\/\" \/>\n<meta property=\"og:locale\" content=\"pt_BR\" \/>\n<meta property=\"og:type\" content=\"article\" \/>\n<meta property=\"og:title\" content=\"Entenda a decis\u00e3o sobre descriminaliza\u00e7\u00e3o da maconha - Notibras\" \/>\n<meta property=\"og:description\" content=\"Ap\u00f3s nove anos de sucessivas interrup\u00e7\u00f5es, por 6 votos a 3, o Supremo Tribunal Federal (STF) finalizou nesta quarta-feira (26) o julgamento que descriminalizou o porte de maconha para uso pessoal e fixou a quantia de 40 gramas para diferenciar usu\u00e1rios de traficantes. Com a decis\u00e3o, n\u00e3o comete infra\u00e7\u00e3o penal quem adquirir, guardar, tiver em [&hellip;]\" \/>\n<meta property=\"og:url\" content=\"https:\/\/www.notibras.com\/site\/entenda-a-decisao-sobre-descriminalizacao-da-maconha\/\" \/>\n<meta property=\"og:site_name\" content=\"Notibras\" \/>\n<meta property=\"article:publisher\" content=\"https:\/\/www.facebook.com\/notibras\/\" \/>\n<meta property=\"article:published_time\" content=\"2024-06-27T03:37:32+00:00\" \/>\n<meta property=\"article:modified_time\" content=\"2024-06-27T17:39:46+00:00\" \/>\n<meta property=\"og:image\" content=\"https:\/\/www.notibras.com\/site\/wp-content\/uploads\/2024\/03\/maconha.stf_.webp\" \/>\n\t<meta property=\"og:image:width\" content=\"1170\" \/>\n\t<meta property=\"og:image:height\" content=\"700\" \/>\n\t<meta property=\"og:image:type\" content=\"image\/webp\" \/>\n<meta name=\"author\" content=\"Reda\u00e7\u00e3o\" \/>\n<meta name=\"twitter:card\" content=\"summary_large_image\" \/>\n<meta name=\"twitter:creator\" content=\"@Notibras\" \/>\n<meta name=\"twitter:site\" content=\"@Notibras\" \/>\n<meta name=\"twitter:label1\" content=\"Escrito por\" \/>\n\t<meta name=\"twitter:data1\" content=\"Reda\u00e7\u00e3o\" \/>\n\t<meta name=\"twitter:label2\" content=\"Est. tempo de leitura\" \/>\n\t<meta name=\"twitter:data2\" content=\"4 minutos\" \/>\n<script type=\"application\/ld+json\" class=\"yoast-schema-graph\">{\"@context\":\"https:\\\/\\\/schema.org\",\"@graph\":[{\"@type\":\"Article\",\"@id\":\"https:\\\/\\\/www.notibras.com\\\/site\\\/entenda-a-decisao-sobre-descriminalizacao-da-maconha\\\/#article\",\"isPartOf\":{\"@id\":\"https:\\\/\\\/www.notibras.com\\\/site\\\/entenda-a-decisao-sobre-descriminalizacao-da-maconha\\\/\"},\"author\":{\"name\":\"Reda\u00e7\u00e3o\",\"@id\":\"https:\\\/\\\/www.notibras.com\\\/site\\\/#\\\/schema\\\/person\\\/36ab0979449956132d3e5b517ea76ac8\"},\"headline\":\"Entenda a decis\u00e3o sobre descriminaliza\u00e7\u00e3o da maconha\",\"datePublished\":\"2024-06-27T03:37:32+00:00\",\"dateModified\":\"2024-06-27T17:39:46+00:00\",\"mainEntityOfPage\":{\"@id\":\"https:\\\/\\\/www.notibras.com\\\/site\\\/entenda-a-decisao-sobre-descriminalizacao-da-maconha\\\/\"},\"wordCount\":634,\"publisher\":{\"@id\":\"https:\\\/\\\/www.notibras.com\\\/site\\\/#organization\"},\"image\":{\"@id\":\"https:\\\/\\\/www.notibras.com\\\/site\\\/entenda-a-decisao-sobre-descriminalizacao-da-maconha\\\/#primaryimage\"},\"thumbnailUrl\":\"https:\\\/\\\/www.notibras.com\\\/site\\\/wp-content\\\/uploads\\\/2024\\\/03\\\/maconha.stf_.webp\",\"articleSection\":[\"Quadradinho em Foco\"],\"inLanguage\":\"pt-BR\"},{\"@type\":\"WebPage\",\"@id\":\"https:\\\/\\\/www.notibras.com\\\/site\\\/entenda-a-decisao-sobre-descriminalizacao-da-maconha\\\/\",\"url\":\"https:\\\/\\\/www.notibras.com\\\/site\\\/entenda-a-decisao-sobre-descriminalizacao-da-maconha\\\/\",\"name\":\"Entenda a decis\u00e3o sobre descriminaliza\u00e7\u00e3o da maconha - Notibras\",\"isPartOf\":{\"@id\":\"https:\\\/\\\/www.notibras.com\\\/site\\\/#website\"},\"primaryImageOfPage\":{\"@id\":\"https:\\\/\\\/www.notibras.com\\\/site\\\/entenda-a-decisao-sobre-descriminalizacao-da-maconha\\\/#primaryimage\"},\"image\":{\"@id\":\"https:\\\/\\\/www.notibras.com\\\/site\\\/entenda-a-decisao-sobre-descriminalizacao-da-maconha\\\/#primaryimage\"},\"thumbnailUrl\":\"https:\\\/\\\/www.notibras.com\\\/site\\\/wp-content\\\/uploads\\\/2024\\\/03\\\/maconha.stf_.webp\",\"datePublished\":\"2024-06-27T03:37:32+00:00\",\"dateModified\":\"2024-06-27T17:39:46+00:00\",\"breadcrumb\":{\"@id\":\"https:\\\/\\\/www.notibras.com\\\/site\\\/entenda-a-decisao-sobre-descriminalizacao-da-maconha\\\/#breadcrumb\"},\"inLanguage\":\"pt-BR\",\"potentialAction\":[{\"@type\":\"ReadAction\",\"target\":[\"https:\\\/\\\/www.notibras.com\\\/site\\\/entenda-a-decisao-sobre-descriminalizacao-da-maconha\\\/\"]}]},{\"@type\":\"ImageObject\",\"inLanguage\":\"pt-BR\",\"@id\":\"https:\\\/\\\/www.notibras.com\\\/site\\\/entenda-a-decisao-sobre-descriminalizacao-da-maconha\\\/#primaryimage\",\"url\":\"https:\\\/\\\/www.notibras.com\\\/site\\\/wp-content\\\/uploads\\\/2024\\\/03\\\/maconha.stf_.webp\",\"contentUrl\":\"https:\\\/\\\/www.notibras.com\\\/site\\\/wp-content\\\/uploads\\\/2024\\\/03\\\/maconha.stf_.webp\",\"width\":1170,\"height\":700},{\"@type\":\"BreadcrumbList\",\"@id\":\"https:\\\/\\\/www.notibras.com\\\/site\\\/entenda-a-decisao-sobre-descriminalizacao-da-maconha\\\/#breadcrumb\",\"itemListElement\":[{\"@type\":\"ListItem\",\"position\":1,\"name\":\"In\u00edcio\",\"item\":\"https:\\\/\\\/www.notibras.com\\\/site\\\/\"},{\"@type\":\"ListItem\",\"position\":2,\"name\":\"Entenda a decis\u00e3o sobre descriminaliza\u00e7\u00e3o da maconha\"}]},{\"@type\":\"WebSite\",\"@id\":\"https:\\\/\\\/www.notibras.com\\\/site\\\/#website\",\"url\":\"https:\\\/\\\/www.notibras.com\\\/site\\\/\",\"name\":\"Notibras\",\"description\":\"Not\u00edcias de Bras\u00edlia, do Brasil e do Mundo\",\"publisher\":{\"@id\":\"https:\\\/\\\/www.notibras.com\\\/site\\\/#organization\"},\"potentialAction\":[{\"@type\":\"SearchAction\",\"target\":{\"@type\":\"EntryPoint\",\"urlTemplate\":\"https:\\\/\\\/www.notibras.com\\\/site\\\/?s={search_term_string}\"},\"query-input\":{\"@type\":\"PropertyValueSpecification\",\"valueRequired\":true,\"valueName\":\"search_term_string\"}}],\"inLanguage\":\"pt-BR\"},{\"@type\":\"Organization\",\"@id\":\"https:\\\/\\\/www.notibras.com\\\/site\\\/#organization\",\"name\":\"Grupo Notibras de Comunica\u00e7\u00e3o\",\"url\":\"https:\\\/\\\/www.notibras.com\\\/site\\\/\",\"logo\":{\"@type\":\"ImageObject\",\"inLanguage\":\"pt-BR\",\"@id\":\"https:\\\/\\\/www.notibras.com\\\/site\\\/#\\\/schema\\\/logo\\\/image\\\/\",\"url\":\"https:\\\/\\\/www.notibras.com\\\/site\\\/wp-content\\\/uploads\\\/2023\\\/01\\\/notibras23.png\",\"contentUrl\":\"https:\\\/\\\/www.notibras.com\\\/site\\\/wp-content\\\/uploads\\\/2023\\\/01\\\/notibras23.png\",\"width\":350,\"height\":87,\"caption\":\"Grupo Notibras de Comunica\u00e7\u00e3o\"},\"image\":{\"@id\":\"https:\\\/\\\/www.notibras.com\\\/site\\\/#\\\/schema\\\/logo\\\/image\\\/\"},\"sameAs\":[\"https:\\\/\\\/www.facebook.com\\\/notibras\\\/\",\"https:\\\/\\\/x.com\\\/Notibras\",\"https:\\\/\\\/www.instagram.com\\\/notibras\\\/\"]},{\"@type\":\"Person\",\"@id\":\"https:\\\/\\\/www.notibras.com\\\/site\\\/#\\\/schema\\\/person\\\/36ab0979449956132d3e5b517ea76ac8\",\"name\":\"Reda\u00e7\u00e3o\",\"image\":{\"@type\":\"ImageObject\",\"inLanguage\":\"pt-BR\",\"@id\":\"https:\\\/\\\/secure.gravatar.com\\\/avatar\\\/e0a867bdedb85fd243eadf09663511f96fc81e0720a4a42581f334ad4303aa6b?s=96&d=mm&r=g\",\"url\":\"https:\\\/\\\/secure.gravatar.com\\\/avatar\\\/e0a867bdedb85fd243eadf09663511f96fc81e0720a4a42581f334ad4303aa6b?s=96&d=mm&r=g\",\"contentUrl\":\"https:\\\/\\\/secure.gravatar.com\\\/avatar\\\/e0a867bdedb85fd243eadf09663511f96fc81e0720a4a42581f334ad4303aa6b?s=96&d=mm&r=g\",\"caption\":\"Reda\u00e7\u00e3o\"}}]}<\/script>\n<!-- \/ Yoast SEO plugin. -->","yoast_head_json":{"title":"Entenda a decis\u00e3o sobre descriminaliza\u00e7\u00e3o da maconha - Notibras","robots":{"index":"index","follow":"follow","max-snippet":"max-snippet:-1","max-image-preview":"max-image-preview:large","max-video-preview":"max-video-preview:-1"},"canonical":"https:\/\/www.notibras.com\/site\/entenda-a-decisao-sobre-descriminalizacao-da-maconha\/","og_locale":"pt_BR","og_type":"article","og_title":"Entenda a decis\u00e3o sobre descriminaliza\u00e7\u00e3o da maconha - Notibras","og_description":"Ap\u00f3s nove anos de sucessivas interrup\u00e7\u00f5es, por 6 votos a 3, o Supremo Tribunal Federal (STF) finalizou nesta quarta-feira (26) o julgamento que descriminalizou o porte de maconha para uso pessoal e fixou a quantia de 40 gramas para diferenciar usu\u00e1rios de traficantes. Com a decis\u00e3o, n\u00e3o comete infra\u00e7\u00e3o penal quem adquirir, guardar, tiver em [&hellip;]","og_url":"https:\/\/www.notibras.com\/site\/entenda-a-decisao-sobre-descriminalizacao-da-maconha\/","og_site_name":"Notibras","article_publisher":"https:\/\/www.facebook.com\/notibras\/","article_published_time":"2024-06-27T03:37:32+00:00","article_modified_time":"2024-06-27T17:39:46+00:00","og_image":[{"width":1170,"height":700,"url":"https:\/\/www.notibras.com\/site\/wp-content\/uploads\/2024\/03\/maconha.stf_.webp","type":"image\/webp"}],"author":"Reda\u00e7\u00e3o","twitter_card":"summary_large_image","twitter_creator":"@Notibras","twitter_site":"@Notibras","twitter_misc":{"Escrito por":"Reda\u00e7\u00e3o","Est. tempo de leitura":"4 minutos"},"schema":{"@context":"https:\/\/schema.org","@graph":[{"@type":"Article","@id":"https:\/\/www.notibras.com\/site\/entenda-a-decisao-sobre-descriminalizacao-da-maconha\/#article","isPartOf":{"@id":"https:\/\/www.notibras.com\/site\/entenda-a-decisao-sobre-descriminalizacao-da-maconha\/"},"author":{"name":"Reda\u00e7\u00e3o","@id":"https:\/\/www.notibras.com\/site\/#\/schema\/person\/36ab0979449956132d3e5b517ea76ac8"},"headline":"Entenda a decis\u00e3o sobre descriminaliza\u00e7\u00e3o da maconha","datePublished":"2024-06-27T03:37:32+00:00","dateModified":"2024-06-27T17:39:46+00:00","mainEntityOfPage":{"@id":"https:\/\/www.notibras.com\/site\/entenda-a-decisao-sobre-descriminalizacao-da-maconha\/"},"wordCount":634,"publisher":{"@id":"https:\/\/www.notibras.com\/site\/#organization"},"image":{"@id":"https:\/\/www.notibras.com\/site\/entenda-a-decisao-sobre-descriminalizacao-da-maconha\/#primaryimage"},"thumbnailUrl":"https:\/\/www.notibras.com\/site\/wp-content\/uploads\/2024\/03\/maconha.stf_.webp","articleSection":["Quadradinho em Foco"],"inLanguage":"pt-BR"},{"@type":"WebPage","@id":"https:\/\/www.notibras.com\/site\/entenda-a-decisao-sobre-descriminalizacao-da-maconha\/","url":"https:\/\/www.notibras.com\/site\/entenda-a-decisao-sobre-descriminalizacao-da-maconha\/","name":"Entenda a decis\u00e3o sobre descriminaliza\u00e7\u00e3o da maconha - Notibras","isPartOf":{"@id":"https:\/\/www.notibras.com\/site\/#website"},"primaryImageOfPage":{"@id":"https:\/\/www.notibras.com\/site\/entenda-a-decisao-sobre-descriminalizacao-da-maconha\/#primaryimage"},"image":{"@id":"https:\/\/www.notibras.com\/site\/entenda-a-decisao-sobre-descriminalizacao-da-maconha\/#primaryimage"},"thumbnailUrl":"https:\/\/www.notibras.com\/site\/wp-content\/uploads\/2024\/03\/maconha.stf_.webp","datePublished":"2024-06-27T03:37:32+00:00","dateModified":"2024-06-27T17:39:46+00:00","breadcrumb":{"@id":"https:\/\/www.notibras.com\/site\/entenda-a-decisao-sobre-descriminalizacao-da-maconha\/#breadcrumb"},"inLanguage":"pt-BR","potentialAction":[{"@type":"ReadAction","target":["https:\/\/www.notibras.com\/site\/entenda-a-decisao-sobre-descriminalizacao-da-maconha\/"]}]},{"@type":"ImageObject","inLanguage":"pt-BR","@id":"https:\/\/www.notibras.com\/site\/entenda-a-decisao-sobre-descriminalizacao-da-maconha\/#primaryimage","url":"https:\/\/www.notibras.com\/site\/wp-content\/uploads\/2024\/03\/maconha.stf_.webp","contentUrl":"https:\/\/www.notibras.com\/site\/wp-content\/uploads\/2024\/03\/maconha.stf_.webp","width":1170,"height":700},{"@type":"BreadcrumbList","@id":"https:\/\/www.notibras.com\/site\/entenda-a-decisao-sobre-descriminalizacao-da-maconha\/#breadcrumb","itemListElement":[{"@type":"ListItem","position":1,"name":"In\u00edcio","item":"https:\/\/www.notibras.com\/site\/"},{"@type":"ListItem","position":2,"name":"Entenda a decis\u00e3o sobre descriminaliza\u00e7\u00e3o da maconha"}]},{"@type":"WebSite","@id":"https:\/\/www.notibras.com\/site\/#website","url":"https:\/\/www.notibras.com\/site\/","name":"Notibras","description":"Not\u00edcias de Bras\u00edlia, do Brasil e do Mundo","publisher":{"@id":"https:\/\/www.notibras.com\/site\/#organization"},"potentialAction":[{"@type":"SearchAction","target":{"@type":"EntryPoint","urlTemplate":"https:\/\/www.notibras.com\/site\/?s={search_term_string}"},"query-input":{"@type":"PropertyValueSpecification","valueRequired":true,"valueName":"search_term_string"}}],"inLanguage":"pt-BR"},{"@type":"Organization","@id":"https:\/\/www.notibras.com\/site\/#organization","name":"Grupo Notibras de Comunica\u00e7\u00e3o","url":"https:\/\/www.notibras.com\/site\/","logo":{"@type":"ImageObject","inLanguage":"pt-BR","@id":"https:\/\/www.notibras.com\/site\/#\/schema\/logo\/image\/","url":"https:\/\/www.notibras.com\/site\/wp-content\/uploads\/2023\/01\/notibras23.png","contentUrl":"https:\/\/www.notibras.com\/site\/wp-content\/uploads\/2023\/01\/notibras23.png","width":350,"height":87,"caption":"Grupo Notibras de Comunica\u00e7\u00e3o"},"image":{"@id":"https:\/\/www.notibras.com\/site\/#\/schema\/logo\/image\/"},"sameAs":["https:\/\/www.facebook.com\/notibras\/","https:\/\/x.com\/Notibras","https:\/\/www.instagram.com\/notibras\/"]},{"@type":"Person","@id":"https:\/\/www.notibras.com\/site\/#\/schema\/person\/36ab0979449956132d3e5b517ea76ac8","name":"Reda\u00e7\u00e3o","image":{"@type":"ImageObject","inLanguage":"pt-BR","@id":"https:\/\/secure.gravatar.com\/avatar\/e0a867bdedb85fd243eadf09663511f96fc81e0720a4a42581f334ad4303aa6b?s=96&d=mm&r=g","url":"https:\/\/secure.gravatar.com\/avatar\/e0a867bdedb85fd243eadf09663511f96fc81e0720a4a42581f334ad4303aa6b?s=96&d=mm&r=g","contentUrl":"https:\/\/secure.gravatar.com\/avatar\/e0a867bdedb85fd243eadf09663511f96fc81e0720a4a42581f334ad4303aa6b?s=96&d=mm&r=g","caption":"Reda\u00e7\u00e3o"}}]}},"amp_enabled":true,"_links":{"self":[{"href":"https:\/\/www.notibras.com\/site\/wp-json\/wp\/v2\/posts\/331646","targetHints":{"allow":["GET"]}}],"collection":[{"href":"https:\/\/www.notibras.com\/site\/wp-json\/wp\/v2\/posts"}],"about":[{"href":"https:\/\/www.notibras.com\/site\/wp-json\/wp\/v2\/types\/post"}],"author":[{"embeddable":true,"href":"https:\/\/www.notibras.com\/site\/wp-json\/wp\/v2\/users\/2"}],"replies":[{"embeddable":true,"href":"https:\/\/www.notibras.com\/site\/wp-json\/wp\/v2\/comments?post=331646"}],"version-history":[{"count":1,"href":"https:\/\/www.notibras.com\/site\/wp-json\/wp\/v2\/posts\/331646\/revisions"}],"predecessor-version":[{"id":331647,"href":"https:\/\/www.notibras.com\/site\/wp-json\/wp\/v2\/posts\/331646\/revisions\/331647"}],"wp:featuredmedia":[{"embeddable":true,"href":"https:\/\/www.notibras.com\/site\/wp-json\/wp\/v2\/media\/323668"}],"wp:attachment":[{"href":"https:\/\/www.notibras.com\/site\/wp-json\/wp\/v2\/media?parent=331646"}],"wp:term":[{"taxonomy":"category","embeddable":true,"href":"https:\/\/www.notibras.com\/site\/wp-json\/wp\/v2\/categories?post=331646"},{"taxonomy":"post_tag","embeddable":true,"href":"https:\/\/www.notibras.com\/site\/wp-json\/wp\/v2\/tags?post=331646"}],"curies":[{"name":"wp","href":"https:\/\/api.w.org\/{rel}","templated":true}]}}