{"id":331748,"date":"2024-06-29T08:08:52","date_gmt":"2024-06-29T11:08:52","guid":{"rendered":"https:\/\/www.notibras.com\/site\/?p=331748"},"modified":"2024-06-29T08:08:52","modified_gmt":"2024-06-29T11:08:52","slug":"ferias-ficam-mais-animadas-com-olimpiadas-do-terraco","status":"publish","type":"post","link":"https:\/\/www.notibras.com\/site\/ferias-ficam-mais-animadas-com-olimpiadas-do-terraco\/","title":{"rendered":"F\u00e9rias ficam mais animadas com Olimp\u00edadas do Terra\u00e7o"},"content":{"rendered":"<p>A energia dos Jogos Ol\u00edmpicos de Paris vai dominar o Terra\u00e7o Shopping durante as f\u00e9rias escolares, com o evento Olimp\u00edadas do Terra\u00e7o. Dos dias 28 de junho a 25 de agosto, a crian\u00e7ada poder\u00e1 se divertir em um complexo de atividades que simula alguns dos esportes ol\u00edmpicos.<\/p>\n<p>De domingo a quinta das 12h \u00e0s 20h, sexta e s\u00e1bado das 12h \u00e0s 22h, na Pra\u00e7a Central, os pequenos poder\u00e3o emergir no clima do maior encontro esportivo mundial por meio de brincadeiras como arco e flecha, salto vertical, corrida de obst\u00e1culos, levantamento de peso, lan\u00e7amento de argolas, xadrez gigante e muito mais.<\/p>\n<p>O evento \u00e9 destinado para crian\u00e7as de 4 a 12 anos de idade. Os ingressos custam R$ 30 por 30 minutos. Cada minuto adicional custa R$ 1.<\/p>\n<p><strong>Servi\u00e7o:<\/strong><br \/>\nOlimp\u00edadas do Terra\u00e7o<br \/>\nPer\u00edodo: 28 de junho a 25 de agosto.<br \/>\nLocal: Pra\u00e7a Central<br \/>\nHor\u00e1rio de funcionamento: de domingo a quinta das 12h \u00e0s 20h, sexta e s\u00e1bado das 12h \u00e0s 22h.<br \/>\nClassifica\u00e7\u00e3o: crian\u00e7as de 4 a 12 anos de idade.<br \/>\nValor do ingresso: R$ 30,00 (trinta reais) por 30 minutos. Cada minuto adicional custa<br \/>\nR$ 1,00 (um real).<\/p>\n","protected":false},"excerpt":{"rendered":"<p>A energia dos Jogos Ol\u00edmpicos de Paris vai dominar o Terra\u00e7o Shopping durante as f\u00e9rias escolares, com o evento Olimp\u00edadas do Terra\u00e7o. Dos dias 28 de junho a 25 de agosto, a crian\u00e7ada poder\u00e1 se divertir em um complexo de atividades que simula alguns dos esportes ol\u00edmpicos. De domingo a quinta das 12h \u00e0s 20h, [&hellip;]<\/p>\n","protected":false},"author":2,"featured_media":325098,"comment_status":"closed","ping_status":"closed","sticky":false,"template":"","format":"standard","meta":{"_acf_changed":false,"footnotes":""},"categories":[161],"tags":[],"class_list":["post-331748","post","type-post","status-publish","format-standard","has-post-thumbnail","hentry","category-quadradinho-em-foco"],"acf":[],"_links":{"self":[{"href":"https:\/\/www.notibras.com\/site\/wp-json\/wp\/v2\/posts\/331748","targetHints":{"allow":["GET"]}}],"collection":[{"href":"https:\/\/www.notibras.com\/site\/wp-json\/wp\/v2\/posts"}],"about":[{"href":"https:\/\/www.notibras.com\/site\/wp-json\/wp\/v2\/types\/post"}],"author":[{"embeddable":true,"href":"https:\/\/www.notibras.com\/site\/wp-json\/wp\/v2\/users\/2"}],"replies":[{"embeddable":true,"href":"https:\/\/www.notibras.com\/site\/wp-json\/wp\/v2\/comments?post=331748"}],"version-history":[{"count":1,"href":"https:\/\/www.notibras.com\/site\/wp-json\/wp\/v2\/posts\/331748\/revisions"}],"predecessor-version":[{"id":331749,"href":"https:\/\/www.notibras.com\/site\/wp-json\/wp\/v2\/posts\/331748\/revisions\/331749"}],"wp:featuredmedia":[{"embeddable":true,"href":"https:\/\/www.notibras.com\/site\/wp-json\/wp\/v2\/media\/325098"}],"wp:attachment":[{"href":"https:\/\/www.notibras.com\/site\/wp-json\/wp\/v2\/media?parent=331748"}],"wp:term":[{"taxonomy":"category","embeddable":true,"href":"https:\/\/www.notibras.com\/site\/wp-json\/wp\/v2\/categories?post=331748"},{"taxonomy":"post_tag","embeddable":true,"href":"https:\/\/www.notibras.com\/site\/wp-json\/wp\/v2\/tags?post=331748"}],"curies":[{"name":"wp","href":"https:\/\/api.w.org\/{rel}","templated":true}]}}