{"id":331754,"date":"2024-06-29T08:34:30","date_gmt":"2024-06-29T11:34:30","guid":{"rendered":"https:\/\/www.notibras.com\/site\/?p=331754"},"modified":"2024-06-29T08:42:41","modified_gmt":"2024-06-29T11:42:41","slug":"mochila-e-pe-no-mundo-longe-da-briga-dos-pais","status":"publish","type":"post","link":"https:\/\/www.notibras.com\/site\/mochila-e-pe-no-mundo-longe-da-briga-dos-pais\/","title":{"rendered":"Mochila e p\u00e9 no mundo, longe da briga dos pais"},"content":{"rendered":"<p>Mam\u00e3e e papai n\u00e3o se suportavam, mas pareciam se entender muito bem na intimidade, haja vista as juras de amor que ouv\u00edamos vindas do quarto noite adentro. Talvez por isso, as nossas manh\u00e3s eram tranquilas, com aqueles dois lan\u00e7ando sorrisos de felicidade por conta da satisfa\u00e7\u00e3o vivida horas antes.<\/p>\n<p>Como meus irm\u00e3os e eu entr\u00e1vamos na escola bem cedo, sempre sa\u00edamos com a sensa\u00e7\u00e3o de que a nossa fam\u00edlia era que nem comercial de margarina. \u00c9 verdade que, vez ou outra, o sabor n\u00e3o era dos melhores, mas nada que nos fizesse desacreditar que \u00e9ramos felizes. E \u00e9ramos, pelos menos na maior parte do tempo.<\/p>\n<p>Essa intensidade de emo\u00e7\u00f5es perdurou at\u00e9 que n\u00f3s, provavelmente cansados de vivenciar tantas brigas, fomos saindo, um a um, de casa. La\u00eds, minha irm\u00e3 mais velha, que havia entrado na faculdade, arrumou um emprego de meio per\u00edodo, que lhe deu o suficiente para dividir um quarto-e-sala com uma colega.<\/p>\n<p>Lu\u00eds Carlos, o do meio, que havia engravidado a namorada, foi obrigado pelo pai da mo\u00e7a a se casar. Casou, mas conseguiu posi\u00e7\u00e3o na empresa da fam\u00edlia da esposa, al\u00e9m de n\u00e3o precisar pagar aluguel, pois foi morar nos fundos da mans\u00e3o dos sogros, onde reside at\u00e9 hoje, rodeado dos meus quatro sobrinhos, um mais lindo do que o outro.<\/p>\n<p>Fui a \u00faltima a abandonar o barco, talvez por ser a mais mimada. Papai sempre fazia quest\u00e3o de preparar meu caf\u00e9 da manh\u00e3, enquanto mam\u00e3e, vez ou outra, me presenteava com um vestido novo. Todavia, at\u00e9 para os ca\u00e7ulas chega a hora de deixar o ninho, e comigo n\u00e3o foi diferente.<\/p>\n<p>N\u00e3o foi por conta de estudo, trabalho ou casamento. Havia acabado de me formar em biologia e n\u00e3o pensava em fazer alguma p\u00f3s-gradua\u00e7\u00e3o. Dessa forma, estava me sentindo livre para al\u00e7ar novos voos, mas sem me preocupar com notas.<\/p>\n<p>Quanto ao trabalho, resolvi pedir as contas. N\u00e3o que eu ganhasse t\u00e3o mal assim. Na verdade, dava mais do que pro gasto. Entretanto, nunca fui muito boa de cumprir hor\u00e1rios, ainda mais porque precisava acordar muito cedo, o que vai contra a minha natureza repleta de pregui\u00e7a.<\/p>\n<p>Namorado at\u00e9 que tinha, mas nada s\u00e9rio. Se eu ainda n\u00e3o havia me desvencilhado do Marcos, foi por quest\u00e3o de afeto. Todavia, afeto por afeto, preferi a incerteza da aventura \u00e0 certeza da mesmice da estabilidade.<\/p>\n<p>Marcos, sentindo que nada mais me segurava ao seu lado, suplicou para que eu pensasse melhor. N\u00e3o tinha coisa para pensar e, por isso, ap\u00f3s uma noite t\u00f3rrida de amor, o deixei dormindo, certamente sonhando que ainda ter\u00edamos algum futuro.<\/p>\n<p>Peguei minha velha mochila de jeans no fundo do arm\u00e1rio e a preenchi com duas mudas de roupa, alguns sach\u00eas de ch\u00e1 de camomila e capim-lim\u00e3o, uma garrafa t\u00e9rmica e um tanto de coragem. Desde ent\u00e3o, ca\u00ed no mundo. Assim que poss\u00edvel, vou mandar um cart\u00e3o postal para meus pais. Espero que tudo esteja bem.<\/p>\n<p><strong>*Eduardo Mart\u00ednez \u00e9 autor do livro \u201c57 Contos e Cr\u00f4nicas por um Autor muito Velho\u201d.<\/strong><\/p>\n<p>Compre aqui\u00a0<span class=\"x19la9d6 x1fc57z9 x6ikm8r x10wlt62 x19co3pv x1g5zs5t xfibh0p xiy17q3 x1xsqp64 x1lkfr7t xexx8yu x4uap5 x18d9i69 xkhd6sd\"><span class=\"xrtxmta x1bhl96m\"><img decoding=\"async\" class=\"emoji\" role=\"img\" draggable=\"false\" src=\"https:\/\/s.w.org\/images\/core\/emoji\/14.0.0\/svg\/1f447-1f3ff.svg\" alt=\"&#x1f447;&#x1f3ff;\" \/><\/span><\/span><span class=\"x19la9d6 x1fc57z9 x6ikm8r x10wlt62 x19co3pv x1g5zs5t xfibh0p xiy17q3 x1xsqp64 x1lkfr7t xexx8yu x4uap5 x18d9i69 xkhd6sd\"><span class=\"xrtxmta x1bhl96m\"><img decoding=\"async\" class=\"emoji\" role=\"img\" draggable=\"false\" src=\"https:\/\/s.w.org\/images\/core\/emoji\/14.0.0\/svg\/1f447-1f3ff.svg\" alt=\"&#x1f447;&#x1f3ff;\" \/><\/span><\/span><span class=\"x19la9d6 x1fc57z9 x6ikm8r x10wlt62 x19co3pv x1g5zs5t xfibh0p xiy17q3 x1xsqp64 x1lkfr7t xexx8yu x4uap5 x18d9i69 xkhd6sd\"><span class=\"xrtxmta x1bhl96m\"><img decoding=\"async\" class=\"emoji\" role=\"img\" draggable=\"false\" src=\"https:\/\/s.w.org\/images\/core\/emoji\/14.0.0\/svg\/1f447-1f3ff.svg\" alt=\"&#x1f447;&#x1f3ff;\" \/><\/span><\/span><\/p>\n<p><a href=\"http:\/\/www.joanineditora.com.br\/57-contos-e-cronicas-por-um-autor-muito-velho\">http:\/\/www.joanineditora.com.br\/57-contos-e-cronicas-por-um-autor-muito-velho<\/a><\/p>\n","protected":false},"excerpt":{"rendered":"<p>Mam\u00e3e e papai n\u00e3o se suportavam, mas pareciam se entender muito bem na intimidade, haja vista as juras de amor que ouv\u00edamos vindas do quarto noite adentro. Talvez por isso, as nossas manh\u00e3s eram tranquilas, com aqueles dois lan\u00e7ando sorrisos de felicidade por conta da satisfa\u00e7\u00e3o vivida horas antes. Como meus irm\u00e3os e eu entr\u00e1vamos [&hellip;]<\/p>\n","protected":false},"author":2,"featured_media":331755,"comment_status":"closed","ping_status":"closed","sticky":false,"template":"","format":"standard","meta":{"_acf_changed":false,"footnotes":""},"categories":[161],"tags":[],"class_list":["post-331754","post","type-post","status-publish","format-standard","has-post-thumbnail","hentry","category-quadradinho-em-foco"],"acf":[],"_links":{"self":[{"href":"https:\/\/www.notibras.com\/site\/wp-json\/wp\/v2\/posts\/331754","targetHints":{"allow":["GET"]}}],"collection":[{"href":"https:\/\/www.notibras.com\/site\/wp-json\/wp\/v2\/posts"}],"about":[{"href":"https:\/\/www.notibras.com\/site\/wp-json\/wp\/v2\/types\/post"}],"author":[{"embeddable":true,"href":"https:\/\/www.notibras.com\/site\/wp-json\/wp\/v2\/users\/2"}],"replies":[{"embeddable":true,"href":"https:\/\/www.notibras.com\/site\/wp-json\/wp\/v2\/comments?post=331754"}],"version-history":[{"count":2,"href":"https:\/\/www.notibras.com\/site\/wp-json\/wp\/v2\/posts\/331754\/revisions"}],"predecessor-version":[{"id":331757,"href":"https:\/\/www.notibras.com\/site\/wp-json\/wp\/v2\/posts\/331754\/revisions\/331757"}],"wp:featuredmedia":[{"embeddable":true,"href":"https:\/\/www.notibras.com\/site\/wp-json\/wp\/v2\/media\/331755"}],"wp:attachment":[{"href":"https:\/\/www.notibras.com\/site\/wp-json\/wp\/v2\/media?parent=331754"}],"wp:term":[{"taxonomy":"category","embeddable":true,"href":"https:\/\/www.notibras.com\/site\/wp-json\/wp\/v2\/categories?post=331754"},{"taxonomy":"post_tag","embeddable":true,"href":"https:\/\/www.notibras.com\/site\/wp-json\/wp\/v2\/tags?post=331754"}],"curies":[{"name":"wp","href":"https:\/\/api.w.org\/{rel}","templated":true}]}}