{"id":331792,"date":"2024-06-30T00:29:07","date_gmt":"2024-06-30T03:29:07","guid":{"rendered":"https:\/\/www.notibras.com\/site\/?p=331792"},"modified":"2024-06-30T07:31:54","modified_gmt":"2024-06-30T10:31:54","slug":"psd-mulher-decide-encarar-a-violencia-de-genero","status":"publish","type":"post","link":"https:\/\/www.notibras.com\/site\/psd-mulher-decide-encarar-a-violencia-de-genero\/","title":{"rendered":"PSD Mulher decide encarar a viol\u00eancia de g\u00eanero"},"content":{"rendered":"<p>A base feminina do Partido Social Democr\u00e1tico do Distrito Federal (PSD-DF) realizou neste s\u00e1bado (29), no Taguatinga Shopping, a segunda edi\u00e7\u00e3o do \u201cDi\u00e1logos PSD Mulher\u201d.\u00a0 Comandando pela presidente do PSD Mulher no DF, Deborah Carvalhido, o encontro abordou diversos temas essenciais para o p\u00fablico feminino.<\/p>\n<p>A mesa de debates contou com a presen\u00e7a da secret\u00e1ria da Mulher do DF, Giselle Ferreira; da presidente do Conselho da Mulher Empreendedora e da Cultura do DF e presidente da C\u00e2mara de Mulheres Empreendedoras, Empres\u00e1rias e Gestoras de Neg\u00f3cios da Fecom\u00e9rcio, Beatriz Guimar\u00e3es; da delegada da Delegacia Especial de Repress\u00e3o aos Crimes por Discrimina\u00e7\u00e3o Racial, Religiosa ou por Orienta\u00e7\u00e3o Sexual ou Contra a Pessoa Idosa ou com Defici\u00eancia (Decrin), \u00c2ngela Maria dos Santos; e da psicanalista, empres\u00e1ria e conselheira da GPS|Foundation, Silvia Badra.<\/p>\n<p>Segundo Deborah Carvalhido, a segunda edi\u00e7\u00e3o do \u201cDi\u00e1logos PSD Mulher\u201d, projeto de capacita\u00e7\u00e3o pol\u00edtica que visa ampliar o conhecimento e o repert\u00f3rio das filiadas do partido em temas que impactam a vida das meninas e mulheres no Distrito Federal, tem como objetivo proporcionar um olhar feminino na elabora\u00e7\u00e3o de pol\u00edticas p\u00fablicas. \u201c\u00c9 um projeto itinerante, ent\u00e3o\u00a0quero agradecer todos os envolvidos e envolvidas que trouxeram este programa ao Taguatinga Shopping. O presidente Paulo Oct\u00e1vio \u00e9 ousado e inovador e a gente celebra essa oportunidade\u201d, afirmou.<\/p>\n<p>\u201cVamos seguir debatendo o enfrentamento da viol\u00eancia dom\u00e9stica e a viol\u00eancia feminina. \u00c9 um tema um pouco desconfort\u00e1vel, a gente sabe. Mas a insist\u00eancia \u00e9 porque todos os \u00edndices t\u00eam demonstrado o aumento da viol\u00eancia. A gente precisa ter um papel fundamental nessa luta, com conhecimento e fortalecimento, para oferecer nossas ideias e contribuir na elabora\u00e7\u00e3o de solu\u00e7\u00f5es, considerando sempre o olhar preventivo e inclusivo\u201d, comentou.<\/p>\n<p>Para a delegada \u00c2ngela Maria dos Santos, a viol\u00eancia dom\u00e9stica \u00e9 fruto de uma \u201csociedade constru\u00edda por homens que pensam para homens\u201d. Ela ressaltou ainda que a Lei Maria da Penha lista cinco formas de viol\u00eancia. \u201cA psicol\u00f3gica \u00e9 pouco falada, mas corr\u00f3i as mulheres, mina devagar. Por isso, ela \u00e9 t\u00e3o grave, porque abre a porta para outras. A moral e a f\u00edsica v\u00eam em seguida. A Decrin foi criada para ter esse olhar para as pessoas que est\u00e3o sofrendo v\u00e1rias formas de viol\u00eancia, como de ra\u00e7a, idade, de defici\u00eancia\u201d, destacou.<\/p>\n<p>Especialista no tema, Silvia Badra enfatizou a import\u00e2ncia da sa\u00fade mental e do di\u00e1logo cont\u00ednuo para prevenir a perpetua\u00e7\u00e3o de viol\u00eancias decorrentes de estruturas patriarcais. \u201cEste \u00e9 um espa\u00e7o precioso de troca de experi\u00eancias e \u00e9 primoroso historicamente estar aqui nesse momento\u201d, afirmou. A psicanalista fez quest\u00e3o de derrubar mitos que cercam a viol\u00eancia psicol\u00f3gica.<\/p>\n<p>\u201cSofrimento ps\u00edquico n\u00e3o quer dizer que voc\u00ea \u00e9 louca. A gente sabe que, para a viol\u00eancia f\u00edsica h\u00e1 reparo, mas para a viol\u00eancia psicol\u00f3gica n\u00e3o h\u00e1 rem\u00e9dio. Por isso, \u00e9 preciso se perguntar: se eu fizesse o mesmo, qual seria a resposta desse homem?\u201d, destacou, lembrando que, por uma quest\u00e3o hist\u00f3rica, o racismo e o preconceito s\u00e3o mais intensos com a mulher. \u201cA mulher se cala porque foi &#8216;moderada&#8217; no medo. Seu resgate n\u00e3o \u00e9 em uma perspectiva revanchista, n\u00e3o \u00e9 para tomar o poder. \u00c9 para dividir o poder, para fazer com que a troca exista?\u201d, completou<\/p>\n<p>Para a secret\u00e1ria da Mulher do DF, Giselle Ferreira, existe a necessidade de se estabelecerem pol\u00edticas p\u00fablicas que garantam a abertura de espa\u00e7os pol\u00edticos para mulheres. Ela destacou ainda a import\u00e2ncia da uni\u00e3o entre os setores p\u00fablico, privado e o terceiro setor para fomentar um di\u00e1logo transparente.<\/p>\n<p>\u201cA pauta da mulher tem que ser a uni\u00e3o entre todas as secretarias, pois n\u00e3o h\u00e1 como falar de viol\u00eancia contra a mulher se a gente n\u00e3o conversar com os homens, para termos uma nova sociedade. Campanhas voltadas para esse di\u00e1logo com os homens precisam reafirmar que homem que agride mulher \u00e9 covarde\u201d, afirmou.<\/p>\n<p>Ela tamb\u00e9m mencionou o fato de o DF ser a primeira unidade da federa\u00e7\u00e3o a ter um programa de apoio aos \u00f3rf\u00e3os do feminic\u00eddio e que realizou a implementa\u00e7\u00e3o do Observat\u00f3rio contra a Viol\u00eancia \u00e0 Mulher no DF, iniciativas que visam proporcionar maior suporte e prote\u00e7\u00e3o \u00e0s v\u00edtimas, ap\u00f3s o aumento dos \u00edndices deste tipo de crime.<\/p>\n<p>\u201cFazemos um enfrentamento da viol\u00eancia, mas tamb\u00e9m trabalhamos na preven\u00e7\u00e3o\u201d, afirmou, lembrando ainda que a Capital tem mulheres em altos cargos, inclusive na Pol\u00edcia e nos Bombeiros. \u201cA mulher, sabendo que ter\u00e1 apoio, denuncia. Procurem tamb\u00e9m as redes da Secretaria da Mulher, pois oferecemos muitas formas de capacita\u00e7\u00e3o\u201d, concluiu.<\/p>\n<p>Empres\u00e1ria de destaque no DF,\u00a0Beatriz Guimar\u00e3es apontou o empreendedorismo como um meio poderoso para combater a viol\u00eancia de g\u00eanero, al\u00e9m de promover inova\u00e7\u00e3o e gest\u00e3o eficiente nos neg\u00f3cios, independente de classe social.<\/p>\n<p>\u201cO Sebrae tem um programa de empreendedorismo feminino. A mulher formalizada pode ter acesso a cr\u00e9dito, por isso \u00e9 importante abrir MEI e conta banc\u00e1ria, para ter acesso a cr\u00e9dito. Com isso ela pode empreender, por exemplo, nas \u00e1reas de beleza e alimenta\u00e7\u00e3o. Mas \u00e9 sempre preciso criar um diferencial. Fazer um bolo de forma inovadora, criar receitas diferentes, entregar em formatos novos\u201d, exemplificou.<\/p>\n<p>Ela tamb\u00e9m desmistificou cren\u00e7as limitantes, que dizem que a mulher n\u00e3o sabe mexer com dinheiro. \u201cIsso n\u00e3o \u00e9 verdade. Mas \u00e9 importante levantar os custos da sua produ\u00e7\u00e3o para n\u00e3o perder dinheiro. A mulher, quando empreende , traz mais qualidade de vida para todos ao seu redor, fam\u00edlia e comunidade\u201d, ensinou. Beatriz\u00a0 Guimar\u00e3es indicou ainda o\u00a0 Projeto Prospera do GDF, voltado para mulheres que inclusive est\u00e3o negativadas.<\/p>\n<p>\u201cPrecisamos ocupar espa\u00e7os de poder. O homem \u00e9 solid\u00e1rio \u00e0 nossa dor, mas ele n\u00e3o a sente\u201d, concluiu.<\/p>\n<p>Ao fim do encontro, o presidente do PSD-DF, Paulo Oct\u00e1vio, elogiou a iniciativa da ala feminina de trazer o debate \u00e0s cidades do DF. \u201cTivemos a participa\u00e7\u00e3o de mulheres de Taguatinga de Ceil\u00e2ndia, por levar o encontro ao Taguatinga Shopping. Foi um sucesso, com palestras interessantes. A motiva\u00e7\u00e3o e a emo\u00e7\u00e3o das mulheres em participar da vida p\u00fablica brasileira \u00e9 fundamental\u201d, disse, elogiando a inciativa de Deborah Carvalhido, presidente do PSD Mulher- DF.<\/p>\n<p>\u201cEla est\u00e1 fazendo um trabalho extraordin\u00e1rio, conclamando as mulheres de todas as cidades para participarem do nosso movimento pol\u00edtico de integra\u00e7\u00e3o e participa\u00e7\u00e3o. \u00c9 essa a filosofia do PSD. Vamos continuar a fazer encontros em outras cidades, motivando a participa\u00e7\u00e3o cada vez mais efetiva da mulher na vida pol\u00edtica do Brasil\u201d, finalizou.<\/p>\n","protected":false},"excerpt":{"rendered":"<p>A base feminina do Partido Social Democr\u00e1tico do Distrito Federal (PSD-DF) realizou neste s\u00e1bado (29), no Taguatinga Shopping, a segunda edi\u00e7\u00e3o do \u201cDi\u00e1logos PSD Mulher\u201d.\u00a0 Comandando pela presidente do PSD Mulher no DF, Deborah Carvalhido, o encontro abordou diversos temas essenciais para o p\u00fablico feminino. A mesa de debates contou com a presen\u00e7a da secret\u00e1ria [&hellip;]<\/p>\n","protected":false},"author":2,"featured_media":331793,"comment_status":"closed","ping_status":"closed","sticky":false,"template":"","format":"standard","meta":{"_acf_changed":false,"footnotes":""},"categories":[161],"tags":[],"class_list":["post-331792","post","type-post","status-publish","format-standard","has-post-thumbnail","hentry","category-quadradinho-em-foco"],"acf":[],"_links":{"self":[{"href":"https:\/\/www.notibras.com\/site\/wp-json\/wp\/v2\/posts\/331792","targetHints":{"allow":["GET"]}}],"collection":[{"href":"https:\/\/www.notibras.com\/site\/wp-json\/wp\/v2\/posts"}],"about":[{"href":"https:\/\/www.notibras.com\/site\/wp-json\/wp\/v2\/types\/post"}],"author":[{"embeddable":true,"href":"https:\/\/www.notibras.com\/site\/wp-json\/wp\/v2\/users\/2"}],"replies":[{"embeddable":true,"href":"https:\/\/www.notibras.com\/site\/wp-json\/wp\/v2\/comments?post=331792"}],"version-history":[{"count":1,"href":"https:\/\/www.notibras.com\/site\/wp-json\/wp\/v2\/posts\/331792\/revisions"}],"predecessor-version":[{"id":331794,"href":"https:\/\/www.notibras.com\/site\/wp-json\/wp\/v2\/posts\/331792\/revisions\/331794"}],"wp:featuredmedia":[{"embeddable":true,"href":"https:\/\/www.notibras.com\/site\/wp-json\/wp\/v2\/media\/331793"}],"wp:attachment":[{"href":"https:\/\/www.notibras.com\/site\/wp-json\/wp\/v2\/media?parent=331792"}],"wp:term":[{"taxonomy":"category","embeddable":true,"href":"https:\/\/www.notibras.com\/site\/wp-json\/wp\/v2\/categories?post=331792"},{"taxonomy":"post_tag","embeddable":true,"href":"https:\/\/www.notibras.com\/site\/wp-json\/wp\/v2\/tags?post=331792"}],"curies":[{"name":"wp","href":"https:\/\/api.w.org\/{rel}","templated":true}]}}