{"id":331801,"date":"2024-06-30T14:25:13","date_gmt":"2024-06-30T17:25:13","guid":{"rendered":"https:\/\/www.notibras.com\/site\/?p=331801"},"modified":"2024-06-30T14:45:14","modified_gmt":"2024-06-30T17:45:14","slug":"incendio-em-apartamento-mostra-choque-de-geracoes","status":"publish","type":"post","link":"https:\/\/www.notibras.com\/site\/incendio-em-apartamento-mostra-choque-de-geracoes\/","title":{"rendered":"Inc\u00eandio em apartamento mostra choque de gera\u00e7\u00f5es"},"content":{"rendered":"<p>O fato aconteceu aqui em Bras\u00edlia, mas, coisa desse mundinho virtual, a pauta me foi passada pela sucursal Nordeste de <em><strong>Notibras<\/strong><\/em>. O relato que subsidia esta cr\u00f4nica foi feito inicialmente por Eduardo Mart\u00ednez, cronista n\u00famero 1 do nosso portal. N\u00e3o chego nem de perto nenhum Stephen King, mas o assunto \u00e9 de provocar calafrios.\u00a0 O Dudu, nosso eterno menino, viveu momentos de terror na madrugada deste domingo, 30. Terror literalmente infernal, pois tem a ver com um inc\u00eandio no apartamento abaixo do da filha dele, a Ninica, 0nde fora dormir Dudu.<\/p>\n<p>Seria mais uma das noites de frio que temos vivido em Bras\u00edlia, quando o sil\u00eancio habitual de um bloco residencial na Asa Norte foi rompido por gritos e sirenes. Um inc\u00eandio havia come\u00e7ado no primeiro andar, espalhando-se rapidamente e for\u00e7ando os moradores a uma fuga desesperada. Entre eles, estavam Dudu, j\u00e1 beirando a casa dos 60, e sua filha, com seus vinte e poucos.<\/p>\n<p>Quando o alarme de inc\u00eandio soou, Eduardo Mart\u00ednez, sono profundo do tipo girafa (conforme ele mesmo definiu) foi acordado por batidas insistentes na porta. Era um dos vizinhos, alertando para o perigo do fogo que se alastrava. Nosso cronista, com sua experi\u00eancia e sensatez acumuladas ao longo dos anos, instintivamente correu para pegar seus documentos. Ele sabia que aqueles pap\u00e9is representavam sua vida: certid\u00f5es, escrituras, passaportes. Eram provas tang\u00edveis de sua exist\u00eancia e de sua hist\u00f3ria. Ao mesmo tempo, Ninica, apegada \u00e0 tecnologia e \u00e0s redes sociais, agarrou seu celular. Para ela, aquele pequeno dispositivo continha n\u00e3o apenas sua vida digital, mas tamb\u00e9m lembran\u00e7as e conex\u00f5es insubstitu\u00edveis.<\/p>\n<p>Na correria para deixar o pr\u00e9dio, os dois, j\u00e1 no corredor, mostraram-se surpresos com as escolhas um do outro. O pai, sem entender como algo t\u00e3o ef\u00eamero quanto um celular poderia ser priorit\u00e1rio em uma emerg\u00eancia, questionou a filha. Ninica, por outro lado, olhou para os documentos nas m\u00e3os de seu pai e se perguntou por que ele escolhera algo t\u00e3o antiquado.<\/p>\n<p>Enquanto viam, da cal\u00e7ada, o trabalho dos bombeiros, cercados por vizinhos igualmente at\u00f4nitos, Dudu e a filha come\u00e7aram a refletir sobre suas a\u00e7\u00f5es. O cronista percebeu que, embora seus documentos fossem importantes, a capacidade de comunica\u00e7\u00e3o e o acesso \u00e0s informa\u00e7\u00f5es proporcionados pelo celular da filha poderiam ser cruciais em uma situa\u00e7\u00e3o de emerg\u00eancia. Ninica, por sua vez, reconheceu o valor dos documentos, que representavam seguran\u00e7a e estabilidade em tempos de incerteza.<\/p>\n<p>O inc\u00eandio foi controlado, e felizmente, ningu\u00e9m ficou gravemente ferido. De volta ao apartamento, ainda com cheiro de fuma\u00e7a no ar, pai e filha sentaram-se para conversar. Pela primeira vez em muito tempo, ambos estavam dispostos a ouvir e entender o ponto de vista do outro.<\/p>\n<p>Aquele incidente trouxe \u00e0 tona a ess\u00eancia do choque de gera\u00e7\u00f5es. Mostrou que, apesar das diferen\u00e7as, havia um ponto de converg\u00eancia: o desejo de preservar o que consideravam essencial. Dudu e Ninica aprenderam que o verdadeiro valor n\u00e3o estava apenas nos documentos ou no celular, mas na compreens\u00e3o e respeito m\u00fatuo. Essa experi\u00eancia, tenho certeza, os aproximou ainda mais, podendo valorizar mais as perspectivas um do outro.<\/p>\n<p>Com o cheiro ainda forte deixado pelo inc\u00eandio, Eduardo foi para a casa da m\u00e3e dele, tamb\u00e9m na Asa Norte, levando a filha Ninica a tiracolo. &#8216;As coisas acontecem numa velocidade impressionante&#8217;, relatou-me a Sucursal Nordeste. Decidi por um texto diferente para transmitir a informa\u00e7\u00e3o do inc\u00eandio. E encerro ap\u00f3s uma breve medita\u00e7\u00e3o: h\u00e1 momentos em que a sabedoria do passado e a inova\u00e7\u00e3o do presente devem caminhar sempre juntas.<\/p>\n","protected":false},"excerpt":{"rendered":"<p>O fato aconteceu aqui em Bras\u00edlia, mas, coisa desse mundinho virtual, a pauta me foi passada pela sucursal Nordeste de Notibras. O relato que subsidia esta cr\u00f4nica foi feito inicialmente por Eduardo Mart\u00ednez, cronista n\u00famero 1 do nosso portal. N\u00e3o chego nem de perto nenhum Stephen King, mas o assunto \u00e9 de provocar calafrios.\u00a0 O [&hellip;]<\/p>\n","protected":false},"author":2,"featured_media":331804,"comment_status":"closed","ping_status":"closed","sticky":false,"template":"","format":"standard","meta":{"_acf_changed":false,"footnotes":""},"categories":[161],"tags":[],"class_list":["post-331801","post","type-post","status-publish","format-standard","has-post-thumbnail","hentry","category-quadradinho-em-foco"],"acf":[],"_links":{"self":[{"href":"https:\/\/www.notibras.com\/site\/wp-json\/wp\/v2\/posts\/331801","targetHints":{"allow":["GET"]}}],"collection":[{"href":"https:\/\/www.notibras.com\/site\/wp-json\/wp\/v2\/posts"}],"about":[{"href":"https:\/\/www.notibras.com\/site\/wp-json\/wp\/v2\/types\/post"}],"author":[{"embeddable":true,"href":"https:\/\/www.notibras.com\/site\/wp-json\/wp\/v2\/users\/2"}],"replies":[{"embeddable":true,"href":"https:\/\/www.notibras.com\/site\/wp-json\/wp\/v2\/comments?post=331801"}],"version-history":[{"count":4,"href":"https:\/\/www.notibras.com\/site\/wp-json\/wp\/v2\/posts\/331801\/revisions"}],"predecessor-version":[{"id":331807,"href":"https:\/\/www.notibras.com\/site\/wp-json\/wp\/v2\/posts\/331801\/revisions\/331807"}],"wp:featuredmedia":[{"embeddable":true,"href":"https:\/\/www.notibras.com\/site\/wp-json\/wp\/v2\/media\/331804"}],"wp:attachment":[{"href":"https:\/\/www.notibras.com\/site\/wp-json\/wp\/v2\/media?parent=331801"}],"wp:term":[{"taxonomy":"category","embeddable":true,"href":"https:\/\/www.notibras.com\/site\/wp-json\/wp\/v2\/categories?post=331801"},{"taxonomy":"post_tag","embeddable":true,"href":"https:\/\/www.notibras.com\/site\/wp-json\/wp\/v2\/tags?post=331801"}],"curies":[{"name":"wp","href":"https:\/\/api.w.org\/{rel}","templated":true}]}}