{"id":331882,"date":"2024-07-02T09:06:08","date_gmt":"2024-07-02T12:06:08","guid":{"rendered":"https:\/\/www.notibras.com\/site\/?p=331882"},"modified":"2024-07-02T09:06:08","modified_gmt":"2024-07-02T12:06:08","slug":"tapecaria-politica-influencia-decisoes-aliancas-e-conflitos","status":"publish","type":"post","link":"https:\/\/www.notibras.com\/site\/tapecaria-politica-influencia-decisoes-aliancas-e-conflitos\/","title":{"rendered":"Tape\u00e7aria pol\u00edtica influencia decis\u00f5es, alian\u00e7as e conflitos"},"content":{"rendered":"<p>As rela\u00e7\u00f5es pol\u00edticas e culturais no Brasil s\u00e3o marcadas por uma complexidade que reflete a diversidade hist\u00f3rica e social do pa\u00eds. Desde a coloniza\u00e7\u00e3o portuguesa, a sociedade brasileira tem sido um caldeir\u00e3o de influ\u00eancias europeias, africanas e ind\u00edgenas, resultando em um mosaico cultural \u00fanico. Esse contexto hist\u00f3rico contribuiu para a forma\u00e7\u00e3o de uma identidade nacional multifacetada, onde quest\u00f5es de ra\u00e7a, classe e regionalismo desempenham pap\u00e9is significativos na din\u00e2mica pol\u00edtica. A pol\u00edtica brasileira, portanto, n\u00e3o pode ser entendida sem levar em considera\u00e7\u00e3o essa rica tape\u00e7aria cultural que influencia decis\u00f5es, alian\u00e7as e conflitos.<\/p>\n<p>A complexa din\u00e2mica das rela\u00e7\u00f5es pol\u00edticas e culturais no Brasil enfrenta desafios estruturais que complicam ainda mais as rela\u00e7\u00f5es de poder. \u00c9 s\u00f3 observar e acompanhar o radar pol\u00edtico em especial de Bras\u00edlia, nas cercanias da Esplanada dos Minist\u00e9rios e do Pal\u00e1cio do Buriti. Ru\u00eddos recentes (a conferir se o fato se concretizar\u00e1) mostram que o partido de Waldemar da Costa Neto e de Jair Bolsonaro, o PL-DF, est\u00e1 de olho na filia\u00e7\u00e3o do governador Ibaneis Rocha (eleito em 2018 e reeleito em 2022 pelo MDB-DF), querendo t\u00ea-lo nos seus quadros o mais r\u00e1pido poss\u00edvel \u2013 isso seria um golpe acompanhado de um chute nos pa\u00edses baixos do senador Izalci Lucas que, ao deixar o PSDB e filiar-se ao PL sonhava ser embalado pelos bra\u00e7os bolsonaristas da capital para sentar na cadeira palaciana do Buriti em 2026.<\/p>\n<p>O sonho de ouro do PL, tanto no DF quanto nacionalmente, \u00e9 formar uma dupla din\u00e2mica com Michelle Bolsonaro e Ibaneis Rocha para a futura disputa ao Senado. Se isso acontecer, Izalci j\u00e1 pode pensar em ir para a inatividade pol\u00edtica ou se contentar com uma cadeira na CLDF \u2013 se conseguir.<\/p>\n<p>Correndo na raia televisiva, o apresentador e deputado federal, Fred Linhares, tem aparecido &#8211; segundo sua trupe de f\u00e3-clube &#8211; com n\u00fameros excelentes nas pesquisas (internas de gabinetes) para o Pal\u00e1cio do Buriti. Os n\u00fameros mostram que Fred Linhares est\u00e1 com baixa rejei\u00e7\u00e3o e sua popularidade s\u00f3 cresce (n\u00e3o se sabe se \u00e9 pela sua aus\u00eancia nas obriga\u00e7\u00f5es de trabalhos no parlamento, pois o apresentador eleito deputado federal pelo DF continua apresentando seu programa de TV na rede Record num hor\u00e1rio que nem sendo &#8220;the flash&#8221; daria para servir a dois senhores (no caso, dar hor\u00e1rio no parlamento simultaneamente com o programa de TV).<\/p>\n<p>Sabemos que a corrup\u00e7\u00e3o sist\u00eamica, a fragmenta\u00e7\u00e3o partid\u00e1ria e a polariza\u00e7\u00e3o pol\u00edtica s\u00e3o fatores que afetam a governabilidade e a implementa\u00e7\u00e3o de pol\u00edticas p\u00fablicas eficazes. A Opera\u00e7\u00e3o Lava Jato, que revelou esquemas de corrup\u00e7\u00e3o envolvendo pol\u00edticos e grandes empresas, exemplifica como a corrup\u00e7\u00e3o est\u00e1 entranhada nas institui\u00e7\u00f5es brasileiras. Esse cen\u00e1rio cria um ambiente de desconfian\u00e7a entre a popula\u00e7\u00e3o e os governantes, dificultando a coes\u00e3o social e a estabilidade pol\u00edtica.<\/p>\n<p>Como figuras p\u00fablicas e artistas podem desempenhar pap\u00e9is importantes na constru\u00e7\u00e3o e reconstru\u00e7\u00e3o de alian\u00e7as pol\u00edticas? Culturalmente, o Brasil \u00e9 uma na\u00e7\u00e3o de contrastes. De um lado, existe um forte orgulho na diversidade cultural e nas manifesta\u00e7\u00f5es populares como o Carnaval, o futebol e a m\u00fasica \u2013 essa ent\u00e3o, tem um papel nos governos de plant\u00e3o. \u00c9 s\u00f3 olhar no retrovisor que j\u00e1 vimos cantores \u2013 principalmente sertanejos \u2013 sentando-se \u00e0 mesa do poder, de olho nas prefeituras e nas verbas dos shows regionais que elas promovem com os recursos p\u00fablicos do contribuinte. Nesse quesito, a tape\u00e7aria cultural da pol\u00edtica brasileira, que influencia decis\u00f5es, alian\u00e7as e conflitos, protagonizou o mais recente epis\u00f3dio representativo do espelho do poder &#8211; no estilo Bolsonaro -, Lula vai ter jantar com cantores sertanejos.<\/p>\n<p>O senador Jorge Kajuru, vice-l\u00edder do governo no Senado e uma figura de destaque no PSB de Goi\u00e1s, est\u00e1 articulando uma reaproxima\u00e7\u00e3o entre o presidente Luiz In\u00e1cio Lula da Silva e o segmento de cantores sertanejos &#8211; esse grupo foi majoritariamente favor\u00e1vel \u00e0 candidatura de Jair Bolsonaro nas \u00faltimas elei\u00e7\u00f5es &#8211; mas Kajuru acha que ser\u00e1 um grande ganho para Lula restabelecer os la\u00e7os com essa turma, majoritariamente bolsonarista. A cantada foi lan\u00e7ada, alvo de um esfor\u00e7o para haver namoro e at\u00e9 casamentos &#8211; a depender de quanto ser\u00e1 a prenda ou o dote, pode at\u00e9 ser que aconte\u00e7a, mesmos uns sertanejos n\u00e3o querendo &#8211; os que aceitarem a reaproxima\u00e7\u00e3o ser\u00e3o chamados para as festas na granja.<\/p>\n<p>Do outro lado do espelho do poder, h\u00e1 uma persistente desigualdade social e racial que gera tens\u00f5es e conflitos. Movimentos sociais e culturais t\u00eam emergido para lutar por direitos e reconhecimento, trazendo \u00e0 tona quest\u00f5es de identidade e inclus\u00e3o. A ascens\u00e3o de lideran\u00e7as ind\u00edgenas e afro-brasileiras no cen\u00e1rio pol\u00edtico \u00e9 um reflexo dessa luta por representa\u00e7\u00e3o e justi\u00e7a social.<\/p>\n<p>A din\u00e2mica das rela\u00e7\u00f5es pol\u00edticas no Brasil tamb\u00e9m \u00e9 influenciada por fatores econ\u00f4micos \u2013 e esse ponto \u00e9 o que define toda e qualquer alian\u00e7a. O pa\u00eds possui uma economia diversificada, mas enfrenta problemas como a desigualdade de renda, o desemprego e a instabilidade econ\u00f4mica. As pol\u00edticas econ\u00f4micas adotadas pelos diferentes governos impactam diretamente a vida da popula\u00e7\u00e3o e podem exacerbar ou mitigar as tens\u00f5es sociais. As reformas econ\u00f4micas, como a da Previd\u00eancia e a trabalhista \u2013 protagonizadas a La Michel Temer, Paulo Guedes e Jair Bolsonaro -, s\u00e3o frequentemente fontes de debate acalorado e protestos (dentro e fora do Parlamento), evidenciando a interconex\u00e3o entre economia, pol\u00edtica e cultura.<\/p>\n<p>Por fim, a globaliza\u00e7\u00e3o e as rela\u00e7\u00f5es internacionais tamb\u00e9m desempenham um papel crucial na din\u00e2mica pol\u00edtica e cultural do Brasil. O pa\u00eds busca afirmar-se como um l\u00edder regional na Am\u00e9rica Latina, ao mesmo tempo em que enfrenta press\u00f5es e influ\u00eancias externas. A pol\u00edtica externa brasileira, que oscila entre per\u00edodos de alinhamento com pot\u00eancias globais e busca de uma maior autonomia, reflete a complexidade de equilibrar interesses nacionais com as demandas de um mundo interconectado. Em suma, as rela\u00e7\u00f5es pol\u00edticas e culturais no Brasil s\u00e3o uma teia intrincada de influ\u00eancias hist\u00f3ricas, desafios contempor\u00e2neos e aspira\u00e7\u00f5es futuras \u2013 tudo isso e muito mais se misturam e se distanciam em tempos de elei\u00e7\u00f5es.<\/p>\n<p><strong>*Jo\u00e3o Moura \u00e9 professor e fil\u00f3sofo, observador da anatomia de governos e sociedade.<\/strong><\/p>\n","protected":false},"excerpt":{"rendered":"<p>As rela\u00e7\u00f5es pol\u00edticas e culturais no Brasil s\u00e3o marcadas por uma complexidade que reflete a diversidade hist\u00f3rica e social do pa\u00eds. Desde a coloniza\u00e7\u00e3o portuguesa, a sociedade brasileira tem sido um caldeir\u00e3o de influ\u00eancias europeias, africanas e ind\u00edgenas, resultando em um mosaico cultural \u00fanico. Esse contexto hist\u00f3rico contribuiu para a forma\u00e7\u00e3o de uma identidade nacional [&hellip;]<\/p>\n","protected":false},"author":2,"featured_media":291071,"comment_status":"closed","ping_status":"closed","sticky":false,"template":"","format":"standard","meta":{"_acf_changed":false,"footnotes":""},"categories":[161],"tags":[],"class_list":["post-331882","post","type-post","status-publish","format-standard","has-post-thumbnail","hentry","category-quadradinho-em-foco"],"acf":[],"_links":{"self":[{"href":"https:\/\/www.notibras.com\/site\/wp-json\/wp\/v2\/posts\/331882","targetHints":{"allow":["GET"]}}],"collection":[{"href":"https:\/\/www.notibras.com\/site\/wp-json\/wp\/v2\/posts"}],"about":[{"href":"https:\/\/www.notibras.com\/site\/wp-json\/wp\/v2\/types\/post"}],"author":[{"embeddable":true,"href":"https:\/\/www.notibras.com\/site\/wp-json\/wp\/v2\/users\/2"}],"replies":[{"embeddable":true,"href":"https:\/\/www.notibras.com\/site\/wp-json\/wp\/v2\/comments?post=331882"}],"version-history":[{"count":1,"href":"https:\/\/www.notibras.com\/site\/wp-json\/wp\/v2\/posts\/331882\/revisions"}],"predecessor-version":[{"id":331883,"href":"https:\/\/www.notibras.com\/site\/wp-json\/wp\/v2\/posts\/331882\/revisions\/331883"}],"wp:featuredmedia":[{"embeddable":true,"href":"https:\/\/www.notibras.com\/site\/wp-json\/wp\/v2\/media\/291071"}],"wp:attachment":[{"href":"https:\/\/www.notibras.com\/site\/wp-json\/wp\/v2\/media?parent=331882"}],"wp:term":[{"taxonomy":"category","embeddable":true,"href":"https:\/\/www.notibras.com\/site\/wp-json\/wp\/v2\/categories?post=331882"},{"taxonomy":"post_tag","embeddable":true,"href":"https:\/\/www.notibras.com\/site\/wp-json\/wp\/v2\/tags?post=331882"}],"curies":[{"name":"wp","href":"https:\/\/api.w.org\/{rel}","templated":true}]}}