{"id":331914,"date":"2024-07-02T13:17:57","date_gmt":"2024-07-02T16:17:57","guid":{"rendered":"https:\/\/www.notibras.com\/site\/?p=331914"},"modified":"2024-07-02T13:17:57","modified_gmt":"2024-07-02T16:17:57","slug":"arraial-do-terraco-shopping-acontecera-dias-5-e-6-de-julho-2","status":"publish","type":"post","link":"https:\/\/www.notibras.com\/site\/arraial-do-terraco-shopping-acontecera-dias-5-e-6-de-julho-2\/","title":{"rendered":"Arraial do Terra\u00e7o Shopping acontecer\u00e1 dias 5 e 6 de julho"},"content":{"rendered":"<p>Bras\u00edlia se prepara para mais uma edi\u00e7\u00e3o da animada festa julina do Terra\u00e7o Shopping, que promete ser um verdadeiro espet\u00e1culo para os amantes desta celebra\u00e7\u00e3o. O evento, que ocorrer\u00e1 nos dias 5 (sexta) e 6 (s\u00e1bado) de julho, a partir das 18h, \u00e9 conhecido por sua cenografia regional com atmosfera acolhedora, oferecendo uma experi\u00eancia completa com comidas t\u00edpicas, dan\u00e7a, forr\u00f3 e apresenta\u00e7\u00f5es musicais ao vivo.<\/p>\n<p>Para quem deseja entrar de verdade no clima do S\u00e3o Jo\u00e3o, a programa\u00e7\u00e3o inclui uma aula especial de forr\u00f3, ministrada pela escola de dan\u00e7a Muvon Dance, que far\u00e1 a abertura nos dois dias de evento. Ser\u00e1 uma excelente oportunidade para aprender os passos desse estilo musical tradicional e se preparar para as animadas quadrilhas que tomar\u00e3o conta do evento, logo em seguida.<\/p>\n<p>E como n\u00e3o poderia faltar no Terra\u00e7o Shopping, a m\u00fasica ao vivo ser\u00e1 um dos pontos altos da festa. Na sexta, dia 5, ser\u00e1 a vez da Quadrilha Xamegar, com uma apresenta\u00e7\u00e3o que buscar\u00e1 trazer uma homenagem aos grandes s\u00edmbolos do S\u00e3o Jo\u00e3o, com seus integrantes em belos trajes e muita anima\u00e7\u00e3o. Na sequ\u00eancia entrar\u00e1 em cena a Banda S\u00f3 pra Xamegar, onde os artistas Bruno Rios e Diogo Henrique ir\u00e3o contagiar o p\u00fablico com um forr\u00f3 alto astral, para todas as idades.<\/p>\n<p>No s\u00e1bado, dia 6, tamb\u00e9m ap\u00f3s a aula de forr\u00f3, acontecer\u00e1 a apresenta\u00e7\u00e3o da Quadrilha Si Bobi\u00e1 a Gente Pimba, cujo repert\u00f3rio trar\u00e1 ritmos e m\u00fasicas regionais que levar\u00e3o todos a interagir com o enredo que ser\u00e1 contado, prometendo encantar o p\u00fablico. Na sequ\u00eancia, acontecer\u00e1 a apresenta\u00e7\u00e3o do Trio Balan\u00e7ado, que levar\u00e1 em seu repert\u00f3rio a ess\u00eancia do aut\u00eantico forr\u00f3, com grandes influ\u00eancias como Luiz Gonzaga, Jackson do Pandeiro, Fl\u00e1vio Jos\u00e9, Dominguinhos, Trio Nordestino, Os Tr\u00eas do Nordeste, dentre outros.<\/p>\n<p>Este ano, o Arrai\u00e1 do Terra\u00e7o Shopping promete superar todas as expectativas, entregando uma festa que celebrar\u00e1 a cultura e a tradi\u00e7\u00e3o do nosso pa\u00eds em grande estilo. Com barracas de comidas t\u00edpicas, brinquedos infl\u00e1veis e atividades pensadas para toda a fam\u00edlia, a divers\u00e3o est\u00e1 garantida.<\/p>\n<p><strong>Servi\u00e7o:<\/strong><br \/>\nARRAIAL DO TERRA\u00c7O 2024<br \/>\nDias 5 e 6 de julho (sexta e s\u00e1bado)<br \/>\nHor\u00e1rio: das 18h \u00e0s 22h<br \/>\n\u00c1rea Externa do Terra\u00e7o Shopping<br \/>\nEntrada gratuita<\/p>\n","protected":false},"excerpt":{"rendered":"<p>Bras\u00edlia se prepara para mais uma edi\u00e7\u00e3o da animada festa julina do Terra\u00e7o Shopping, que promete ser um verdadeiro espet\u00e1culo para os amantes desta celebra\u00e7\u00e3o. O evento, que ocorrer\u00e1 nos dias 5 (sexta) e 6 (s\u00e1bado) de julho, a partir das 18h, \u00e9 conhecido por sua cenografia regional com atmosfera acolhedora, oferecendo uma experi\u00eancia completa [&hellip;]<\/p>\n","protected":false},"author":2,"featured_media":331916,"comment_status":"closed","ping_status":"closed","sticky":false,"template":"","format":"standard","meta":{"_acf_changed":false,"footnotes":""},"categories":[161],"tags":[],"class_list":["post-331914","post","type-post","status-publish","format-standard","has-post-thumbnail","hentry","category-quadradinho-em-foco"],"acf":[],"_links":{"self":[{"href":"https:\/\/www.notibras.com\/site\/wp-json\/wp\/v2\/posts\/331914","targetHints":{"allow":["GET"]}}],"collection":[{"href":"https:\/\/www.notibras.com\/site\/wp-json\/wp\/v2\/posts"}],"about":[{"href":"https:\/\/www.notibras.com\/site\/wp-json\/wp\/v2\/types\/post"}],"author":[{"embeddable":true,"href":"https:\/\/www.notibras.com\/site\/wp-json\/wp\/v2\/users\/2"}],"replies":[{"embeddable":true,"href":"https:\/\/www.notibras.com\/site\/wp-json\/wp\/v2\/comments?post=331914"}],"version-history":[{"count":1,"href":"https:\/\/www.notibras.com\/site\/wp-json\/wp\/v2\/posts\/331914\/revisions"}],"predecessor-version":[{"id":331917,"href":"https:\/\/www.notibras.com\/site\/wp-json\/wp\/v2\/posts\/331914\/revisions\/331917"}],"wp:featuredmedia":[{"embeddable":true,"href":"https:\/\/www.notibras.com\/site\/wp-json\/wp\/v2\/media\/331916"}],"wp:attachment":[{"href":"https:\/\/www.notibras.com\/site\/wp-json\/wp\/v2\/media?parent=331914"}],"wp:term":[{"taxonomy":"category","embeddable":true,"href":"https:\/\/www.notibras.com\/site\/wp-json\/wp\/v2\/categories?post=331914"},{"taxonomy":"post_tag","embeddable":true,"href":"https:\/\/www.notibras.com\/site\/wp-json\/wp\/v2\/tags?post=331914"}],"curies":[{"name":"wp","href":"https:\/\/api.w.org\/{rel}","templated":true}]}}