{"id":331930,"date":"2024-07-03T06:53:51","date_gmt":"2024-07-03T09:53:51","guid":{"rendered":"https:\/\/www.notibras.com\/site\/?p=331930"},"modified":"2024-07-03T23:01:27","modified_gmt":"2024-07-04T02:01:27","slug":"timoteo-traido-confundido-e-morto-como-o-bandido-do-lampiao-vermelho","status":"publish","type":"post","link":"https:\/\/www.notibras.com\/site\/timoteo-traido-confundido-e-morto-como-o-bandido-do-lampiao-vermelho\/","title":{"rendered":"Tim\u00f3teo, tra\u00eddo, confundido e morto como o Bandido do Lampi\u00e3o Vermelho"},"content":{"rendered":"<p>O ano exato n\u00e3o se sabe, mas a maior parte das pessoas diz que aconteceu na d\u00e9cada de 1920, em uma cidade do agreste nordestino. E, naquele tempo, era comum a popula\u00e7\u00e3o andar armada, o que transformava o lugar em um neg\u00f3cio rent\u00e1vel para o dono da \u00fanica funer\u00e1ria por aquelas bandas.<\/p>\n<p>Outra informa\u00e7\u00e3o que se faz necess\u00e1ria \u00e9 que, assim como na maior parte do pa\u00eds, a luz el\u00e9trica ainda n\u00e3o havia chegado ali, e os moradores precisavam recorrer a fogueiras, lamparinas e lampi\u00f5es a querosene. Por causa da prec\u00e1ria ilumina\u00e7\u00e3o, o povo jantava antes do sol se p\u00f4r e, \u00e0s 20h, tirando os casais mais empolgados, a cidade adormecia.<\/p>\n<p>Pois bem, muito antes daquele criminoso que assombrou a capital paulista no final dos anos 1960, um outro bandido andava levando p\u00e2nico \u00e0quele pequeno povoado. O tal delinquente, por conta da falta de luz, fazia uso de um lampi\u00e3o de vidro vermelho, o que provocava um contraste macabro durante as noites escuras. Os moradores o apelidaram de Bandido do Lampi\u00e3o Vermelho.<\/p>\n<p>O fac\u00ednora, al\u00e9m de roubar o pouco que aquela gente possu\u00eda, ainda molestava as donzelas, que, por costumes da \u00e9poca, precisavam ser mandadas para um convento, onde passavam a vida inteira rezando para se redimirem do pecado de terem sido violadas. Algumas n\u00e3o suportavam tal mart\u00edrio e tiravam a pr\u00f3pria vida, mas tamb\u00e9m h\u00e1 casos das que passaram a viver a vida das mulheres malfaladas. Duas ou tr\u00eas, todavia, conseguiram manter segredo da viola\u00e7\u00e3o e contra\u00edram matrim\u00f4nio. Adestradas pela m\u00e3e, souberam ludibriar o noivo na noite de n\u00fapcias.<\/p>\n<p>A despeito do terror que se abateu sobre a popula\u00e7\u00e3o, havia por ali um homem destemido, cujo nome ainda hoje ecoa nas hist\u00f3rias contadas. Genaro Cavalcante, charuto no canto da boca, garrucha na m\u00e3o, cuspia bala para qualquer desaforado. O cabra andava arretado com esse marginal e prometeu dar fim ao sujeito assim que o encontrasse.<br \/>\nEnquanto a promessa n\u00e3o era cumprida, o Bandido do Lampi\u00e3o Vermelho agiu novamente.<\/p>\n<p>O malfeitor, sorrateiramente, invadiu a casa da dona Francisca, esposa do Tim\u00f3teo. Entretanto, pelo menos nesse caso, a coisa aconteceu em conluio com a mulher. \u00c9 que, sem o conhecimento do marido, Francisca andava de namorico com o Bandido do Lampi\u00e3o Vermelho e, durante as noites que Tim\u00f3teo sa\u00eda para ca\u00e7ar, ela acolhia o amante debaixo dos len\u00e7\u00f3is.<\/p>\n<p>O esposo tra\u00eddo, talvez por conta da falta de ca\u00e7a ou, ent\u00e3o, por desconfian\u00e7a, acabou retornando mais cedo para casa. Assim que abriu a porta, ouviu alguns gemidos vindos do quarto. Arma em riste, correu para salvar a mulher das garras do salafr\u00e1rio. No entanto, antes que conseguisse chegar, o Bandido do Lampi\u00e3o Vermelho j\u00e1 havia fugido pela janela, mas deixou o lampi\u00e3o ao lado da cama.<\/p>\n<p>Francisca, amedrontada pela chegada de Tim\u00f3teo, ajoelhou aos p\u00e9s do marido e suplicou perd\u00e3o. O esposo, imaginando que a mulher fosse mais uma v\u00edtima do marginal, acolheu-a nos bra\u00e7os. Em seguida, pegou o lampi\u00e3o no ch\u00e3o e prometeu vingar a honra da amada.<\/p>\n<p>A esposa viu o marido sair, quando, n\u00e3o tardou, ouviu um tiro. Correu para fora e viu Tim\u00f3teo ca\u00eddo a poucos metros da casa. Curiosos correram ao local, onde encontraram Genaro Cavalcante se vangloriando.<\/p>\n<p>\u2014 Prometi que ia matar o gatuno e matei.<\/p>\n<p>Os moradores enalteceram a bravura do matador. Em terreiro de Genaro Cavalcante, ningu\u00e9m se cria. Quanto ao verdadeiro Bandido do Lampi\u00e3o Vermelho, ningu\u00e9m mais ouviu falar. A vi\u00fava de Tim\u00f3teo, n\u00e3o tardou, tamb\u00e9m sumiu e, at\u00e9 onde se sabe, nunca se preocupou em dar not\u00edcias.<\/p>\n<p><strong>*Eduardo Mart\u00ednez \u00e9 autor do livro \u201c57 Contos e Cr\u00f4nicas por um Autor muito Velho\u201d.<\/strong><\/p>\n<p>Compre aqui\u00a0<span class=\"x19la9d6 x1fc57z9 x6ikm8r x10wlt62 x19co3pv x1g5zs5t xfibh0p xiy17q3 x1xsqp64 x1lkfr7t xexx8yu x4uap5 x18d9i69 xkhd6sd\"><span class=\"xrtxmta x1bhl96m\"><img decoding=\"async\" class=\"emoji\" role=\"img\" draggable=\"false\" src=\"https:\/\/s.w.org\/images\/core\/emoji\/14.0.0\/svg\/1f447-1f3ff.svg\" alt=\"&#x1f447;&#x1f3ff;\" \/><\/span><\/span><span class=\"x19la9d6 x1fc57z9 x6ikm8r x10wlt62 x19co3pv x1g5zs5t xfibh0p xiy17q3 x1xsqp64 x1lkfr7t xexx8yu x4uap5 x18d9i69 xkhd6sd\"><span class=\"xrtxmta x1bhl96m\"><img decoding=\"async\" class=\"emoji\" role=\"img\" draggable=\"false\" src=\"https:\/\/s.w.org\/images\/core\/emoji\/14.0.0\/svg\/1f447-1f3ff.svg\" alt=\"&#x1f447;&#x1f3ff;\" \/><\/span><\/span><span class=\"x19la9d6 x1fc57z9 x6ikm8r x10wlt62 x19co3pv x1g5zs5t xfibh0p xiy17q3 x1xsqp64 x1lkfr7t xexx8yu x4uap5 x18d9i69 xkhd6sd\"><span class=\"xrtxmta x1bhl96m\"><img decoding=\"async\" class=\"emoji\" role=\"img\" draggable=\"false\" src=\"https:\/\/s.w.org\/images\/core\/emoji\/14.0.0\/svg\/1f447-1f3ff.svg\" alt=\"&#x1f447;&#x1f3ff;\" \/><\/span><\/span><\/p>\n<p><a href=\"http:\/\/www.joanineditora.com.br\/57-contos-e-cronicas-por-um-autor-muito-velho\">http:\/\/www.joanineditora.com.br\/57-contos-e-cronicas-por-um-autor-muito-velho<\/a><\/p>\n","protected":false},"excerpt":{"rendered":"<p>O ano exato n\u00e3o se sabe, mas a maior parte das pessoas diz que aconteceu na d\u00e9cada de 1920, em uma cidade do agreste nordestino. E, naquele tempo, era comum a popula\u00e7\u00e3o andar armada, o que transformava o lugar em um neg\u00f3cio rent\u00e1vel para o dono da \u00fanica funer\u00e1ria por aquelas bandas. Outra informa\u00e7\u00e3o que [&hellip;]<\/p>\n","protected":false},"author":2,"featured_media":331931,"comment_status":"closed","ping_status":"closed","sticky":false,"template":"","format":"standard","meta":{"_acf_changed":false,"footnotes":""},"categories":[166,167,168,155,169,165,170,171,172,173,174],"tags":[],"class_list":["post-331930","post","type-post","status-publish","format-standard","has-post-thumbnail","hentry","category-alagoas","category-bahia","category-ceara","category-leitura-vip","category-maranhao","category-nordeste","category-paraiba-nordeste","category-pernambuco-nordeste","category-piaui","category-rio-grande-do-norte","category-sergipe"],"acf":[],"yoast_head":"<!-- This site is optimized with the Yoast SEO plugin v27.5 - https:\/\/yoast.com\/product\/yoast-seo-wordpress\/ -->\n<title>Tim\u00f3teo, tra\u00eddo, confundido e morto como o Bandido do Lampi\u00e3o Vermelho - Notibras<\/title>\n<meta name=\"robots\" content=\"index, follow, max-snippet:-1, max-image-preview:large, max-video-preview:-1\" \/>\n<link rel=\"canonical\" href=\"https:\/\/www.notibras.com\/site\/timoteo-traido-confundido-e-morto-como-o-bandido-do-lampiao-vermelho\/\" \/>\n<meta property=\"og:locale\" content=\"pt_BR\" \/>\n<meta property=\"og:type\" content=\"article\" \/>\n<meta property=\"og:title\" content=\"Tim\u00f3teo, tra\u00eddo, confundido e morto como o Bandido do Lampi\u00e3o Vermelho - Notibras\" \/>\n<meta property=\"og:description\" content=\"O ano exato n\u00e3o se sabe, mas a maior parte das pessoas diz que aconteceu na d\u00e9cada de 1920, em uma cidade do agreste nordestino. E, naquele tempo, era comum a popula\u00e7\u00e3o andar armada, o que transformava o lugar em um neg\u00f3cio rent\u00e1vel para o dono da \u00fanica funer\u00e1ria por aquelas bandas. Outra informa\u00e7\u00e3o que [&hellip;]\" \/>\n<meta property=\"og:url\" content=\"https:\/\/www.notibras.com\/site\/timoteo-traido-confundido-e-morto-como-o-bandido-do-lampiao-vermelho\/\" \/>\n<meta property=\"og:site_name\" content=\"Notibras\" \/>\n<meta property=\"article:publisher\" content=\"https:\/\/www.facebook.com\/notibras\/\" \/>\n<meta property=\"article:published_time\" content=\"2024-07-03T09:53:51+00:00\" \/>\n<meta property=\"article:modified_time\" content=\"2024-07-04T02:01:27+00:00\" \/>\n<meta property=\"og:image\" content=\"https:\/\/www.notibras.com\/site\/wp-content\/uploads\/2024\/07\/63c9c441-fc6b-49b0-8a28-583832ce57cf.jpeg\" \/>\n\t<meta property=\"og:image:width\" content=\"512\" \/>\n\t<meta property=\"og:image:height\" content=\"476\" \/>\n\t<meta property=\"og:image:type\" content=\"image\/jpeg\" \/>\n<meta name=\"author\" content=\"Reda\u00e7\u00e3o\" \/>\n<meta name=\"twitter:card\" content=\"summary_large_image\" \/>\n<meta name=\"twitter:creator\" content=\"@Notibras\" \/>\n<meta name=\"twitter:site\" content=\"@Notibras\" \/>\n<meta name=\"twitter:label1\" content=\"Escrito por\" \/>\n\t<meta name=\"twitter:data1\" content=\"Reda\u00e7\u00e3o\" \/>\n\t<meta name=\"twitter:label2\" content=\"Est. tempo de leitura\" \/>\n\t<meta name=\"twitter:data2\" content=\"5 minutos\" \/>\n<script type=\"application\/ld+json\" class=\"yoast-schema-graph\">{\"@context\":\"https:\\\/\\\/schema.org\",\"@graph\":[{\"@type\":\"Article\",\"@id\":\"https:\\\/\\\/www.notibras.com\\\/site\\\/timoteo-traido-confundido-e-morto-como-o-bandido-do-lampiao-vermelho\\\/#article\",\"isPartOf\":{\"@id\":\"https:\\\/\\\/www.notibras.com\\\/site\\\/timoteo-traido-confundido-e-morto-como-o-bandido-do-lampiao-vermelho\\\/\"},\"author\":{\"name\":\"Reda\u00e7\u00e3o\",\"@id\":\"https:\\\/\\\/www.notibras.com\\\/site\\\/#\\\/schema\\\/person\\\/36ab0979449956132d3e5b517ea76ac8\"},\"headline\":\"Tim\u00f3teo, tra\u00eddo, confundido e morto como o Bandido do Lampi\u00e3o Vermelho\",\"datePublished\":\"2024-07-03T09:53:51+00:00\",\"dateModified\":\"2024-07-04T02:01:27+00:00\",\"mainEntityOfPage\":{\"@id\":\"https:\\\/\\\/www.notibras.com\\\/site\\\/timoteo-traido-confundido-e-morto-como-o-bandido-do-lampiao-vermelho\\\/\"},\"wordCount\":684,\"publisher\":{\"@id\":\"https:\\\/\\\/www.notibras.com\\\/site\\\/#organization\"},\"image\":{\"@id\":\"https:\\\/\\\/www.notibras.com\\\/site\\\/timoteo-traido-confundido-e-morto-como-o-bandido-do-lampiao-vermelho\\\/#primaryimage\"},\"thumbnailUrl\":\"https:\\\/\\\/www.notibras.com\\\/site\\\/wp-content\\\/uploads\\\/2024\\\/07\\\/63c9c441-fc6b-49b0-8a28-583832ce57cf.jpeg\",\"articleSection\":[\"Alagoas\",\"Bahia\",\"Cear\u00e1\",\"Leitura Vip\",\"Maranh\u00e3o\",\"Nordeste\",\"Para\u00edba\",\"Pernambuco\",\"Piau\u00ed\",\"Rio Grande do Norte\",\"Sergipe\"],\"inLanguage\":\"pt-BR\"},{\"@type\":\"WebPage\",\"@id\":\"https:\\\/\\\/www.notibras.com\\\/site\\\/timoteo-traido-confundido-e-morto-como-o-bandido-do-lampiao-vermelho\\\/\",\"url\":\"https:\\\/\\\/www.notibras.com\\\/site\\\/timoteo-traido-confundido-e-morto-como-o-bandido-do-lampiao-vermelho\\\/\",\"name\":\"Tim\u00f3teo, tra\u00eddo, confundido e morto como o Bandido do Lampi\u00e3o Vermelho - Notibras\",\"isPartOf\":{\"@id\":\"https:\\\/\\\/www.notibras.com\\\/site\\\/#website\"},\"primaryImageOfPage\":{\"@id\":\"https:\\\/\\\/www.notibras.com\\\/site\\\/timoteo-traido-confundido-e-morto-como-o-bandido-do-lampiao-vermelho\\\/#primaryimage\"},\"image\":{\"@id\":\"https:\\\/\\\/www.notibras.com\\\/site\\\/timoteo-traido-confundido-e-morto-como-o-bandido-do-lampiao-vermelho\\\/#primaryimage\"},\"thumbnailUrl\":\"https:\\\/\\\/www.notibras.com\\\/site\\\/wp-content\\\/uploads\\\/2024\\\/07\\\/63c9c441-fc6b-49b0-8a28-583832ce57cf.jpeg\",\"datePublished\":\"2024-07-03T09:53:51+00:00\",\"dateModified\":\"2024-07-04T02:01:27+00:00\",\"breadcrumb\":{\"@id\":\"https:\\\/\\\/www.notibras.com\\\/site\\\/timoteo-traido-confundido-e-morto-como-o-bandido-do-lampiao-vermelho\\\/#breadcrumb\"},\"inLanguage\":\"pt-BR\",\"potentialAction\":[{\"@type\":\"ReadAction\",\"target\":[\"https:\\\/\\\/www.notibras.com\\\/site\\\/timoteo-traido-confundido-e-morto-como-o-bandido-do-lampiao-vermelho\\\/\"]}]},{\"@type\":\"ImageObject\",\"inLanguage\":\"pt-BR\",\"@id\":\"https:\\\/\\\/www.notibras.com\\\/site\\\/timoteo-traido-confundido-e-morto-como-o-bandido-do-lampiao-vermelho\\\/#primaryimage\",\"url\":\"https:\\\/\\\/www.notibras.com\\\/site\\\/wp-content\\\/uploads\\\/2024\\\/07\\\/63c9c441-fc6b-49b0-8a28-583832ce57cf.jpeg\",\"contentUrl\":\"https:\\\/\\\/www.notibras.com\\\/site\\\/wp-content\\\/uploads\\\/2024\\\/07\\\/63c9c441-fc6b-49b0-8a28-583832ce57cf.jpeg\",\"width\":512,\"height\":476},{\"@type\":\"BreadcrumbList\",\"@id\":\"https:\\\/\\\/www.notibras.com\\\/site\\\/timoteo-traido-confundido-e-morto-como-o-bandido-do-lampiao-vermelho\\\/#breadcrumb\",\"itemListElement\":[{\"@type\":\"ListItem\",\"position\":1,\"name\":\"In\u00edcio\",\"item\":\"https:\\\/\\\/www.notibras.com\\\/site\\\/\"},{\"@type\":\"ListItem\",\"position\":2,\"name\":\"Tim\u00f3teo, tra\u00eddo, confundido e morto como o Bandido do Lampi\u00e3o Vermelho\"}]},{\"@type\":\"WebSite\",\"@id\":\"https:\\\/\\\/www.notibras.com\\\/site\\\/#website\",\"url\":\"https:\\\/\\\/www.notibras.com\\\/site\\\/\",\"name\":\"Notibras\",\"description\":\"Not\u00edcias de Bras\u00edlia, do Brasil e do Mundo\",\"publisher\":{\"@id\":\"https:\\\/\\\/www.notibras.com\\\/site\\\/#organization\"},\"potentialAction\":[{\"@type\":\"SearchAction\",\"target\":{\"@type\":\"EntryPoint\",\"urlTemplate\":\"https:\\\/\\\/www.notibras.com\\\/site\\\/?s={search_term_string}\"},\"query-input\":{\"@type\":\"PropertyValueSpecification\",\"valueRequired\":true,\"valueName\":\"search_term_string\"}}],\"inLanguage\":\"pt-BR\"},{\"@type\":\"Organization\",\"@id\":\"https:\\\/\\\/www.notibras.com\\\/site\\\/#organization\",\"name\":\"Grupo Notibras de Comunica\u00e7\u00e3o\",\"url\":\"https:\\\/\\\/www.notibras.com\\\/site\\\/\",\"logo\":{\"@type\":\"ImageObject\",\"inLanguage\":\"pt-BR\",\"@id\":\"https:\\\/\\\/www.notibras.com\\\/site\\\/#\\\/schema\\\/logo\\\/image\\\/\",\"url\":\"https:\\\/\\\/www.notibras.com\\\/site\\\/wp-content\\\/uploads\\\/2023\\\/01\\\/notibras23.png\",\"contentUrl\":\"https:\\\/\\\/www.notibras.com\\\/site\\\/wp-content\\\/uploads\\\/2023\\\/01\\\/notibras23.png\",\"width\":350,\"height\":87,\"caption\":\"Grupo Notibras de Comunica\u00e7\u00e3o\"},\"image\":{\"@id\":\"https:\\\/\\\/www.notibras.com\\\/site\\\/#\\\/schema\\\/logo\\\/image\\\/\"},\"sameAs\":[\"https:\\\/\\\/www.facebook.com\\\/notibras\\\/\",\"https:\\\/\\\/x.com\\\/Notibras\",\"https:\\\/\\\/www.instagram.com\\\/notibras\\\/\"]},{\"@type\":\"Person\",\"@id\":\"https:\\\/\\\/www.notibras.com\\\/site\\\/#\\\/schema\\\/person\\\/36ab0979449956132d3e5b517ea76ac8\",\"name\":\"Reda\u00e7\u00e3o\",\"image\":{\"@type\":\"ImageObject\",\"inLanguage\":\"pt-BR\",\"@id\":\"https:\\\/\\\/secure.gravatar.com\\\/avatar\\\/e0a867bdedb85fd243eadf09663511f96fc81e0720a4a42581f334ad4303aa6b?s=96&d=mm&r=g\",\"url\":\"https:\\\/\\\/secure.gravatar.com\\\/avatar\\\/e0a867bdedb85fd243eadf09663511f96fc81e0720a4a42581f334ad4303aa6b?s=96&d=mm&r=g\",\"contentUrl\":\"https:\\\/\\\/secure.gravatar.com\\\/avatar\\\/e0a867bdedb85fd243eadf09663511f96fc81e0720a4a42581f334ad4303aa6b?s=96&d=mm&r=g\",\"caption\":\"Reda\u00e7\u00e3o\"}}]}<\/script>\n<!-- \/ Yoast SEO plugin. -->","yoast_head_json":{"title":"Tim\u00f3teo, tra\u00eddo, confundido e morto como o Bandido do Lampi\u00e3o Vermelho - Notibras","robots":{"index":"index","follow":"follow","max-snippet":"max-snippet:-1","max-image-preview":"max-image-preview:large","max-video-preview":"max-video-preview:-1"},"canonical":"https:\/\/www.notibras.com\/site\/timoteo-traido-confundido-e-morto-como-o-bandido-do-lampiao-vermelho\/","og_locale":"pt_BR","og_type":"article","og_title":"Tim\u00f3teo, tra\u00eddo, confundido e morto como o Bandido do Lampi\u00e3o Vermelho - Notibras","og_description":"O ano exato n\u00e3o se sabe, mas a maior parte das pessoas diz que aconteceu na d\u00e9cada de 1920, em uma cidade do agreste nordestino. E, naquele tempo, era comum a popula\u00e7\u00e3o andar armada, o que transformava o lugar em um neg\u00f3cio rent\u00e1vel para o dono da \u00fanica funer\u00e1ria por aquelas bandas. Outra informa\u00e7\u00e3o que [&hellip;]","og_url":"https:\/\/www.notibras.com\/site\/timoteo-traido-confundido-e-morto-como-o-bandido-do-lampiao-vermelho\/","og_site_name":"Notibras","article_publisher":"https:\/\/www.facebook.com\/notibras\/","article_published_time":"2024-07-03T09:53:51+00:00","article_modified_time":"2024-07-04T02:01:27+00:00","og_image":[{"width":512,"height":476,"url":"https:\/\/www.notibras.com\/site\/wp-content\/uploads\/2024\/07\/63c9c441-fc6b-49b0-8a28-583832ce57cf.jpeg","type":"image\/jpeg"}],"author":"Reda\u00e7\u00e3o","twitter_card":"summary_large_image","twitter_creator":"@Notibras","twitter_site":"@Notibras","twitter_misc":{"Escrito por":"Reda\u00e7\u00e3o","Est. tempo de leitura":"5 minutos"},"schema":{"@context":"https:\/\/schema.org","@graph":[{"@type":"Article","@id":"https:\/\/www.notibras.com\/site\/timoteo-traido-confundido-e-morto-como-o-bandido-do-lampiao-vermelho\/#article","isPartOf":{"@id":"https:\/\/www.notibras.com\/site\/timoteo-traido-confundido-e-morto-como-o-bandido-do-lampiao-vermelho\/"},"author":{"name":"Reda\u00e7\u00e3o","@id":"https:\/\/www.notibras.com\/site\/#\/schema\/person\/36ab0979449956132d3e5b517ea76ac8"},"headline":"Tim\u00f3teo, tra\u00eddo, confundido e morto como o Bandido do Lampi\u00e3o Vermelho","datePublished":"2024-07-03T09:53:51+00:00","dateModified":"2024-07-04T02:01:27+00:00","mainEntityOfPage":{"@id":"https:\/\/www.notibras.com\/site\/timoteo-traido-confundido-e-morto-como-o-bandido-do-lampiao-vermelho\/"},"wordCount":684,"publisher":{"@id":"https:\/\/www.notibras.com\/site\/#organization"},"image":{"@id":"https:\/\/www.notibras.com\/site\/timoteo-traido-confundido-e-morto-como-o-bandido-do-lampiao-vermelho\/#primaryimage"},"thumbnailUrl":"https:\/\/www.notibras.com\/site\/wp-content\/uploads\/2024\/07\/63c9c441-fc6b-49b0-8a28-583832ce57cf.jpeg","articleSection":["Alagoas","Bahia","Cear\u00e1","Leitura Vip","Maranh\u00e3o","Nordeste","Para\u00edba","Pernambuco","Piau\u00ed","Rio Grande do Norte","Sergipe"],"inLanguage":"pt-BR"},{"@type":"WebPage","@id":"https:\/\/www.notibras.com\/site\/timoteo-traido-confundido-e-morto-como-o-bandido-do-lampiao-vermelho\/","url":"https:\/\/www.notibras.com\/site\/timoteo-traido-confundido-e-morto-como-o-bandido-do-lampiao-vermelho\/","name":"Tim\u00f3teo, tra\u00eddo, confundido e morto como o Bandido do Lampi\u00e3o Vermelho - Notibras","isPartOf":{"@id":"https:\/\/www.notibras.com\/site\/#website"},"primaryImageOfPage":{"@id":"https:\/\/www.notibras.com\/site\/timoteo-traido-confundido-e-morto-como-o-bandido-do-lampiao-vermelho\/#primaryimage"},"image":{"@id":"https:\/\/www.notibras.com\/site\/timoteo-traido-confundido-e-morto-como-o-bandido-do-lampiao-vermelho\/#primaryimage"},"thumbnailUrl":"https:\/\/www.notibras.com\/site\/wp-content\/uploads\/2024\/07\/63c9c441-fc6b-49b0-8a28-583832ce57cf.jpeg","datePublished":"2024-07-03T09:53:51+00:00","dateModified":"2024-07-04T02:01:27+00:00","breadcrumb":{"@id":"https:\/\/www.notibras.com\/site\/timoteo-traido-confundido-e-morto-como-o-bandido-do-lampiao-vermelho\/#breadcrumb"},"inLanguage":"pt-BR","potentialAction":[{"@type":"ReadAction","target":["https:\/\/www.notibras.com\/site\/timoteo-traido-confundido-e-morto-como-o-bandido-do-lampiao-vermelho\/"]}]},{"@type":"ImageObject","inLanguage":"pt-BR","@id":"https:\/\/www.notibras.com\/site\/timoteo-traido-confundido-e-morto-como-o-bandido-do-lampiao-vermelho\/#primaryimage","url":"https:\/\/www.notibras.com\/site\/wp-content\/uploads\/2024\/07\/63c9c441-fc6b-49b0-8a28-583832ce57cf.jpeg","contentUrl":"https:\/\/www.notibras.com\/site\/wp-content\/uploads\/2024\/07\/63c9c441-fc6b-49b0-8a28-583832ce57cf.jpeg","width":512,"height":476},{"@type":"BreadcrumbList","@id":"https:\/\/www.notibras.com\/site\/timoteo-traido-confundido-e-morto-como-o-bandido-do-lampiao-vermelho\/#breadcrumb","itemListElement":[{"@type":"ListItem","position":1,"name":"In\u00edcio","item":"https:\/\/www.notibras.com\/site\/"},{"@type":"ListItem","position":2,"name":"Tim\u00f3teo, tra\u00eddo, confundido e morto como o Bandido do Lampi\u00e3o Vermelho"}]},{"@type":"WebSite","@id":"https:\/\/www.notibras.com\/site\/#website","url":"https:\/\/www.notibras.com\/site\/","name":"Notibras","description":"Not\u00edcias de Bras\u00edlia, do Brasil e do Mundo","publisher":{"@id":"https:\/\/www.notibras.com\/site\/#organization"},"potentialAction":[{"@type":"SearchAction","target":{"@type":"EntryPoint","urlTemplate":"https:\/\/www.notibras.com\/site\/?s={search_term_string}"},"query-input":{"@type":"PropertyValueSpecification","valueRequired":true,"valueName":"search_term_string"}}],"inLanguage":"pt-BR"},{"@type":"Organization","@id":"https:\/\/www.notibras.com\/site\/#organization","name":"Grupo Notibras de Comunica\u00e7\u00e3o","url":"https:\/\/www.notibras.com\/site\/","logo":{"@type":"ImageObject","inLanguage":"pt-BR","@id":"https:\/\/www.notibras.com\/site\/#\/schema\/logo\/image\/","url":"https:\/\/www.notibras.com\/site\/wp-content\/uploads\/2023\/01\/notibras23.png","contentUrl":"https:\/\/www.notibras.com\/site\/wp-content\/uploads\/2023\/01\/notibras23.png","width":350,"height":87,"caption":"Grupo Notibras de Comunica\u00e7\u00e3o"},"image":{"@id":"https:\/\/www.notibras.com\/site\/#\/schema\/logo\/image\/"},"sameAs":["https:\/\/www.facebook.com\/notibras\/","https:\/\/x.com\/Notibras","https:\/\/www.instagram.com\/notibras\/"]},{"@type":"Person","@id":"https:\/\/www.notibras.com\/site\/#\/schema\/person\/36ab0979449956132d3e5b517ea76ac8","name":"Reda\u00e7\u00e3o","image":{"@type":"ImageObject","inLanguage":"pt-BR","@id":"https:\/\/secure.gravatar.com\/avatar\/e0a867bdedb85fd243eadf09663511f96fc81e0720a4a42581f334ad4303aa6b?s=96&d=mm&r=g","url":"https:\/\/secure.gravatar.com\/avatar\/e0a867bdedb85fd243eadf09663511f96fc81e0720a4a42581f334ad4303aa6b?s=96&d=mm&r=g","contentUrl":"https:\/\/secure.gravatar.com\/avatar\/e0a867bdedb85fd243eadf09663511f96fc81e0720a4a42581f334ad4303aa6b?s=96&d=mm&r=g","caption":"Reda\u00e7\u00e3o"}}]}},"amp_enabled":true,"_links":{"self":[{"href":"https:\/\/www.notibras.com\/site\/wp-json\/wp\/v2\/posts\/331930","targetHints":{"allow":["GET"]}}],"collection":[{"href":"https:\/\/www.notibras.com\/site\/wp-json\/wp\/v2\/posts"}],"about":[{"href":"https:\/\/www.notibras.com\/site\/wp-json\/wp\/v2\/types\/post"}],"author":[{"embeddable":true,"href":"https:\/\/www.notibras.com\/site\/wp-json\/wp\/v2\/users\/2"}],"replies":[{"embeddable":true,"href":"https:\/\/www.notibras.com\/site\/wp-json\/wp\/v2\/comments?post=331930"}],"version-history":[{"count":6,"href":"https:\/\/www.notibras.com\/site\/wp-json\/wp\/v2\/posts\/331930\/revisions"}],"predecessor-version":[{"id":331945,"href":"https:\/\/www.notibras.com\/site\/wp-json\/wp\/v2\/posts\/331930\/revisions\/331945"}],"wp:featuredmedia":[{"embeddable":true,"href":"https:\/\/www.notibras.com\/site\/wp-json\/wp\/v2\/media\/331931"}],"wp:attachment":[{"href":"https:\/\/www.notibras.com\/site\/wp-json\/wp\/v2\/media?parent=331930"}],"wp:term":[{"taxonomy":"category","embeddable":true,"href":"https:\/\/www.notibras.com\/site\/wp-json\/wp\/v2\/categories?post=331930"},{"taxonomy":"post_tag","embeddable":true,"href":"https:\/\/www.notibras.com\/site\/wp-json\/wp\/v2\/tags?post=331930"}],"curies":[{"name":"wp","href":"https:\/\/api.w.org\/{rel}","templated":true}]}}