{"id":331975,"date":"2024-07-03T00:36:56","date_gmt":"2024-07-03T03:36:56","guid":{"rendered":"https:\/\/www.notibras.com\/site\/?p=331975"},"modified":"2024-07-03T09:38:41","modified_gmt":"2024-07-03T12:38:41","slug":"inscricoes-para-programa-mais-medicos-vao-ate-sabado","status":"publish","type":"post","link":"https:\/\/www.notibras.com\/site\/inscricoes-para-programa-mais-medicos-vao-ate-sabado\/","title":{"rendered":"Inscri\u00e7\u00f5es para programa Mais M\u00e9dicos v\u00e3o at\u00e9 s\u00e1bado"},"content":{"rendered":"<p>Abertas na ter\u00e7a-feira (2), as inscri\u00e7\u00f5es para o novo edital do Programa Mais M\u00e9dicos v\u00e3o at\u00e9 as 18h de s\u00e1bado (dia 6). Est\u00e3o previstas 3.184 vagas em mais de 1,5 mil cidades brasileiras. N\u00e3o h\u00e1 cobran\u00e7a de taxa.<\/p>\n<p>Pela primeira vez, o governo vai disponibilizar vagas no regime de cotas para pessoas com defici\u00eancia e grupos \u00e9tnico-raciais, como negros, quilombolas e ind\u00edgenas. O c\u00e1lculo do Minist\u00e9rio da Sa\u00fade \u00e9 que o programa beneficie mais de 10,6 milh\u00f5es de pessoas com presta\u00e7\u00e3o servi\u00e7os na rede p\u00fablica.<\/p>\n<p>Segundo o minist\u00e9rio, os m\u00e9dicos ser\u00e3o alocados em \u201cregi\u00f5es priorit\u00e1rias e de vulnerabilidade social\u201d. Os profissionais v\u00e3o atuar no primeiro atendimento realizado nas Unidades B\u00e1sicas de Sa\u00fade (UBS), que s\u00e3o respons\u00e1veis pelo acompanhamento da situa\u00e7\u00e3o de sa\u00fade da popula\u00e7\u00e3o, preven\u00e7\u00e3o e redu\u00e7\u00e3o de agravos. \u201cPreencher os vazios assistenciais que, desde 2018, deixaram de ser atendidos \u00e9 uma forma de resgatar o direito e o acesso da popula\u00e7\u00e3o \u00e0 sa\u00fade\u201d, apontou o governo em publica\u00e7\u00e3o.<\/p>\n<p><strong>Cotistas<\/strong><br \/>\nOs profissionais selecionados v\u00e3o receber bolsa-forma\u00e7\u00e3o de R$ 14.058 por m\u00eas, que poder\u00e1 ser paga pelo prazo de quatro anos. Uma novidade \u00e9 que as vagas obedecer\u00e3o \u00e0s exig\u00eancias de cotas para concursos p\u00fablicos, que estipulam o m\u00ednimo de 20% de cotas \u00e9tnico-raciais (que t\u00eam porcentagem de 50% quando h\u00e1 duas vagas) e de 9% para pessoas com defici\u00eancia.<\/p>\n<p>Podem participar da sele\u00e7\u00e3o profissionais brasileiros ou estrangeiros e brasileiros formados no exterior, que continuar\u00e3o atuando com Registro do Minist\u00e9rio da Sa\u00fade (RMS). Os m\u00e9dicos brasileiros formados no Brasil t\u00eam prefer\u00eancia na sele\u00e7\u00e3o.<\/p>\n","protected":false},"excerpt":{"rendered":"<p>Abertas na ter\u00e7a-feira (2), as inscri\u00e7\u00f5es para o novo edital do Programa Mais M\u00e9dicos v\u00e3o at\u00e9 as 18h de s\u00e1bado (dia 6). Est\u00e3o previstas 3.184 vagas em mais de 1,5 mil cidades brasileiras. N\u00e3o h\u00e1 cobran\u00e7a de taxa. Pela primeira vez, o governo vai disponibilizar vagas no regime de cotas para pessoas com defici\u00eancia e [&hellip;]<\/p>\n","protected":false},"author":2,"featured_media":331976,"comment_status":"closed","ping_status":"closed","sticky":false,"template":"","format":"standard","meta":{"_acf_changed":false,"footnotes":""},"categories":[161],"tags":[],"class_list":["post-331975","post","type-post","status-publish","format-standard","has-post-thumbnail","hentry","category-quadradinho-em-foco"],"acf":[],"_links":{"self":[{"href":"https:\/\/www.notibras.com\/site\/wp-json\/wp\/v2\/posts\/331975","targetHints":{"allow":["GET"]}}],"collection":[{"href":"https:\/\/www.notibras.com\/site\/wp-json\/wp\/v2\/posts"}],"about":[{"href":"https:\/\/www.notibras.com\/site\/wp-json\/wp\/v2\/types\/post"}],"author":[{"embeddable":true,"href":"https:\/\/www.notibras.com\/site\/wp-json\/wp\/v2\/users\/2"}],"replies":[{"embeddable":true,"href":"https:\/\/www.notibras.com\/site\/wp-json\/wp\/v2\/comments?post=331975"}],"version-history":[{"count":1,"href":"https:\/\/www.notibras.com\/site\/wp-json\/wp\/v2\/posts\/331975\/revisions"}],"predecessor-version":[{"id":331977,"href":"https:\/\/www.notibras.com\/site\/wp-json\/wp\/v2\/posts\/331975\/revisions\/331977"}],"wp:featuredmedia":[{"embeddable":true,"href":"https:\/\/www.notibras.com\/site\/wp-json\/wp\/v2\/media\/331976"}],"wp:attachment":[{"href":"https:\/\/www.notibras.com\/site\/wp-json\/wp\/v2\/media?parent=331975"}],"wp:term":[{"taxonomy":"category","embeddable":true,"href":"https:\/\/www.notibras.com\/site\/wp-json\/wp\/v2\/categories?post=331975"},{"taxonomy":"post_tag","embeddable":true,"href":"https:\/\/www.notibras.com\/site\/wp-json\/wp\/v2\/tags?post=331975"}],"curies":[{"name":"wp","href":"https:\/\/api.w.org\/{rel}","templated":true}]}}