{"id":331996,"date":"2024-07-04T02:25:26","date_gmt":"2024-07-04T05:25:26","guid":{"rendered":"https:\/\/www.notibras.com\/site\/?p=331996"},"modified":"2024-07-03T23:35:43","modified_gmt":"2024-07-04T02:35:43","slug":"margo-bebe-todas-esquece-almoco-e-viaja-de-cuca-legal","status":"publish","type":"post","link":"https:\/\/www.notibras.com\/site\/margo-bebe-todas-esquece-almoco-e-viaja-de-cuca-legal\/","title":{"rendered":"Marg\u00f4 bebe todas, esquece almo\u00e7o e viaja de cuca legal"},"content":{"rendered":"<p>Levei tempo para aceitar meu nome, at\u00e9 que, j\u00e1 perto dos 30 anos, um homem se aproximou de mim em uma festa na casa de amigos. Assim que soube como me chamava, abriu um sorriso e disse:<\/p>\n<p>\u2014 Lindo!<\/p>\n<p>Na verdade, depois de alguns dias, fiquei na d\u00favida se ele se referiu ao meu nome ou, ent\u00e3o, ao generoso decote que eu usava. Seja como for, j\u00e1 era tarde, pois logo est\u00e1vamos perdidamente apaixonados um pelo outro.<\/p>\n<p>De namorados, passamos a morar juntos alguns meses ap\u00f3s, para desespero dos meus pais.<\/p>\n<p>\u2014 Minha filha, por que n\u00e3o se casam?<\/p>\n<p>Com o tempo, meu companheiro e eu fomos descobrindo certas diferen\u00e7as, a maioria contorn\u00e1vel. Uma delas \u00e9 que ele adora filmes de fic\u00e7\u00e3o cient\u00edfica, enquanto sou apaixonada por terror. Mas n\u00e3o esses cl\u00e1ssicos que nem \u201cA profecia\u201d e \u201cO exorcista\u201d. Curto trash. E levo muito a s\u00e9rio essa paix\u00e3o.<\/p>\n<p>Nesses momentos, fecho todas as cortinas, apago as luzes, aumento o volume e me sento no sof\u00e1 com uma bacia com pipoca at\u00e9 a boca. Meu amado, nessas horas, costuma se sentar ao meu lado. O problema \u00e9 que, n\u00e3o raro, ele solta umas risadinhas, o que me deixa muito irritada. Se n\u00e3o consegue entrar no clima, que v\u00e1 para o quarto ou, ent\u00e3o, que d\u00ea uma volta na rua.<\/p>\n<p>A despeito de tal situa\u00e7\u00e3o, h\u00e1 uma outra que eu at\u00e9 achava engra\u00e7ado durante os primeiros meses de relacionamento. \u00c9 que sou da noite, enquanto ele sempre se levanta antes dos primeiros raios. N\u00e3o importa se seja s\u00e1bado, domingo, feriado ou se estamos de f\u00e9rias. L\u00e1 est\u00e1 o sujeito de p\u00e9, como se, \u00e0quela hora da manh\u00e3, o mundo fosse a coisa mais linda.<\/p>\n<p>Pois \u00e9, na semana passada, meu homem e eu fomos a um barzinho, onde encontramos alguns amigos. Enquanto tomei todas e mais algumas, o bonito, como sempre, ficou apenas na \u00e1gua com g\u00e1s. O resultado foi que cheguei em casa nos seus bra\u00e7os. Mas eis que, no dia seguinte, antes das 11h, o dito cujo me cutuca.<\/p>\n<p>\u2014 Marg\u00f4, meu amor, acorda! Combinamos almo\u00e7ar com seus pais.<\/p>\n<p>\u2014 Juli\u00e3o, n\u00e3o amola! Ainda estou em outro planeta.<\/p>\n<p><strong>*Eduardo Mart\u00ednez \u00e9 autor do livro \u201c57 Contos e Cr\u00f4nicas por um Autor muito Velho\u201d.<\/strong><\/p>\n<p>Compre aqui\u00a0<span class=\"x19la9d6 x1fc57z9 x6ikm8r x10wlt62 x19co3pv x1g5zs5t xfibh0p xiy17q3 x1xsqp64 x1lkfr7t xexx8yu x4uap5 x18d9i69 xkhd6sd\"><span class=\"xrtxmta x1bhl96m\"><img decoding=\"async\" class=\"emoji\" role=\"img\" draggable=\"false\" src=\"https:\/\/s.w.org\/images\/core\/emoji\/14.0.0\/svg\/1f447-1f3ff.svg\" alt=\"&#x1f447;&#x1f3ff;\" \/><\/span><\/span><span class=\"x19la9d6 x1fc57z9 x6ikm8r x10wlt62 x19co3pv x1g5zs5t xfibh0p xiy17q3 x1xsqp64 x1lkfr7t xexx8yu x4uap5 x18d9i69 xkhd6sd\"><span class=\"xrtxmta x1bhl96m\"><img decoding=\"async\" class=\"emoji\" role=\"img\" draggable=\"false\" src=\"https:\/\/s.w.org\/images\/core\/emoji\/14.0.0\/svg\/1f447-1f3ff.svg\" alt=\"&#x1f447;&#x1f3ff;\" \/><\/span><\/span><span class=\"x19la9d6 x1fc57z9 x6ikm8r x10wlt62 x19co3pv x1g5zs5t xfibh0p xiy17q3 x1xsqp64 x1lkfr7t xexx8yu x4uap5 x18d9i69 xkhd6sd\"><span class=\"xrtxmta x1bhl96m\"><img decoding=\"async\" class=\"emoji\" role=\"img\" draggable=\"false\" src=\"https:\/\/s.w.org\/images\/core\/emoji\/14.0.0\/svg\/1f447-1f3ff.svg\" alt=\"&#x1f447;&#x1f3ff;\" \/><\/span><\/span><\/p>\n<p><a href=\"http:\/\/www.joanineditora.com.br\/57-contos-e-cronicas-por-um-autor-muito-velho\">http:\/\/www.joanineditora.com.br\/57-contos-e-cronicas-por-um-autor-muito-velho<\/a><\/p>\n","protected":false},"excerpt":{"rendered":"<p>Levei tempo para aceitar meu nome, at\u00e9 que, j\u00e1 perto dos 30 anos, um homem se aproximou de mim em uma festa na casa de amigos. Assim que soube como me chamava, abriu um sorriso e disse: \u2014 Lindo! Na verdade, depois de alguns dias, fiquei na d\u00favida se ele se referiu ao meu nome [&hellip;]<\/p>\n","protected":false},"author":2,"featured_media":331997,"comment_status":"closed","ping_status":"closed","sticky":false,"template":"","format":"standard","meta":{"_acf_changed":false,"footnotes":""},"categories":[161],"tags":[],"class_list":["post-331996","post","type-post","status-publish","format-standard","has-post-thumbnail","hentry","category-quadradinho-em-foco"],"acf":[],"_links":{"self":[{"href":"https:\/\/www.notibras.com\/site\/wp-json\/wp\/v2\/posts\/331996","targetHints":{"allow":["GET"]}}],"collection":[{"href":"https:\/\/www.notibras.com\/site\/wp-json\/wp\/v2\/posts"}],"about":[{"href":"https:\/\/www.notibras.com\/site\/wp-json\/wp\/v2\/types\/post"}],"author":[{"embeddable":true,"href":"https:\/\/www.notibras.com\/site\/wp-json\/wp\/v2\/users\/2"}],"replies":[{"embeddable":true,"href":"https:\/\/www.notibras.com\/site\/wp-json\/wp\/v2\/comments?post=331996"}],"version-history":[{"count":4,"href":"https:\/\/www.notibras.com\/site\/wp-json\/wp\/v2\/posts\/331996\/revisions"}],"predecessor-version":[{"id":332002,"href":"https:\/\/www.notibras.com\/site\/wp-json\/wp\/v2\/posts\/331996\/revisions\/332002"}],"wp:featuredmedia":[{"embeddable":true,"href":"https:\/\/www.notibras.com\/site\/wp-json\/wp\/v2\/media\/331997"}],"wp:attachment":[{"href":"https:\/\/www.notibras.com\/site\/wp-json\/wp\/v2\/media?parent=331996"}],"wp:term":[{"taxonomy":"category","embeddable":true,"href":"https:\/\/www.notibras.com\/site\/wp-json\/wp\/v2\/categories?post=331996"},{"taxonomy":"post_tag","embeddable":true,"href":"https:\/\/www.notibras.com\/site\/wp-json\/wp\/v2\/tags?post=331996"}],"curies":[{"name":"wp","href":"https:\/\/api.w.org\/{rel}","templated":true}]}}