{"id":332008,"date":"2024-07-04T00:01:29","date_gmt":"2024-07-04T03:01:29","guid":{"rendered":"https:\/\/www.notibras.com\/site\/?p=332008"},"modified":"2024-07-04T08:20:12","modified_gmt":"2024-07-04T11:20:12","slug":"golpista-destruidor-de-relogio-vai-continuar-muito-tempo-na-papuda","status":"publish","type":"post","link":"https:\/\/www.notibras.com\/site\/golpista-destruidor-de-relogio-vai-continuar-muito-tempo-na-papuda\/","title":{"rendered":"Golpista destruidor de rel\u00f3gio vai continuar muito tempo na Papuda"},"content":{"rendered":"<p>O ministro Alexandre de Moraes, do Supremo Tribunal Federal (STF), decidiu nesta quarta-feira (3) manter na Papuda Ant\u00f4nio Cl\u00e1udio Alves Ferreira, um dos r\u00e9us pelos atos golpistas de 8 de janeiro. O r\u00e9u ficou conhecido por participar da invas\u00e3o ao Pal\u00e1cio do Planalto durante os atos golpistas e destruir um rel\u00f3gio hist\u00f3rico do s\u00e9culo 17.<\/p>\n<p>Produzido pelo franc\u00eas Balthazar Martinot, o rel\u00f3gio foi dado de presente ao imperador Dom Jo\u00e3o VI pela corte francesa em 1808 e fazia parte do acervo da Presid\u00eancia da Rep\u00fablica.<\/p>\n<p>O ministro negou pedido de soltura feito pela defesa ap\u00f3s Ant\u00f4nio Cl\u00e1udio ser condenado na semana passada pela Corte a 17 anos de pris\u00e3o pelos crimes de aboli\u00e7\u00e3o violenta do Estado Democr\u00e1tico de Direito, golpe de Estado, dano qualificado, dano do patrim\u00f4nio tombado e associa\u00e7\u00e3o criminosa armada.<\/p>\n<p>Os ministros tamb\u00e9m foram favor\u00e1veis \u00e0 condena\u00e7\u00e3o do acusado ao pagamento solid\u00e1rio de R$ 30 milh\u00f5es pelos danos causados pela invas\u00e3o das sedes dos Tr\u00eas Poderes no 8 de janeiro.<\/p>\n<p>Durante a tramita\u00e7\u00e3o do processo, o r\u00e9u prestou depoimento e confessou que esteve no Pal\u00e1cio do Planalto e danificou o rel\u00f3gio. Ap\u00f3s os atos, ele fugiu para Uberl\u00e2ndia (MG) e foi preso pela Pol\u00edcia Federal.<\/p>\n","protected":false},"excerpt":{"rendered":"<p>O ministro Alexandre de Moraes, do Supremo Tribunal Federal (STF), decidiu nesta quarta-feira (3) manter na Papuda Ant\u00f4nio Cl\u00e1udio Alves Ferreira, um dos r\u00e9us pelos atos golpistas de 8 de janeiro. O r\u00e9u ficou conhecido por participar da invas\u00e3o ao Pal\u00e1cio do Planalto durante os atos golpistas e destruir um rel\u00f3gio hist\u00f3rico do s\u00e9culo 17. [&hellip;]<\/p>\n","protected":false},"author":2,"featured_media":332009,"comment_status":"closed","ping_status":"closed","sticky":false,"template":"","format":"standard","meta":{"_acf_changed":false,"footnotes":""},"categories":[161],"tags":[],"class_list":["post-332008","post","type-post","status-publish","format-standard","has-post-thumbnail","hentry","category-quadradinho-em-foco"],"acf":[],"_links":{"self":[{"href":"https:\/\/www.notibras.com\/site\/wp-json\/wp\/v2\/posts\/332008","targetHints":{"allow":["GET"]}}],"collection":[{"href":"https:\/\/www.notibras.com\/site\/wp-json\/wp\/v2\/posts"}],"about":[{"href":"https:\/\/www.notibras.com\/site\/wp-json\/wp\/v2\/types\/post"}],"author":[{"embeddable":true,"href":"https:\/\/www.notibras.com\/site\/wp-json\/wp\/v2\/users\/2"}],"replies":[{"embeddable":true,"href":"https:\/\/www.notibras.com\/site\/wp-json\/wp\/v2\/comments?post=332008"}],"version-history":[{"count":1,"href":"https:\/\/www.notibras.com\/site\/wp-json\/wp\/v2\/posts\/332008\/revisions"}],"predecessor-version":[{"id":332010,"href":"https:\/\/www.notibras.com\/site\/wp-json\/wp\/v2\/posts\/332008\/revisions\/332010"}],"wp:featuredmedia":[{"embeddable":true,"href":"https:\/\/www.notibras.com\/site\/wp-json\/wp\/v2\/media\/332009"}],"wp:attachment":[{"href":"https:\/\/www.notibras.com\/site\/wp-json\/wp\/v2\/media?parent=332008"}],"wp:term":[{"taxonomy":"category","embeddable":true,"href":"https:\/\/www.notibras.com\/site\/wp-json\/wp\/v2\/categories?post=332008"},{"taxonomy":"post_tag","embeddable":true,"href":"https:\/\/www.notibras.com\/site\/wp-json\/wp\/v2\/tags?post=332008"}],"curies":[{"name":"wp","href":"https:\/\/api.w.org\/{rel}","templated":true}]}}