{"id":33201,"date":"2015-01-07T11:48:05","date_gmt":"2015-01-07T14:48:05","guid":{"rendered":"http:\/\/www.notibras.com\/site\/?p=33201"},"modified":"2015-01-07T13:17:58","modified_gmt":"2015-01-07T16:17:58","slug":"cpmf-ou-seja-que-nome-tenha-deve-voltar-para-tirar-a-saude-da-uti","status":"publish","type":"post","link":"https:\/\/www.notibras.com\/site\/cpmf-ou-seja-que-nome-tenha-deve-voltar-para-tirar-a-saude-da-uti\/","title":{"rendered":"CPMF, ou que nome tenha, volta para tirar sa\u00fade da UTI"},"content":{"rendered":"<p>Em meio \u00e0 crise que esvazia os cofres p\u00fablicos, o setor de sa\u00fade p\u00fablica \u00e9 dos que mais sofre. E para aliviar o problema, j\u00e1 se avalia, no \u00e2mbito do governo federal, a cria\u00e7\u00e3o de um instrumento capaz de garantir o dinheiro necess\u00e1rio para atender aos doentes.<\/p>\n<p>Sem promessa de dinheiro novo, o ministro da Sa\u00fade, Arthur Chioro, defende a discuss\u00e3o sobre a cria\u00e7\u00e3o de uma contribui\u00e7\u00e3o para financiar o setor. &#8220;\u00c9 o caminho para garantir a sustentabilidade do sistema integral e universal, que cada vez custa mais caro.&#8221;<\/p>\n<p>A medida poderia ajudar a reparar o baque sofrido no setor em 2008, com o fim da Contribui\u00e7\u00e3o Provis\u00f3ria sobre Movimenta\u00e7\u00e3o Financeira (CPMF). Chioro fez as declara\u00e7\u00f5es ao jornal O Estado de S. Paulo. Alguns trechos foram selecionados a seguir:<\/p>\n<blockquote><p><b>O or\u00e7amento da Sa\u00fade varia com o PIB, que foi \u00ednfimo. Como o senhor vai fazer?<\/b><\/p>\n<p>H\u00e1 um piso constitucional, que \u00e9 pequeno. Este ano ser\u00e1 de muita dificuldade para o governo e para a sociedade brasileira. N\u00e3o h\u00e1 perspectiva de novos recursos. E mesmo que eles surgissem, isso valeria apenas para o pr\u00f3ximo ano. Al\u00e9m disso, h\u00e1 o compromisso que recurso extra ser\u00e1 encaminhado para o Mais Especialidades. Temos de fazer escolhas.<\/p>\n<p><b>O senhor defende uma contribui\u00e7\u00e3o para a Sa\u00fade?<\/b><\/p>\n<p>Esse \u00e9 um debate que a sociedade brasileira e o Congresso Nacional t\u00eam de fazer. Todos os pa\u00edses do mundo est\u00e3o se deparando com esse desafio. At\u00e9 para garantir sustentabilidade econ\u00f4mica e financeira do sistema, a m\u00e9dio e longo prazo. Hoje o grande desafio que a gente tem n\u00e3o \u00e9 apenas dizer para a sociedade que ela tem de pagar mais ou contribuir mais. Temos de dar garantia para a sociedade que estamos gastando da melhor forma poss\u00edvel, mais eficiente, mais transparente. O debate \u00e9 sobre a sustentabilidade do sistema de sa\u00fade. Cada vez custa mais um servi\u00e7o universal e integral. Fora disso \u00e9 barb\u00e1rie. \u00c9 jogar as pessoas, o acesso \u00e0 sa\u00fade, \u00e0 l\u00f3gica de mercado.<\/p>\n<p><b>\u00c9 o que acontece com planos de sa\u00fade?<\/b><\/p>\n<p>Existe uma l\u00f3gica de mercado. Existe um custo. O que n\u00e3o d\u00e1 \u00e9 as pessoas quererem ter o plano de sa\u00fade e n\u00e3o pagar o valor real. \u00c9 o famoso &#8220;finjo que estou te cobrando&#8221; e voc\u00ea &#8220;finge que est\u00e1 pagando&#8221;. No final das contas, fica um jogo entre um que n\u00e3o quer que use e outro que quer usar.<\/p>\n<p><strong>O senhor \u00e9 contr\u00e1rio ao plano de sa\u00fade popular?<\/strong><\/p>\n<p>Qual o tamanho do sistema de sa\u00fade suplementar? O que importa \u00e9 que ele tenha um tamanho que seja suficiente para ter um equil\u00edbrio econ\u00f4mico e financeiro. Paga quem pode pagar, e se entrega aquilo que se comprou. E o restante da popula\u00e7\u00e3o usa um servi\u00e7o p\u00fablico de qualidade. Esse \u00e9 o desenho que busco. O plano de sa\u00fade tem de atender \u00e0s necessidades da popula\u00e7\u00e3o. Vamos fazer uma sa\u00fade suplementar de mentirinha? Com planos pop? Ou vamos fazer um produto que tenha um custo real e que o consumidor receba o atendimento devido. Uma parte significativa da nova classe m\u00e9dia imaginava que os planos de sa\u00fade resolveriam todos seus problemas.<\/p>\n<p><b>Quais foram as encomendas da presidente Dilma?<\/b><\/p>\n<p>S\u00e3o cinco prioridades. Ajuste do Mais M\u00e9dicos, o Mais Especialidades, moderniza\u00e7\u00e3o da m\u00e1quina administrativa. Vamos tamb\u00e9m lidar com Sistema Nacional de Sa\u00fade. Cuidar da \u00e1rea p\u00fablica, sa\u00fade suplementar, do que ocorre no sistema privado. \u00c9 o caso, por exemplo, das medidas para frear o n\u00famero de ces\u00e1reas. E investir pesadamente na preven\u00e7\u00e3o, sobretudo diante do envelhecimento da popula\u00e7\u00e3o, do maior risco de doen\u00e7as cr\u00f4nicas, o aumento da viol\u00eancia. Eu preciso deixar de ser o ministro da doen\u00e7a para ser de fato o ministro da sa\u00fade. Preven\u00e7\u00e3o deve ser priorit\u00e1ria.<\/p>\n<p><b>Quando o Mais Especialidades ser\u00e1 lan\u00e7ado?<\/b><\/p>\n<p>A ideia \u00e9 apresentar para a presidente Dilma a proposta neste primeiro trimestre. O programa ter\u00e1 uma l\u00f3gica incremental, com lan\u00e7amento gradual. A prioridade n\u00e3o ser\u00e1 constru\u00e7\u00e3o de pr\u00e9dios. Vamos usar o que est\u00e1 a\u00ed, na rede p\u00fablica, filantr\u00f3pica e privada. H\u00e1 capacidade ociosa. Estamos fazendo um diagn\u00f3stico de todas as regi\u00f5es. J\u00e1 sabemos que o Mais Especialidades n\u00e3o ter\u00e1 a mesma cara em todas as regi\u00f5es do pa\u00eds.<\/p>\n<p><b>O minist\u00e9rio vai come\u00e7ar com qual especialidade?<\/b><\/p>\n<p>H\u00e1 dois fortes candidatos: traumato-ortopedia e oftalmologia. Fizemos uma pesquisa com usu\u00e1rios, para saber quais s\u00e3o as maiores queixas, as maiores defici\u00eancias. E estamos ouvindo gestores. Vamos oferecer tamb\u00e9m o especialidades para atendimento continuado, para pacientes que certamente v\u00e3o precisar de atendimento com m\u00e9dico de especialidade ao longo da vida, como pessoas com insufici\u00eancia renal, por exemplo. H\u00e1 um terceiro grupo, o de tratamento para pacientes com c\u00e2ncer.<\/p>\n<p><b>Parece haver muito a definir&#8230;<\/b><\/p>\n<p>Vamos gastar o tempo que for necess\u00e1rio para o planejamento adequado.<\/p>\n<p><b>De onde vir\u00e3o os recursos?<\/b><\/p>\n<p>N\u00e3o ser\u00e1 do or\u00e7amento atual. Fundamentalmente, vir\u00e3o de recursos oriundos do pr\u00e9-sal.<\/p>\n<p><b>Eles ainda n\u00e3o existem. Ser\u00e1 uma esp\u00e9cie de empr\u00e9stimo?<\/b><\/p>\n<p>Vamos ver qual ser\u00e1 a orienta\u00e7\u00e3o da presidente Dilma. Para isso, precisamos saber quanto o programa vai custar, e estamos nos apropriando.<\/p>\n<p><b>M\u00e9dicos estrangeiros ser\u00e3o contratados?<\/b><\/p>\n<p>N\u00e3o trabalhamos com a possibilidade de recrutar m\u00e9dicos do exterior. Cruzamentos de cadastros mostram que temos profissionais dispon\u00edveis na maior parte das regi\u00f5es.<\/p>\n<p><b>Mas com interesse em trabalhar? Se n\u00e3o aconteceu com o Mais M\u00e9dicos&#8230;<\/b><\/p>\n<p>Mas aconteceu com a alta complexidade. A forma\u00e7\u00e3o m\u00e9dica brasileira \u00e9 essencialmente voltada para especialidades. Temos um contingente de especialistas na rede privada, na rede p\u00fablica, que nunca rodou porque n\u00e3o tinha pol\u00edtica.<\/p>\n<p><b>Haver\u00e1 novo recrutamento de estrangeiros para Mais M\u00e9dicos?<\/b><\/p>\n<p>Vamos apresentar na pr\u00f3xima semana uma proposta de ajuste. A expans\u00e3o para munic\u00edpios que n\u00e3o participaram da primeira fase, a incorpora\u00e7\u00e3o de profissionais que participam do Provab, a resid\u00eancia m\u00e9dica no SUS. A oferta ter\u00e1 de ser reajustada, com expans\u00e3o, reposi\u00e7\u00e3o de profissionais. E ser\u00e1 feito da mesma forma. Primeiro com oferta para brasileiros, depois para estrangeiros.<\/p><\/blockquote>\n","protected":false},"excerpt":{"rendered":"<p>Em meio \u00e0 crise que esvazia os cofres p\u00fablicos, o setor de sa\u00fade p\u00fablica \u00e9 dos que mais sofre. E para aliviar o problema, j\u00e1 se avalia, no \u00e2mbito do governo federal, a cria\u00e7\u00e3o de um instrumento capaz de garantir o dinheiro necess\u00e1rio para atender aos doentes. Sem promessa de dinheiro novo, o ministro da [&hellip;]<\/p>\n","protected":false},"author":2,"featured_media":33212,"comment_status":"open","ping_status":"closed","sticky":false,"template":"","format":"standard","meta":{"_acf_changed":false,"footnotes":""},"categories":[16],"tags":[],"class_list":["post-33201","post","type-post","status-publish","format-standard","has-post-thumbnail","hentry","category-brasil"],"acf":[],"yoast_head":"<!-- This site is optimized with the Yoast SEO plugin v27.2 - https:\/\/yoast.com\/product\/yoast-seo-wordpress\/ -->\n<title>CPMF, ou que nome tenha, volta para tirar sa\u00fade da UTI - Notibras<\/title>\n<meta name=\"robots\" content=\"index, follow, max-snippet:-1, max-image-preview:large, max-video-preview:-1\" \/>\n<link rel=\"canonical\" href=\"https:\/\/www.notibras.com\/site\/cpmf-ou-seja-que-nome-tenha-deve-voltar-para-tirar-a-saude-da-uti\/\" \/>\n<meta property=\"og:locale\" content=\"pt_BR\" \/>\n<meta property=\"og:type\" content=\"article\" \/>\n<meta property=\"og:title\" content=\"CPMF, ou que nome tenha, volta para tirar sa\u00fade da UTI - Notibras\" \/>\n<meta property=\"og:description\" content=\"Em meio \u00e0 crise que esvazia os cofres p\u00fablicos, o setor de sa\u00fade p\u00fablica \u00e9 dos que mais sofre. E para aliviar o problema, j\u00e1 se avalia, no \u00e2mbito do governo federal, a cria\u00e7\u00e3o de um instrumento capaz de garantir o dinheiro necess\u00e1rio para atender aos doentes. Sem promessa de dinheiro novo, o ministro da [&hellip;]\" \/>\n<meta property=\"og:url\" content=\"https:\/\/www.notibras.com\/site\/cpmf-ou-seja-que-nome-tenha-deve-voltar-para-tirar-a-saude-da-uti\/\" \/>\n<meta property=\"og:site_name\" content=\"Notibras\" \/>\n<meta property=\"article:publisher\" content=\"https:\/\/www.facebook.com\/notibras\/\" \/>\n<meta property=\"article:published_time\" content=\"2015-01-07T14:48:05+00:00\" \/>\n<meta property=\"article:modified_time\" content=\"2015-01-07T16:17:58+00:00\" \/>\n<meta property=\"og:image\" content=\"https:\/\/www.notibras.com\/site\/wp-content\/uploads\/2015\/01\/chioro_1.jpg\" \/>\n\t<meta property=\"og:image:width\" content=\"620\" \/>\n\t<meta property=\"og:image:height\" content=\"465\" \/>\n\t<meta property=\"og:image:type\" content=\"image\/jpeg\" \/>\n<meta name=\"author\" content=\"Reda\u00e7\u00e3o\" \/>\n<meta name=\"twitter:card\" content=\"summary_large_image\" \/>\n<meta name=\"twitter:creator\" content=\"@Notibras\" \/>\n<meta name=\"twitter:site\" content=\"@Notibras\" \/>\n<meta name=\"twitter:label1\" content=\"Escrito por\" \/>\n\t<meta name=\"twitter:data1\" content=\"Reda\u00e7\u00e3o\" \/>\n\t<meta name=\"twitter:label2\" content=\"Est. tempo de leitura\" \/>\n\t<meta name=\"twitter:data2\" content=\"5 minutos\" \/>\n<script type=\"application\/ld+json\" class=\"yoast-schema-graph\">{\"@context\":\"https:\/\/schema.org\",\"@graph\":[{\"@type\":\"Article\",\"@id\":\"https:\/\/www.notibras.com\/site\/cpmf-ou-seja-que-nome-tenha-deve-voltar-para-tirar-a-saude-da-uti\/#article\",\"isPartOf\":{\"@id\":\"https:\/\/www.notibras.com\/site\/cpmf-ou-seja-que-nome-tenha-deve-voltar-para-tirar-a-saude-da-uti\/\"},\"author\":{\"name\":\"Reda\u00e7\u00e3o\",\"@id\":\"https:\/\/www.notibras.com\/site\/#\/schema\/person\/36ab0979449956132d3e5b517ea76ac8\"},\"headline\":\"CPMF, ou que nome tenha, volta para tirar sa\u00fade da UTI\",\"datePublished\":\"2015-01-07T14:48:05+00:00\",\"dateModified\":\"2015-01-07T16:17:58+00:00\",\"mainEntityOfPage\":{\"@id\":\"https:\/\/www.notibras.com\/site\/cpmf-ou-seja-que-nome-tenha-deve-voltar-para-tirar-a-saude-da-uti\/\"},\"wordCount\":1079,\"commentCount\":0,\"publisher\":{\"@id\":\"https:\/\/www.notibras.com\/site\/#organization\"},\"image\":{\"@id\":\"https:\/\/www.notibras.com\/site\/cpmf-ou-seja-que-nome-tenha-deve-voltar-para-tirar-a-saude-da-uti\/#primaryimage\"},\"thumbnailUrl\":\"https:\/\/www.notibras.com\/site\/wp-content\/uploads\/2015\/01\/chioro_1.jpg\",\"articleSection\":[\"Brasil\"],\"inLanguage\":\"pt-BR\",\"potentialAction\":[{\"@type\":\"CommentAction\",\"name\":\"Comment\",\"target\":[\"https:\/\/www.notibras.com\/site\/cpmf-ou-seja-que-nome-tenha-deve-voltar-para-tirar-a-saude-da-uti\/#respond\"]}]},{\"@type\":\"WebPage\",\"@id\":\"https:\/\/www.notibras.com\/site\/cpmf-ou-seja-que-nome-tenha-deve-voltar-para-tirar-a-saude-da-uti\/\",\"url\":\"https:\/\/www.notibras.com\/site\/cpmf-ou-seja-que-nome-tenha-deve-voltar-para-tirar-a-saude-da-uti\/\",\"name\":\"CPMF, ou que nome tenha, volta para tirar sa\u00fade da UTI - Notibras\",\"isPartOf\":{\"@id\":\"https:\/\/www.notibras.com\/site\/#website\"},\"primaryImageOfPage\":{\"@id\":\"https:\/\/www.notibras.com\/site\/cpmf-ou-seja-que-nome-tenha-deve-voltar-para-tirar-a-saude-da-uti\/#primaryimage\"},\"image\":{\"@id\":\"https:\/\/www.notibras.com\/site\/cpmf-ou-seja-que-nome-tenha-deve-voltar-para-tirar-a-saude-da-uti\/#primaryimage\"},\"thumbnailUrl\":\"https:\/\/www.notibras.com\/site\/wp-content\/uploads\/2015\/01\/chioro_1.jpg\",\"datePublished\":\"2015-01-07T14:48:05+00:00\",\"dateModified\":\"2015-01-07T16:17:58+00:00\",\"breadcrumb\":{\"@id\":\"https:\/\/www.notibras.com\/site\/cpmf-ou-seja-que-nome-tenha-deve-voltar-para-tirar-a-saude-da-uti\/#breadcrumb\"},\"inLanguage\":\"pt-BR\",\"potentialAction\":[{\"@type\":\"ReadAction\",\"target\":[\"https:\/\/www.notibras.com\/site\/cpmf-ou-seja-que-nome-tenha-deve-voltar-para-tirar-a-saude-da-uti\/\"]}]},{\"@type\":\"ImageObject\",\"inLanguage\":\"pt-BR\",\"@id\":\"https:\/\/www.notibras.com\/site\/cpmf-ou-seja-que-nome-tenha-deve-voltar-para-tirar-a-saude-da-uti\/#primaryimage\",\"url\":\"https:\/\/www.notibras.com\/site\/wp-content\/uploads\/2015\/01\/chioro_1.jpg\",\"contentUrl\":\"https:\/\/www.notibras.com\/site\/wp-content\/uploads\/2015\/01\/chioro_1.jpg\",\"width\":620,\"height\":465},{\"@type\":\"BreadcrumbList\",\"@id\":\"https:\/\/www.notibras.com\/site\/cpmf-ou-seja-que-nome-tenha-deve-voltar-para-tirar-a-saude-da-uti\/#breadcrumb\",\"itemListElement\":[{\"@type\":\"ListItem\",\"position\":1,\"name\":\"In\u00edcio\",\"item\":\"https:\/\/www.notibras.com\/site\/\"},{\"@type\":\"ListItem\",\"position\":2,\"name\":\"CPMF, ou que nome tenha, volta para tirar sa\u00fade da UTI\"}]},{\"@type\":\"WebSite\",\"@id\":\"https:\/\/www.notibras.com\/site\/#website\",\"url\":\"https:\/\/www.notibras.com\/site\/\",\"name\":\"Notibras\",\"description\":\"Not\u00edcias de Bras\u00edlia, do Brasil e do Mundo\",\"publisher\":{\"@id\":\"https:\/\/www.notibras.com\/site\/#organization\"},\"potentialAction\":[{\"@type\":\"SearchAction\",\"target\":{\"@type\":\"EntryPoint\",\"urlTemplate\":\"https:\/\/www.notibras.com\/site\/?s={search_term_string}\"},\"query-input\":{\"@type\":\"PropertyValueSpecification\",\"valueRequired\":true,\"valueName\":\"search_term_string\"}}],\"inLanguage\":\"pt-BR\"},{\"@type\":\"Organization\",\"@id\":\"https:\/\/www.notibras.com\/site\/#organization\",\"name\":\"Grupo Notibras de Comunica\u00e7\u00e3o\",\"url\":\"https:\/\/www.notibras.com\/site\/\",\"logo\":{\"@type\":\"ImageObject\",\"inLanguage\":\"pt-BR\",\"@id\":\"https:\/\/www.notibras.com\/site\/#\/schema\/logo\/image\/\",\"url\":\"https:\/\/www.notibras.com\/site\/wp-content\/uploads\/2023\/01\/notibras23.png\",\"contentUrl\":\"https:\/\/www.notibras.com\/site\/wp-content\/uploads\/2023\/01\/notibras23.png\",\"width\":350,\"height\":87,\"caption\":\"Grupo Notibras de Comunica\u00e7\u00e3o\"},\"image\":{\"@id\":\"https:\/\/www.notibras.com\/site\/#\/schema\/logo\/image\/\"},\"sameAs\":[\"https:\/\/www.facebook.com\/notibras\/\",\"https:\/\/x.com\/Notibras\",\"https:\/\/www.instagram.com\/notibras\/\"]},{\"@type\":\"Person\",\"@id\":\"https:\/\/www.notibras.com\/site\/#\/schema\/person\/36ab0979449956132d3e5b517ea76ac8\",\"name\":\"Reda\u00e7\u00e3o\",\"image\":{\"@type\":\"ImageObject\",\"inLanguage\":\"pt-BR\",\"@id\":\"https:\/\/secure.gravatar.com\/avatar\/e0a867bdedb85fd243eadf09663511f96fc81e0720a4a42581f334ad4303aa6b?s=96&d=mm&r=g\",\"url\":\"https:\/\/secure.gravatar.com\/avatar\/e0a867bdedb85fd243eadf09663511f96fc81e0720a4a42581f334ad4303aa6b?s=96&d=mm&r=g\",\"contentUrl\":\"https:\/\/secure.gravatar.com\/avatar\/e0a867bdedb85fd243eadf09663511f96fc81e0720a4a42581f334ad4303aa6b?s=96&d=mm&r=g\",\"caption\":\"Reda\u00e7\u00e3o\"}}]}<\/script>\n<!-- \/ Yoast SEO plugin. -->","yoast_head_json":{"title":"CPMF, ou que nome tenha, volta para tirar sa\u00fade da UTI - Notibras","robots":{"index":"index","follow":"follow","max-snippet":"max-snippet:-1","max-image-preview":"max-image-preview:large","max-video-preview":"max-video-preview:-1"},"canonical":"https:\/\/www.notibras.com\/site\/cpmf-ou-seja-que-nome-tenha-deve-voltar-para-tirar-a-saude-da-uti\/","og_locale":"pt_BR","og_type":"article","og_title":"CPMF, ou que nome tenha, volta para tirar sa\u00fade da UTI - Notibras","og_description":"Em meio \u00e0 crise que esvazia os cofres p\u00fablicos, o setor de sa\u00fade p\u00fablica \u00e9 dos que mais sofre. E para aliviar o problema, j\u00e1 se avalia, no \u00e2mbito do governo federal, a cria\u00e7\u00e3o de um instrumento capaz de garantir o dinheiro necess\u00e1rio para atender aos doentes. Sem promessa de dinheiro novo, o ministro da [&hellip;]","og_url":"https:\/\/www.notibras.com\/site\/cpmf-ou-seja-que-nome-tenha-deve-voltar-para-tirar-a-saude-da-uti\/","og_site_name":"Notibras","article_publisher":"https:\/\/www.facebook.com\/notibras\/","article_published_time":"2015-01-07T14:48:05+00:00","article_modified_time":"2015-01-07T16:17:58+00:00","og_image":[{"width":620,"height":465,"url":"https:\/\/www.notibras.com\/site\/wp-content\/uploads\/2015\/01\/chioro_1.jpg","type":"image\/jpeg"}],"author":"Reda\u00e7\u00e3o","twitter_card":"summary_large_image","twitter_creator":"@Notibras","twitter_site":"@Notibras","twitter_misc":{"Escrito por":"Reda\u00e7\u00e3o","Est. tempo de leitura":"5 minutos"},"schema":{"@context":"https:\/\/schema.org","@graph":[{"@type":"Article","@id":"https:\/\/www.notibras.com\/site\/cpmf-ou-seja-que-nome-tenha-deve-voltar-para-tirar-a-saude-da-uti\/#article","isPartOf":{"@id":"https:\/\/www.notibras.com\/site\/cpmf-ou-seja-que-nome-tenha-deve-voltar-para-tirar-a-saude-da-uti\/"},"author":{"name":"Reda\u00e7\u00e3o","@id":"https:\/\/www.notibras.com\/site\/#\/schema\/person\/36ab0979449956132d3e5b517ea76ac8"},"headline":"CPMF, ou que nome tenha, volta para tirar sa\u00fade da UTI","datePublished":"2015-01-07T14:48:05+00:00","dateModified":"2015-01-07T16:17:58+00:00","mainEntityOfPage":{"@id":"https:\/\/www.notibras.com\/site\/cpmf-ou-seja-que-nome-tenha-deve-voltar-para-tirar-a-saude-da-uti\/"},"wordCount":1079,"commentCount":0,"publisher":{"@id":"https:\/\/www.notibras.com\/site\/#organization"},"image":{"@id":"https:\/\/www.notibras.com\/site\/cpmf-ou-seja-que-nome-tenha-deve-voltar-para-tirar-a-saude-da-uti\/#primaryimage"},"thumbnailUrl":"https:\/\/www.notibras.com\/site\/wp-content\/uploads\/2015\/01\/chioro_1.jpg","articleSection":["Brasil"],"inLanguage":"pt-BR","potentialAction":[{"@type":"CommentAction","name":"Comment","target":["https:\/\/www.notibras.com\/site\/cpmf-ou-seja-que-nome-tenha-deve-voltar-para-tirar-a-saude-da-uti\/#respond"]}]},{"@type":"WebPage","@id":"https:\/\/www.notibras.com\/site\/cpmf-ou-seja-que-nome-tenha-deve-voltar-para-tirar-a-saude-da-uti\/","url":"https:\/\/www.notibras.com\/site\/cpmf-ou-seja-que-nome-tenha-deve-voltar-para-tirar-a-saude-da-uti\/","name":"CPMF, ou que nome tenha, volta para tirar sa\u00fade da UTI - Notibras","isPartOf":{"@id":"https:\/\/www.notibras.com\/site\/#website"},"primaryImageOfPage":{"@id":"https:\/\/www.notibras.com\/site\/cpmf-ou-seja-que-nome-tenha-deve-voltar-para-tirar-a-saude-da-uti\/#primaryimage"},"image":{"@id":"https:\/\/www.notibras.com\/site\/cpmf-ou-seja-que-nome-tenha-deve-voltar-para-tirar-a-saude-da-uti\/#primaryimage"},"thumbnailUrl":"https:\/\/www.notibras.com\/site\/wp-content\/uploads\/2015\/01\/chioro_1.jpg","datePublished":"2015-01-07T14:48:05+00:00","dateModified":"2015-01-07T16:17:58+00:00","breadcrumb":{"@id":"https:\/\/www.notibras.com\/site\/cpmf-ou-seja-que-nome-tenha-deve-voltar-para-tirar-a-saude-da-uti\/#breadcrumb"},"inLanguage":"pt-BR","potentialAction":[{"@type":"ReadAction","target":["https:\/\/www.notibras.com\/site\/cpmf-ou-seja-que-nome-tenha-deve-voltar-para-tirar-a-saude-da-uti\/"]}]},{"@type":"ImageObject","inLanguage":"pt-BR","@id":"https:\/\/www.notibras.com\/site\/cpmf-ou-seja-que-nome-tenha-deve-voltar-para-tirar-a-saude-da-uti\/#primaryimage","url":"https:\/\/www.notibras.com\/site\/wp-content\/uploads\/2015\/01\/chioro_1.jpg","contentUrl":"https:\/\/www.notibras.com\/site\/wp-content\/uploads\/2015\/01\/chioro_1.jpg","width":620,"height":465},{"@type":"BreadcrumbList","@id":"https:\/\/www.notibras.com\/site\/cpmf-ou-seja-que-nome-tenha-deve-voltar-para-tirar-a-saude-da-uti\/#breadcrumb","itemListElement":[{"@type":"ListItem","position":1,"name":"In\u00edcio","item":"https:\/\/www.notibras.com\/site\/"},{"@type":"ListItem","position":2,"name":"CPMF, ou que nome tenha, volta para tirar sa\u00fade da UTI"}]},{"@type":"WebSite","@id":"https:\/\/www.notibras.com\/site\/#website","url":"https:\/\/www.notibras.com\/site\/","name":"Notibras","description":"Not\u00edcias de Bras\u00edlia, do Brasil e do Mundo","publisher":{"@id":"https:\/\/www.notibras.com\/site\/#organization"},"potentialAction":[{"@type":"SearchAction","target":{"@type":"EntryPoint","urlTemplate":"https:\/\/www.notibras.com\/site\/?s={search_term_string}"},"query-input":{"@type":"PropertyValueSpecification","valueRequired":true,"valueName":"search_term_string"}}],"inLanguage":"pt-BR"},{"@type":"Organization","@id":"https:\/\/www.notibras.com\/site\/#organization","name":"Grupo Notibras de Comunica\u00e7\u00e3o","url":"https:\/\/www.notibras.com\/site\/","logo":{"@type":"ImageObject","inLanguage":"pt-BR","@id":"https:\/\/www.notibras.com\/site\/#\/schema\/logo\/image\/","url":"https:\/\/www.notibras.com\/site\/wp-content\/uploads\/2023\/01\/notibras23.png","contentUrl":"https:\/\/www.notibras.com\/site\/wp-content\/uploads\/2023\/01\/notibras23.png","width":350,"height":87,"caption":"Grupo Notibras de Comunica\u00e7\u00e3o"},"image":{"@id":"https:\/\/www.notibras.com\/site\/#\/schema\/logo\/image\/"},"sameAs":["https:\/\/www.facebook.com\/notibras\/","https:\/\/x.com\/Notibras","https:\/\/www.instagram.com\/notibras\/"]},{"@type":"Person","@id":"https:\/\/www.notibras.com\/site\/#\/schema\/person\/36ab0979449956132d3e5b517ea76ac8","name":"Reda\u00e7\u00e3o","image":{"@type":"ImageObject","inLanguage":"pt-BR","@id":"https:\/\/secure.gravatar.com\/avatar\/e0a867bdedb85fd243eadf09663511f96fc81e0720a4a42581f334ad4303aa6b?s=96&d=mm&r=g","url":"https:\/\/secure.gravatar.com\/avatar\/e0a867bdedb85fd243eadf09663511f96fc81e0720a4a42581f334ad4303aa6b?s=96&d=mm&r=g","contentUrl":"https:\/\/secure.gravatar.com\/avatar\/e0a867bdedb85fd243eadf09663511f96fc81e0720a4a42581f334ad4303aa6b?s=96&d=mm&r=g","caption":"Reda\u00e7\u00e3o"}}]}},"amp_enabled":true,"_links":{"self":[{"href":"https:\/\/www.notibras.com\/site\/wp-json\/wp\/v2\/posts\/33201","targetHints":{"allow":["GET"]}}],"collection":[{"href":"https:\/\/www.notibras.com\/site\/wp-json\/wp\/v2\/posts"}],"about":[{"href":"https:\/\/www.notibras.com\/site\/wp-json\/wp\/v2\/types\/post"}],"author":[{"embeddable":true,"href":"https:\/\/www.notibras.com\/site\/wp-json\/wp\/v2\/users\/2"}],"replies":[{"embeddable":true,"href":"https:\/\/www.notibras.com\/site\/wp-json\/wp\/v2\/comments?post=33201"}],"version-history":[{"count":0,"href":"https:\/\/www.notibras.com\/site\/wp-json\/wp\/v2\/posts\/33201\/revisions"}],"wp:featuredmedia":[{"embeddable":true,"href":"https:\/\/www.notibras.com\/site\/wp-json\/wp\/v2\/media\/33212"}],"wp:attachment":[{"href":"https:\/\/www.notibras.com\/site\/wp-json\/wp\/v2\/media?parent=33201"}],"wp:term":[{"taxonomy":"category","embeddable":true,"href":"https:\/\/www.notibras.com\/site\/wp-json\/wp\/v2\/categories?post=33201"},{"taxonomy":"post_tag","embeddable":true,"href":"https:\/\/www.notibras.com\/site\/wp-json\/wp\/v2\/tags?post=33201"}],"curies":[{"name":"wp","href":"https:\/\/api.w.org\/{rel}","templated":true}]}}