{"id":332011,"date":"2024-07-04T00:00:56","date_gmt":"2024-07-04T03:00:56","guid":{"rendered":"https:\/\/www.notibras.com\/site\/?p=332011"},"modified":"2024-07-04T08:32:40","modified_gmt":"2024-07-04T11:32:40","slug":"politica-de-cuidados-vai-atuar-no-combate-a-desigualdade","status":"publish","type":"post","link":"https:\/\/www.notibras.com\/site\/politica-de-cuidados-vai-atuar-no-combate-a-desigualdade\/","title":{"rendered":"Pol\u00edtica de cuidados vai atuar no combate \u00e0 desigualdade"},"content":{"rendered":"<p>O presidente Luiz In\u00e1cio Lula da Silva assinou a proposta de projeto de lei (PL) que institui a Pol\u00edtica Nacional de Cuidados. A assinatura ocorreu no final da reuni\u00e3o do Conselho da Federa\u00e7\u00e3o, da qual participaram, al\u00e9m de Lula, ministros, governadores e prefeitos.<\/p>\n<p>Para o ministro do Desenvolvimento, Assist\u00eancia Social, Fam\u00edlia e Combate \u00e0 Fome, Wellington Dias, a aprova\u00e7\u00e3o do PL \u00e9 fundamental para que o pa\u00eds possa enfrentar \u201cdesigualdades estruturais\u201d e \u201cgarantir uma eficiente pol\u00edtica de cuidados\u201d.<\/p>\n<p>\u201cNossa preocupa\u00e7\u00e3o \u00e9 estabelecer um marco regulat\u00f3rio para um desafio que o Brasil e o mundo enfrentam\u201d, declarou Dias ao comentar o teor da proposta elaborada em conjunto com os minist\u00e9rios das Mulheres e dos Direitos Humanos e Cidadania e previamente discutida com representantes de 20 minist\u00e9rios, estados, munic\u00edpios e especialistas acad\u00eamicos.<\/p>\n<p>\u201cQuem cuida, normalmente, s\u00e3o mulheres negras, pobres, que dedicam a vida inteira a cuidar de outras pessoas e, muitas vezes, por isso mesmo, n\u00e3o estudam, n\u00e3o trabalham [formalmente], n\u00e3o tem previd\u00eancia social e, portanto, n\u00e3o tem amparo\u201d, comentou o ministro<\/p>\n<p>O texto prev\u00ea a garantia de direitos tanto para os que necessitam de cuidados quanto para as pessoas que cuidam (remuneradas ou n\u00e3o), al\u00e9m de promover as mudan\u00e7as necess\u00e1rias para uma divis\u00e3o mais igualit\u00e1ria do trabalho de cuidados dentro das fam\u00edlias e entre a comunidade, o Estado e o setor privado. O projeto de lei agora ser\u00e1 enviado para o Congresso Nacional, podendo ser modificado por deputados federais e senadores antes de ir \u00e0 vota\u00e7\u00e3o.<\/p>\n<p>\u201cContamos com o apoio e o comprometimento de todas as autoridades e t\u00e9cnicos para transformar essa vis\u00e3o de cuidados em realidade\u201d, destacou Dias, revelando contar com uma \u201ctramita\u00e7\u00e3o c\u00e9lere, priorit\u00e1ria\u201d da proposta. \u201cEm 2023, o presidente Lula criou um grupo de trabalho interministerial a partir do qual dialogamos com o Congresso Nacional [\u2026] j\u00e1 com este entendimento de ganharmos tempo\u201d, finalizou o ministro.<\/p>\n","protected":false},"excerpt":{"rendered":"<p>O presidente Luiz In\u00e1cio Lula da Silva assinou a proposta de projeto de lei (PL) que institui a Pol\u00edtica Nacional de Cuidados. A assinatura ocorreu no final da reuni\u00e3o do Conselho da Federa\u00e7\u00e3o, da qual participaram, al\u00e9m de Lula, ministros, governadores e prefeitos. Para o ministro do Desenvolvimento, Assist\u00eancia Social, Fam\u00edlia e Combate \u00e0 Fome, [&hellip;]<\/p>\n","protected":false},"author":2,"featured_media":332012,"comment_status":"closed","ping_status":"closed","sticky":false,"template":"","format":"standard","meta":{"_acf_changed":false,"footnotes":""},"categories":[161],"tags":[],"class_list":["post-332011","post","type-post","status-publish","format-standard","has-post-thumbnail","hentry","category-quadradinho-em-foco"],"acf":[],"_links":{"self":[{"href":"https:\/\/www.notibras.com\/site\/wp-json\/wp\/v2\/posts\/332011","targetHints":{"allow":["GET"]}}],"collection":[{"href":"https:\/\/www.notibras.com\/site\/wp-json\/wp\/v2\/posts"}],"about":[{"href":"https:\/\/www.notibras.com\/site\/wp-json\/wp\/v2\/types\/post"}],"author":[{"embeddable":true,"href":"https:\/\/www.notibras.com\/site\/wp-json\/wp\/v2\/users\/2"}],"replies":[{"embeddable":true,"href":"https:\/\/www.notibras.com\/site\/wp-json\/wp\/v2\/comments?post=332011"}],"version-history":[{"count":1,"href":"https:\/\/www.notibras.com\/site\/wp-json\/wp\/v2\/posts\/332011\/revisions"}],"predecessor-version":[{"id":332013,"href":"https:\/\/www.notibras.com\/site\/wp-json\/wp\/v2\/posts\/332011\/revisions\/332013"}],"wp:featuredmedia":[{"embeddable":true,"href":"https:\/\/www.notibras.com\/site\/wp-json\/wp\/v2\/media\/332012"}],"wp:attachment":[{"href":"https:\/\/www.notibras.com\/site\/wp-json\/wp\/v2\/media?parent=332011"}],"wp:term":[{"taxonomy":"category","embeddable":true,"href":"https:\/\/www.notibras.com\/site\/wp-json\/wp\/v2\/categories?post=332011"},{"taxonomy":"post_tag","embeddable":true,"href":"https:\/\/www.notibras.com\/site\/wp-json\/wp\/v2\/tags?post=332011"}],"curies":[{"name":"wp","href":"https:\/\/api.w.org\/{rel}","templated":true}]}}