{"id":332014,"date":"2024-07-04T00:00:49","date_gmt":"2024-07-04T03:00:49","guid":{"rendered":"https:\/\/www.notibras.com\/site\/?p=332014"},"modified":"2024-07-04T08:40:21","modified_gmt":"2024-07-04T11:40:21","slug":"asa-sul-recebe-acao-de-combate-a-formigas-e-cupins","status":"publish","type":"post","link":"https:\/\/www.notibras.com\/site\/asa-sul-recebe-acao-de-combate-a-formigas-e-cupins\/","title":{"rendered":"Asa Sul recebe a\u00e7\u00e3o de combate a formigas e cupins"},"content":{"rendered":"<p>Nos \u00faltimos dias, circularam nas redes sociais imagens de uma infesta\u00e7\u00e3o de formigas e cupins na Asa Sul. As cenas mostram a presen\u00e7a de terra levantada pelos insetos entre a SQS 207 e a CLS 207. O Departamento de Parques e Jardins, da Companhia Urbanizadora da Nova Capital do Brasil (Novacap), informa que a situa\u00e7\u00e3o \u00e9 comum e j\u00e1 vinha sendo monitorada. Nesta quinta-feira (4), as equipes v\u00e3o iniciar os servi\u00e7os de controle para conter a infesta\u00e7\u00e3o.<\/p>\n<p>De acordo com o departamento, os servi\u00e7os de controle de cupinzeiros e formigueiros fazem parte do escopo de manuten\u00e7\u00e3o das \u00e1reas verdes, contemplado nos contratos de ro\u00e7agem vigentes desde junho. Essas \u00e1reas s\u00e3o atendidas compulsoriamente, sem necessidade de protocolos espec\u00edficos dos cidad\u00e3os. No entanto, as demandas recebidas por meio dos canais oficiais, como a Ouvidoria, s\u00e3o acolhidas, triadas e inclu\u00eddas na programa\u00e7\u00e3o de atendimento.<\/p>\n<p>Durante o per\u00edodo seco, a frequ\u00eancia dos servi\u00e7os programados \u00e9 menor em compara\u00e7\u00e3o ao per\u00edodo de chuvas, quando a agenda de atividades atinge seu \u00e1pice devido ao cronograma f\u00edsico\/financeiro estabelecido em projeto b\u00e1sico. Ainda assim, todas as demandas da popula\u00e7\u00e3o s\u00e3o registradas e atendidas conforme a triagem realizada pela Novacap.<\/p>\n<p>O \u00f3rg\u00e3o ressalta que a colabora\u00e7\u00e3o dos moradores em relatar essas ocorr\u00eancias \u00e9 essencial para a agilidade no atendimento e a efic\u00e1cia das a\u00e7\u00f5es de controle.<\/p>\n","protected":false},"excerpt":{"rendered":"<p>Nos \u00faltimos dias, circularam nas redes sociais imagens de uma infesta\u00e7\u00e3o de formigas e cupins na Asa Sul. As cenas mostram a presen\u00e7a de terra levantada pelos insetos entre a SQS 207 e a CLS 207. O Departamento de Parques e Jardins, da Companhia Urbanizadora da Nova Capital do Brasil (Novacap), informa que a situa\u00e7\u00e3o [&hellip;]<\/p>\n","protected":false},"author":2,"featured_media":332015,"comment_status":"closed","ping_status":"closed","sticky":false,"template":"","format":"standard","meta":{"_acf_changed":false,"footnotes":""},"categories":[161],"tags":[],"class_list":["post-332014","post","type-post","status-publish","format-standard","has-post-thumbnail","hentry","category-quadradinho-em-foco"],"acf":[],"_links":{"self":[{"href":"https:\/\/www.notibras.com\/site\/wp-json\/wp\/v2\/posts\/332014","targetHints":{"allow":["GET"]}}],"collection":[{"href":"https:\/\/www.notibras.com\/site\/wp-json\/wp\/v2\/posts"}],"about":[{"href":"https:\/\/www.notibras.com\/site\/wp-json\/wp\/v2\/types\/post"}],"author":[{"embeddable":true,"href":"https:\/\/www.notibras.com\/site\/wp-json\/wp\/v2\/users\/2"}],"replies":[{"embeddable":true,"href":"https:\/\/www.notibras.com\/site\/wp-json\/wp\/v2\/comments?post=332014"}],"version-history":[{"count":1,"href":"https:\/\/www.notibras.com\/site\/wp-json\/wp\/v2\/posts\/332014\/revisions"}],"predecessor-version":[{"id":332016,"href":"https:\/\/www.notibras.com\/site\/wp-json\/wp\/v2\/posts\/332014\/revisions\/332016"}],"wp:featuredmedia":[{"embeddable":true,"href":"https:\/\/www.notibras.com\/site\/wp-json\/wp\/v2\/media\/332015"}],"wp:attachment":[{"href":"https:\/\/www.notibras.com\/site\/wp-json\/wp\/v2\/media?parent=332014"}],"wp:term":[{"taxonomy":"category","embeddable":true,"href":"https:\/\/www.notibras.com\/site\/wp-json\/wp\/v2\/categories?post=332014"},{"taxonomy":"post_tag","embeddable":true,"href":"https:\/\/www.notibras.com\/site\/wp-json\/wp\/v2\/tags?post=332014"}],"curies":[{"name":"wp","href":"https:\/\/api.w.org\/{rel}","templated":true}]}}