{"id":332017,"date":"2024-07-04T00:00:56","date_gmt":"2024-07-04T03:00:56","guid":{"rendered":"https:\/\/www.notibras.com\/site\/?p=332017"},"modified":"2024-07-04T08:47:33","modified_gmt":"2024-07-04T11:47:33","slug":"recuperacao-da-economia-aquece-os-cofres-do-buriti","status":"publish","type":"post","link":"https:\/\/www.notibras.com\/site\/recuperacao-da-economia-aquece-os-cofres-do-buriti\/","title":{"rendered":"Recupera\u00e7\u00e3o da economia aquece os cofres do Buriti"},"content":{"rendered":"<p>O Distrito Federal demonstrou um gradual aquecimento econ\u00f4mico no primeiro trimestre deste ano, marcando uma trajet\u00f3ria de recupera\u00e7\u00e3o e crescimento, conforme aponta o Boletim de Conjuntura, apresentado nesta quarta-feira (3) pelo Instituto de Pesquisa e Estat\u00edstica do DF (IPEDF).<\/p>\n<p>A combina\u00e7\u00e3o de uma infla\u00e7\u00e3o arrefecida e o aumento do rendimento m\u00e9dio em todas as posi\u00e7\u00f5es ocupacionais sugerem um fortalecimento do poder de compra da popula\u00e7\u00e3o. Essa melhoria no cen\u00e1rio econ\u00f4mico \u00e9 acompanhada por uma expans\u00e3o significativa do cr\u00e9dito, o que tem impulsionado o consumo das fam\u00edlias, refletindo no aumento das vendas tanto no com\u00e9rcio quanto nos servi\u00e7os.<\/p>\n<p>Os dados tamb\u00e9m indicam um mercado de trabalho em expans\u00e3o, com aumento na taxa de participa\u00e7\u00e3o, enquanto a taxa de desemprego se manteve est\u00e1vel em compara\u00e7\u00e3o com o mesmo per\u00edodo de 2023. Esse crescimento \u00e9 especialmente vis\u00edvel nos setores de servi\u00e7os e com\u00e9rcio, onde foi observado um aumento no n\u00famero de pessoas ocupadas. Al\u00e9m disso, registrou-se uma cria\u00e7\u00e3o l\u00edquida de postos de trabalho em um patamar superior ao resultado do trimestre anterior, sugerindo um cen\u00e1rio positivo para o emprego na regi\u00e3o.<\/p>\n<p>No contexto internacional, a economia global mostrou estabilidade no in\u00edcio de 2024. A desacelera\u00e7\u00e3o nos pre\u00e7os de commodities como gr\u00e3os e fertilizantes apresenta a possibilidade de um impacto na balan\u00e7a comercial brasileira, pois as receitas de exporta\u00e7\u00f5es de gr\u00e3os podem diminuir. No entanto, a economia brasileira como um todo apresentou sinais de crescimento, com um Produto Interno Bruto (PIB) em recupera\u00e7\u00e3o, aquecimento do mercado de trabalho e expans\u00e3o do consumo das fam\u00edlias.<\/p>\n<p>Especificamente no Distrito Federal, a atividade econ\u00f4mica deu sinais claros de recupera\u00e7\u00e3o. A expans\u00e3o do cr\u00e9dito foi um dos principais fatores que contribu\u00edram para o aumento do volume de com\u00e9rcio varejista ampliado e de servi\u00e7os. Apesar da queda nas exporta\u00e7\u00f5es, principalmente devido \u00e0 redu\u00e7\u00e3o nas exporta\u00e7\u00f5es de soja, o cen\u00e1rio interno se mostrou favor\u00e1vel.<\/p>\n<p>A an\u00e1lise de pre\u00e7os no DF revelou infla\u00e7\u00e3o desacelerada em compara\u00e7\u00e3o com o quarto trimestre de 2023. As principais press\u00f5es inflacion\u00e1rias vieram dos itens de alimenta\u00e7\u00e3o, bebidas e educa\u00e7\u00e3o, com uma maior dissemina\u00e7\u00e3o inflacion\u00e1ria na cesta de consumo. Em contrapartida, a queda nos pre\u00e7os das passagens a\u00e9reas ajudou a conter a infla\u00e7\u00e3o. No acumulado dos \u00faltimos 12 meses, os indicadores continuam a cair, embora o n\u00facleo de infla\u00e7\u00e3o permane\u00e7a est\u00e1vel.<\/p>\n","protected":false},"excerpt":{"rendered":"<p>O Distrito Federal demonstrou um gradual aquecimento econ\u00f4mico no primeiro trimestre deste ano, marcando uma trajet\u00f3ria de recupera\u00e7\u00e3o e crescimento, conforme aponta o Boletim de Conjuntura, apresentado nesta quarta-feira (3) pelo Instituto de Pesquisa e Estat\u00edstica do DF (IPEDF). A combina\u00e7\u00e3o de uma infla\u00e7\u00e3o arrefecida e o aumento do rendimento m\u00e9dio em todas as posi\u00e7\u00f5es [&hellip;]<\/p>\n","protected":false},"author":2,"featured_media":332018,"comment_status":"closed","ping_status":"closed","sticky":false,"template":"","format":"standard","meta":{"_acf_changed":false,"footnotes":""},"categories":[161],"tags":[],"class_list":["post-332017","post","type-post","status-publish","format-standard","has-post-thumbnail","hentry","category-quadradinho-em-foco"],"acf":[],"_links":{"self":[{"href":"https:\/\/www.notibras.com\/site\/wp-json\/wp\/v2\/posts\/332017","targetHints":{"allow":["GET"]}}],"collection":[{"href":"https:\/\/www.notibras.com\/site\/wp-json\/wp\/v2\/posts"}],"about":[{"href":"https:\/\/www.notibras.com\/site\/wp-json\/wp\/v2\/types\/post"}],"author":[{"embeddable":true,"href":"https:\/\/www.notibras.com\/site\/wp-json\/wp\/v2\/users\/2"}],"replies":[{"embeddable":true,"href":"https:\/\/www.notibras.com\/site\/wp-json\/wp\/v2\/comments?post=332017"}],"version-history":[{"count":1,"href":"https:\/\/www.notibras.com\/site\/wp-json\/wp\/v2\/posts\/332017\/revisions"}],"predecessor-version":[{"id":332019,"href":"https:\/\/www.notibras.com\/site\/wp-json\/wp\/v2\/posts\/332017\/revisions\/332019"}],"wp:featuredmedia":[{"embeddable":true,"href":"https:\/\/www.notibras.com\/site\/wp-json\/wp\/v2\/media\/332018"}],"wp:attachment":[{"href":"https:\/\/www.notibras.com\/site\/wp-json\/wp\/v2\/media?parent=332017"}],"wp:term":[{"taxonomy":"category","embeddable":true,"href":"https:\/\/www.notibras.com\/site\/wp-json\/wp\/v2\/categories?post=332017"},{"taxonomy":"post_tag","embeddable":true,"href":"https:\/\/www.notibras.com\/site\/wp-json\/wp\/v2\/tags?post=332017"}],"curies":[{"name":"wp","href":"https:\/\/api.w.org\/{rel}","templated":true}]}}