{"id":332070,"date":"2024-07-04T19:55:56","date_gmt":"2024-07-04T22:55:56","guid":{"rendered":"https:\/\/www.notibras.com\/site\/?p=332070"},"modified":"2024-07-04T19:57:45","modified_gmt":"2024-07-04T22:57:45","slug":"cobrador-anjo-do-passageiro-e-em-casa-onde-alimenta-bocas","status":"publish","type":"post","link":"https:\/\/www.notibras.com\/site\/cobrador-anjo-do-passageiro-e-em-casa-onde-alimenta-bocas\/","title":{"rendered":"Cobrador, anjo do passageiro e em casa, onde alimenta bocas"},"content":{"rendered":"<p>Dona Cristina \u00e9 cobradora de \u00f4nibus h\u00e1 15 anos; atualmente trabalha na Via\u00e7\u00e3o S\u00e3o Jos\u00e9. Na linha 335, faz o percurso W3 Sul &#8211; Setor P Norte &#8211; W3 Sul (via EPTG). Mas ela vai al\u00e9m das suas obriga\u00e7\u00f5es. Ajuda, por exemplo, usu\u00e1rios de transporte p\u00fablico, como o senhor Cleudo, portador de necessidades especiais, a se acomodar no seu lugar.<\/p>\n<p>Sua profiss\u00e3o &#8211; e seu emprego -, por\u00e9m, est\u00e3o em risco. Culpa do Governo do Distrito Federal, que est\u00e1 impondo uma medida extremamente prejudicial, com a elimina\u00e7\u00e3o do pagamento de passagens de \u00f4nibus em dinheiro.<\/p>\n<p>Decis\u00f5es dessa natureza s\u00f3 interessam aos gananciosos propriet\u00e1rios de empresas de \u00f4nibus. Levam \u00e0 demiss\u00e3o de centenas de trabalhadores que s\u00e3o preparados para trabalharem como cobradores. E que ter\u00e3o, portanto, grande dificuldade para se recolocarem no mercado de trabalho.<\/p>\n<p>Mas, se voc\u00ea usa \u00f4nibus, sabe que a v\u00edtima dessa desastrada decis\u00e3o pode ser voc\u00ea. O trabalho do cobrador vai al\u00e9m da cobran\u00e7a das passagens. Colocados do lado direito dos \u00f4nibus, n\u00e3o \u00e9 raro ajudarem os motoristas a terem no\u00e7\u00e3o de situa\u00e7\u00f5es do tr\u00e2nsito nem sempre ao perfeito alcance da vis\u00e3o de quem est\u00e1 ao volante.<\/p>\n<p>Al\u00e9m disso, \u00e9 muito comum ajudarem passageiros com menor mobilidade, como portadores de defici\u00eancia, idosos, m\u00e3es com beb\u00eas ou mesmo quem eventualmente tem excesso de bagagem. Para n\u00e3o falar em orienta\u00e7\u00f5es aos passageiros sobre localiza\u00e7\u00e3o no itiner\u00e1rio, onde devem descer e conex\u00f5es de linhas, entre outras. Afinal, \u00e9 proibido conversar com os motoristas, n\u00e3o \u00e9 verdade?<\/p>\n<p>Nada disso \u00e9 considerado pelas autoridades do Pal\u00e1cio do Buriti, para quem s\u00f3 importa beneficiar os j\u00e1 milion\u00e1rios empres\u00e1rios do setor. Pois os cobradores s\u00e3o, sim, indispens\u00e1veis. Fica a esperan\u00e7a de que alguma autoridade se sensibilize com a insatisfa\u00e7\u00e3o popular e consiga interferir para deter essa irrespons\u00e1vel decis\u00e3o. Mesmo porque., al\u00e9m de ajudar passageiro, cobrador ajuda em casa, levando comida para a sua prole.<\/p>\n","protected":false},"excerpt":{"rendered":"<p>Dona Cristina \u00e9 cobradora de \u00f4nibus h\u00e1 15 anos; atualmente trabalha na Via\u00e7\u00e3o S\u00e3o Jos\u00e9. Na linha 335, faz o percurso W3 Sul &#8211; Setor P Norte &#8211; W3 Sul (via EPTG). Mas ela vai al\u00e9m das suas obriga\u00e7\u00f5es. Ajuda, por exemplo, usu\u00e1rios de transporte p\u00fablico, como o senhor Cleudo, portador de necessidades especiais, a [&hellip;]<\/p>\n","protected":false},"author":2,"featured_media":332071,"comment_status":"closed","ping_status":"closed","sticky":false,"template":"","format":"standard","meta":{"_acf_changed":false,"footnotes":""},"categories":[161],"tags":[95],"class_list":["post-332070","post","type-post","status-publish","format-standard","has-post-thumbnail","hentry","category-quadradinho-em-foco","tag-capa"],"acf":[],"_links":{"self":[{"href":"https:\/\/www.notibras.com\/site\/wp-json\/wp\/v2\/posts\/332070","targetHints":{"allow":["GET"]}}],"collection":[{"href":"https:\/\/www.notibras.com\/site\/wp-json\/wp\/v2\/posts"}],"about":[{"href":"https:\/\/www.notibras.com\/site\/wp-json\/wp\/v2\/types\/post"}],"author":[{"embeddable":true,"href":"https:\/\/www.notibras.com\/site\/wp-json\/wp\/v2\/users\/2"}],"replies":[{"embeddable":true,"href":"https:\/\/www.notibras.com\/site\/wp-json\/wp\/v2\/comments?post=332070"}],"version-history":[{"count":2,"href":"https:\/\/www.notibras.com\/site\/wp-json\/wp\/v2\/posts\/332070\/revisions"}],"predecessor-version":[{"id":332073,"href":"https:\/\/www.notibras.com\/site\/wp-json\/wp\/v2\/posts\/332070\/revisions\/332073"}],"wp:featuredmedia":[{"embeddable":true,"href":"https:\/\/www.notibras.com\/site\/wp-json\/wp\/v2\/media\/332071"}],"wp:attachment":[{"href":"https:\/\/www.notibras.com\/site\/wp-json\/wp\/v2\/media?parent=332070"}],"wp:term":[{"taxonomy":"category","embeddable":true,"href":"https:\/\/www.notibras.com\/site\/wp-json\/wp\/v2\/categories?post=332070"},{"taxonomy":"post_tag","embeddable":true,"href":"https:\/\/www.notibras.com\/site\/wp-json\/wp\/v2\/tags?post=332070"}],"curies":[{"name":"wp","href":"https:\/\/api.w.org\/{rel}","templated":true}]}}