{"id":332101,"date":"2024-07-04T15:13:34","date_gmt":"2024-07-04T18:13:34","guid":{"rendered":"https:\/\/www.notibras.com\/site\/?p=332101"},"modified":"2024-07-05T01:15:47","modified_gmt":"2024-07-05T04:15:47","slug":"curso-ensina-agricultoras-a-bordar-em-fibra-de-bananeira","status":"publish","type":"post","link":"https:\/\/www.notibras.com\/site\/curso-ensina-agricultoras-a-bordar-em-fibra-de-bananeira\/","title":{"rendered":"Curso ensina agricultoras a bordar em fibra de bananeira"},"content":{"rendered":"<p>Para fomentar a criatividade e a valoriza\u00e7\u00e3o do trabalho manual de mulheres do campo, a Empresa de Assist\u00eancia T\u00e9cnica e Extens\u00e3o Rural do Distrito Federal (Emater) promoveu um curso de bordado em fibra de bananeira para produtoras que trabalham com artesanato. A capacita\u00e7\u00e3o visa fortalecer a produ\u00e7\u00e3o artesanal associada ao turismo e agregar valor ao que j\u00e1 \u00e9 produzido pelas agricultoras.<\/p>\n<p>\u201cA proposta do curso foi aliar o bordado \u00e0 m\u00e3o ao trabalho que elas j\u00e1 vinham fazendo com fibras,\u201d explicou Zaida Regina, turism\u00f3loga e extensionista rural da Emater. \u201cCome\u00e7amos no tecido, ensinando os pontos b\u00e1sicos de bordado e terminamos aplicando essas t\u00e9cnicas nas fibras de bananeira, criando novas alternativas de trabalho. Agora, elas podem treinar e aplicar o que aprenderam. No pr\u00f3ximo ano, vamos incrementar ainda mais com um novo curso\u201d.<\/p>\n<p>O curso foi ministrado nesta quarta-feira (3) Willian, o curso foi uma grande oportunidade. \u201cHoje eu vendo artesanato feito de fibra de bananeira e palha de milho. Estou achando \u00f3timo. Eu nunca tinha bordado antes e sempre quis aprender. Agora, vou aplicar o que aprendi nas minhas pe\u00e7as de artesanato. Tudo que eu aprendo aqui, fa\u00e7o em casa e trago para a professora avaliar,\u201d compartilhou.<\/p>\n<p>Sabina Jos\u00e9 da Silva, 60, moradora do Assentamento M\u00e1rcia Cordeiro Leite, tamb\u00e9m encontrou no curso uma chance de expandir suas habilidades. \u201cSempre tive vontade de bordar, mas achava que n\u00e3o conseguiria por precisar de muita delicadeza e devido \u00e0 minha vis\u00e3o. Quando a Emater trouxe essa proposta, agarrei a oportunidade. O que aprendi no bordado, j\u00e1 estou aplicando na fibra e estou gostando muito. Descobri que tenho capacidade para fazer outras coisas,\u201d relatou.<\/p>\n<p>A oficina ocorreu na Sala de Artesanato da empresa, um espa\u00e7o colaborativo localizado no edif\u00edcio-sede. O espa\u00e7o faz parte do projeto Olhares do Campo, que busca incentivar a produ\u00e7\u00e3o de artesanatos e manualidades. A proposta \u00e9 que os circuitos de turismo rural tenham produtos locais de artesanato para acrescentar \u00e0 experi\u00eancia de visita\u00e7\u00e3o do turista. O projeto busca sistematizar essa produ\u00e7\u00e3o para gerar volume e agregar valor para comercializa\u00e7\u00e3o em feiras, exposi\u00e7\u00f5es e nos circuitos tur\u00edsticos.<\/p>\n","protected":false},"excerpt":{"rendered":"<p>Para fomentar a criatividade e a valoriza\u00e7\u00e3o do trabalho manual de mulheres do campo, a Empresa de Assist\u00eancia T\u00e9cnica e Extens\u00e3o Rural do Distrito Federal (Emater) promoveu um curso de bordado em fibra de bananeira para produtoras que trabalham com artesanato. A capacita\u00e7\u00e3o visa fortalecer a produ\u00e7\u00e3o artesanal associada ao turismo e agregar valor ao [&hellip;]<\/p>\n","protected":false},"author":2,"featured_media":332102,"comment_status":"closed","ping_status":"closed","sticky":false,"template":"","format":"standard","meta":{"_acf_changed":false,"footnotes":""},"categories":[161],"tags":[],"class_list":["post-332101","post","type-post","status-publish","format-standard","has-post-thumbnail","hentry","category-quadradinho-em-foco"],"acf":[],"_links":{"self":[{"href":"https:\/\/www.notibras.com\/site\/wp-json\/wp\/v2\/posts\/332101","targetHints":{"allow":["GET"]}}],"collection":[{"href":"https:\/\/www.notibras.com\/site\/wp-json\/wp\/v2\/posts"}],"about":[{"href":"https:\/\/www.notibras.com\/site\/wp-json\/wp\/v2\/types\/post"}],"author":[{"embeddable":true,"href":"https:\/\/www.notibras.com\/site\/wp-json\/wp\/v2\/users\/2"}],"replies":[{"embeddable":true,"href":"https:\/\/www.notibras.com\/site\/wp-json\/wp\/v2\/comments?post=332101"}],"version-history":[{"count":1,"href":"https:\/\/www.notibras.com\/site\/wp-json\/wp\/v2\/posts\/332101\/revisions"}],"predecessor-version":[{"id":332103,"href":"https:\/\/www.notibras.com\/site\/wp-json\/wp\/v2\/posts\/332101\/revisions\/332103"}],"wp:featuredmedia":[{"embeddable":true,"href":"https:\/\/www.notibras.com\/site\/wp-json\/wp\/v2\/media\/332102"}],"wp:attachment":[{"href":"https:\/\/www.notibras.com\/site\/wp-json\/wp\/v2\/media?parent=332101"}],"wp:term":[{"taxonomy":"category","embeddable":true,"href":"https:\/\/www.notibras.com\/site\/wp-json\/wp\/v2\/categories?post=332101"},{"taxonomy":"post_tag","embeddable":true,"href":"https:\/\/www.notibras.com\/site\/wp-json\/wp\/v2\/tags?post=332101"}],"curies":[{"name":"wp","href":"https:\/\/api.w.org\/{rel}","templated":true}]}}