{"id":332104,"date":"2024-07-04T15:19:07","date_gmt":"2024-07-04T18:19:07","guid":{"rendered":"https:\/\/www.notibras.com\/site\/?p=332104"},"modified":"2024-07-05T01:20:50","modified_gmt":"2024-07-05T04:20:50","slug":"zoologico-recebe-segunda-turma-da-colonia-de-feras","status":"publish","type":"post","link":"https:\/\/www.notibras.com\/site\/zoologico-recebe-segunda-turma-da-colonia-de-feras\/","title":{"rendered":"Zool\u00f3gico recebe segunda turma da Col\u00f4nia de Feras"},"content":{"rendered":"<p>O Zool\u00f3gico de Bras\u00edlia abre as portas para a segunda turma da Col\u00f4nia de Feras. Voltada para crian\u00e7as entre 6 e 10 anos e com foco na educa\u00e7\u00e3o ambiental, a iniciativa diverte e educa os participantes sobre a import\u00e2ncia da conserva\u00e7\u00e3o da natureza.<\/p>\n<p>A col\u00f4nia teve in\u00edcio na ter\u00e7a-feira (2), e continuar\u00e1 at\u00e9 o dia 26 deste m\u00eas. Devido \u00e0 grande procura, o Zool\u00f3gico expandiu o n\u00famero de vagas para 480 participantes, garantindo que mais crian\u00e7as tenham a chance de aproveitar essa experi\u00eancia.<\/p>\n<p>As atividades da Col\u00f4nia de Feras unem divers\u00e3o e conscientiza\u00e7\u00e3o ecol\u00f3gica para a meninada | Foto: Divulga\u00e7\u00e3o\/ Jardim Zool\u00f3gico<\/p>\n<p>\u201cAs crian\u00e7as t\u00eam a oportunidade de aprender, de forma l\u00fadica, a import\u00e2ncia da conserva\u00e7\u00e3o das esp\u00e9cies amea\u00e7adas de extin\u00e7\u00e3o. A gente integra isso com v\u00e1rias brincadeiras, como ca\u00e7a ao tesouro, apresenta\u00e7\u00f5es teatrais, jogos de perguntas e muitas outras atividades\u201d, explica Wallison Couto, diretor-presidente do Zool\u00f3gico de Bras\u00edlia.<\/p>\n<p>Al\u00e9m disso, os participantes t\u00eam a chance de interagir diretamente com os animais residentes do Zool\u00f3gico, explorar os bastidores da institui\u00e7\u00e3o e compreender a import\u00e2ncia do Zoo na conserva\u00e7\u00e3o da fauna.<\/p>\n<p>A programa\u00e7\u00e3o \u00e9 toda conduzida por educadores especializados, com o objetivo de promover entendimento sobre a vida selvagem e incentivar atitudes respons\u00e1veis em rela\u00e7\u00e3o ao meio ambiente.<\/p>\n<p>Cada turma, de 60 crian\u00e7as, visita o Zool\u00f3gico dois dias. No fim das atividades, os pequenos levam para casa cadernos de colorir sobre os biomas e a fauna brasileira e um certificado de defensor do meio ambiente.<\/p>\n","protected":false},"excerpt":{"rendered":"<p>O Zool\u00f3gico de Bras\u00edlia abre as portas para a segunda turma da Col\u00f4nia de Feras. Voltada para crian\u00e7as entre 6 e 10 anos e com foco na educa\u00e7\u00e3o ambiental, a iniciativa diverte e educa os participantes sobre a import\u00e2ncia da conserva\u00e7\u00e3o da natureza. A col\u00f4nia teve in\u00edcio na ter\u00e7a-feira (2), e continuar\u00e1 at\u00e9 o dia [&hellip;]<\/p>\n","protected":false},"author":2,"featured_media":332105,"comment_status":"closed","ping_status":"closed","sticky":false,"template":"","format":"standard","meta":{"_acf_changed":false,"footnotes":""},"categories":[161],"tags":[],"class_list":["post-332104","post","type-post","status-publish","format-standard","has-post-thumbnail","hentry","category-quadradinho-em-foco"],"acf":[],"_links":{"self":[{"href":"https:\/\/www.notibras.com\/site\/wp-json\/wp\/v2\/posts\/332104","targetHints":{"allow":["GET"]}}],"collection":[{"href":"https:\/\/www.notibras.com\/site\/wp-json\/wp\/v2\/posts"}],"about":[{"href":"https:\/\/www.notibras.com\/site\/wp-json\/wp\/v2\/types\/post"}],"author":[{"embeddable":true,"href":"https:\/\/www.notibras.com\/site\/wp-json\/wp\/v2\/users\/2"}],"replies":[{"embeddable":true,"href":"https:\/\/www.notibras.com\/site\/wp-json\/wp\/v2\/comments?post=332104"}],"version-history":[{"count":1,"href":"https:\/\/www.notibras.com\/site\/wp-json\/wp\/v2\/posts\/332104\/revisions"}],"predecessor-version":[{"id":332106,"href":"https:\/\/www.notibras.com\/site\/wp-json\/wp\/v2\/posts\/332104\/revisions\/332106"}],"wp:featuredmedia":[{"embeddable":true,"href":"https:\/\/www.notibras.com\/site\/wp-json\/wp\/v2\/media\/332105"}],"wp:attachment":[{"href":"https:\/\/www.notibras.com\/site\/wp-json\/wp\/v2\/media?parent=332104"}],"wp:term":[{"taxonomy":"category","embeddable":true,"href":"https:\/\/www.notibras.com\/site\/wp-json\/wp\/v2\/categories?post=332104"},{"taxonomy":"post_tag","embeddable":true,"href":"https:\/\/www.notibras.com\/site\/wp-json\/wp\/v2\/tags?post=332104"}],"curies":[{"name":"wp","href":"https:\/\/api.w.org\/{rel}","templated":true}]}}