{"id":332172,"date":"2024-07-06T13:33:05","date_gmt":"2024-07-06T16:33:05","guid":{"rendered":"https:\/\/www.notibras.com\/site\/?p=332172"},"modified":"2024-07-06T13:33:05","modified_gmt":"2024-07-06T16:33:05","slug":"sucessao-na-oab-pega-fogo-e-provoca-disparo-de-textos-apocrifos","status":"publish","type":"post","link":"https:\/\/www.notibras.com\/site\/sucessao-na-oab-pega-fogo-e-provoca-disparo-de-textos-apocrifos\/","title":{"rendered":"Sucess\u00e3o na OAB pega fogo e provoca disparo de textos ap\u00f3crifos"},"content":{"rendered":"<p>L\u00e1 vem a Sucursal Nordeste pautar de novo a sede de <strong>Notibras<\/strong> em Bras\u00edlia. Trata-se de um novo inc\u00eandio, embora desta vez n\u00e3o seja em apartamento. Na realidade \u00e9 um fogar\u00e9u que est\u00e3o criando no momento em que os advogados est\u00e3o se preparando para eleger o sucessor de D\u00e9lio Lins e Silva Jr no comando da OAB na capital da Rep\u00fablica.<\/p>\n<p>Aqui de plant\u00e3o, neste s\u00e1bado friorento da cidade, li um texto sobre prerrogativas e ouvi algumas fontes do meio jur\u00eddico sobre o suposto autor. Ningu\u00e9m assume a responsabilidade. S\u00e3o linhas ap\u00f3crifas. Tudo leva a crer que venha a ser a locomotiva que vai puxar os vag\u00f5es carregados de fake news at\u00e9 que candidaturas sejam oficializadas e as urnas abertas.<\/p>\n<p>O assunto diz mais respeito a advogados. N\u00e3o h\u00e1 no meio jur\u00eddico nenhum profissional incauto. Mas vale, mesmo assim, reproduzi-lo na forma original que chegou ao nosso conhecimento. Reitero, por\u00e9m, com \u00eanfase: como ningu\u00e9m assume a responsabilidade, trata-se, at\u00e9 prova em contr\u00e1rio, de uma mentira deslavada.<\/p>\n<p>Leia a vers\u00e3o que est\u00e1 circulando &#x1f447;&#x1f3ff;:<\/p>\n<p>(&#8230;) o presidente da OAB Nacional subiu ao p\u00falpito da OAB DF para discursar sobre as prerrogativas da advocacia, em um momento que deveria ser de reafirma\u00e7\u00e3o e fortalecimento dos direitos dos advogados. Contudo, a presen\u00e7a de uma advogada na plateia, carregando uma tornozeleira eletr\u00f4nica em raz\u00e3o de uma decis\u00e3o claramente absurda e inconstitucional de um ministro da Suprema Corte, trouxe \u00e0 tona um cen\u00e1rio de profundo desrespeito e viola\u00e7\u00e3o dos direitos da classe.<\/p>\n<p>A decis\u00e3o judicial que imp\u00f4s tal restri\u00e7\u00e3o \u00e0 advogada n\u00e3o apenas afronta os direitos individuais de uma profissional do Direito, mas tamb\u00e9m representa um ataque direto \u00e0s prerrogativas da advocacia, que deveriam ser salvaguardadas com veem\u00eancia pela OAB. Esta situa\u00e7\u00e3o lament\u00e1vel exp\u00f5e a in\u00e9rcia da atual gest\u00e3o da Ordem, que tem se mostrado complacente diante dos abusos e desmandos do Judici\u00e1rio.<\/p>\n<p>\u00c9 evidente que a advocacia brasileira se sente abandonada e sem representa\u00e7\u00e3o efetiva. A cada dia, novos absurdos v\u00eam ocorrendo, enquanto a OAB permanece inerte, sem mover uma palha para defender os advogados que, muitas vezes, encontram-se em situa\u00e7\u00e3o de vulnerabilidade perante o sistema judicial.<\/p>\n<p>A Ordem dos Advogados do Brasil, cuja miss\u00e3o \u00e9 ser a primeira linha de defesa dos direitos dos advogados, precisa adotar uma postura firme e intransigente na prote\u00e7\u00e3o das prerrogativas da advocacia. N\u00e3o se pode mais tolerar a passividade e as vistas grossas da atual gest\u00e3o frente \u00e0s constantes viola\u00e7\u00f5es cometidas pelo Judici\u00e1rio.<\/p>\n<p>Os advogados de todo o pa\u00eds clamam por uma OAB atuante, que n\u00e3o se limite a discursos vazios, mas que efetivamente lute pelos direitos de seus membros. A atual omiss\u00e3o da Ordem \u00e9 inadmiss\u00edvel e coloca em xeque a sua relev\u00e2ncia como entidade representativa.<\/p>\n<p>Em nome da justi\u00e7a e da dignidade da profiss\u00e3o, \u00e9 imperativo que a OAB reassuma seu papel constitucional de guardi\u00e3 das prerrogativas da advocacia. A defesa dos advogados deve ser prioridade absoluta, e a Ordem deve agir com pulso firme contra qualquer forma de arbitrariedade.<\/p>\n<p>A advocacia brasileira exige respostas e a\u00e7\u00f5es concretas. N\u00e3o podemos aceitar a normaliza\u00e7\u00e3o do absurdo. A OAB precisa ser a voz ativa e potente que a nossa classe tanto necessita, garantindo que nenhum advogado seja submetido a humilha\u00e7\u00f5es e desrespeitos sem a devida resposta da entidade que os representa.<\/p>\n<p>\u00c9 hora de a OAB deixar de lado a complac\u00eancia e agir com a firmeza que a situa\u00e7\u00e3o demanda. A advocacia n\u00e3o se calar\u00e1, e exige que a sua Ordem tamb\u00e9m n\u00e3o se cale. Por uma advocacia forte, respeitada e livre de arbitrariedades, erguemos nossa voz e cobramos a postura que nos \u00e9 devida.<\/p>\n","protected":false},"excerpt":{"rendered":"<p>L\u00e1 vem a Sucursal Nordeste pautar de novo a sede de Notibras em Bras\u00edlia. Trata-se de um novo inc\u00eandio, embora desta vez n\u00e3o seja em apartamento. Na realidade \u00e9 um fogar\u00e9u que est\u00e3o criando no momento em que os advogados est\u00e3o se preparando para eleger o sucessor de D\u00e9lio Lins e Silva Jr no comando [&hellip;]<\/p>\n","protected":false},"author":2,"featured_media":255334,"comment_status":"closed","ping_status":"closed","sticky":false,"template":"","format":"standard","meta":{"_acf_changed":false,"footnotes":""},"categories":[161],"tags":[95],"class_list":["post-332172","post","type-post","status-publish","format-standard","has-post-thumbnail","hentry","category-quadradinho-em-foco","tag-capa"],"acf":[],"_links":{"self":[{"href":"https:\/\/www.notibras.com\/site\/wp-json\/wp\/v2\/posts\/332172","targetHints":{"allow":["GET"]}}],"collection":[{"href":"https:\/\/www.notibras.com\/site\/wp-json\/wp\/v2\/posts"}],"about":[{"href":"https:\/\/www.notibras.com\/site\/wp-json\/wp\/v2\/types\/post"}],"author":[{"embeddable":true,"href":"https:\/\/www.notibras.com\/site\/wp-json\/wp\/v2\/users\/2"}],"replies":[{"embeddable":true,"href":"https:\/\/www.notibras.com\/site\/wp-json\/wp\/v2\/comments?post=332172"}],"version-history":[{"count":1,"href":"https:\/\/www.notibras.com\/site\/wp-json\/wp\/v2\/posts\/332172\/revisions"}],"predecessor-version":[{"id":332173,"href":"https:\/\/www.notibras.com\/site\/wp-json\/wp\/v2\/posts\/332172\/revisions\/332173"}],"wp:featuredmedia":[{"embeddable":true,"href":"https:\/\/www.notibras.com\/site\/wp-json\/wp\/v2\/media\/255334"}],"wp:attachment":[{"href":"https:\/\/www.notibras.com\/site\/wp-json\/wp\/v2\/media?parent=332172"}],"wp:term":[{"taxonomy":"category","embeddable":true,"href":"https:\/\/www.notibras.com\/site\/wp-json\/wp\/v2\/categories?post=332172"},{"taxonomy":"post_tag","embeddable":true,"href":"https:\/\/www.notibras.com\/site\/wp-json\/wp\/v2\/tags?post=332172"}],"curies":[{"name":"wp","href":"https:\/\/api.w.org\/{rel}","templated":true}]}}