{"id":33219,"date":"2015-01-07T12:04:45","date_gmt":"2015-01-07T15:04:45","guid":{"rendered":"http:\/\/www.notibras.com\/site\/?p=33219"},"modified":"2015-01-07T13:16:07","modified_gmt":"2015-01-07T16:16:07","slug":"dilma-condena-ataque-a-revista-francesa-atingiram-a-liberdade-de-imprensa","status":"publish","type":"post","link":"https:\/\/www.notibras.com\/site\/dilma-condena-ataque-a-revista-francesa-atingiram-a-liberdade-de-imprensa\/","title":{"rendered":"Dilma condena ataque em Paris. &#8216;Atingiram liberdade de imprensa&#8217;"},"content":{"rendered":"<p class=\"text\">O Pal\u00e1cio do Planalto repudiou nesta quarta-feira 7 o ataque a uma revista francesa que deixou o saldo de 12 mortos. Em nota, a presidente Dilma Rousseff disse que recebeu com indigna\u00e7\u00e3o a not\u00edcia do atentado na reda\u00e7\u00e3o da revista sat\u00edrica que estampou charges do profeta Maom\u00e9 h\u00e1 dois anos. Para a presidente, o ataque \u201csangrento e intoler\u00e1vel\u201d fere a liberdade de imprensa.<\/p>\n<p class=\"p1\">\u201cFoi com profundo pesar e indigna\u00e7\u00e3o que tomei conhecimento do sangrento e intoler\u00e1vel atentado terrorista ocorrido nesta quarta-feira, 7 de janeiro, contra a sede da revista &#8216;Charlie Hebdo&#8217;, em Paris. Esse ato de barb\u00e1rie, al\u00e9m das lastim\u00e1veis perdas humanas, \u00e9 um inaceit\u00e1vel ataque a um valor fundamental das sociedades democr\u00e1ticas \u2013 a liberdade de imprensa\u201d, diz a nota.<\/p>\n<blockquote>\n<p class=\"p1\">\u201cNesse momento de dor e sofrimento, desejo estender aos familiares das v\u00edtimas minhas condol\u00eancias. Quero expressar, igualmente ao Presidente (Fran\u00e7ois) Hollande e ao povo franc\u00eas a solidariedade de meu governo e da na\u00e7\u00e3o brasileira\u201d, conclui a presidente, no comunicado divulgado no in\u00edcio da tarde.<\/p>\n<\/blockquote>\n<p class=\"p1\">O Charlie Hebdo \u00e9 conhecido por publicar charges do profeta Maom\u00e9 e j\u00e1 havia sido alvo de um inc\u00eandio criminoso em 2011, depois de publicar um n\u00famero especial sobre a vit\u00f3ria do partido isl\u00e2mico Ennahda na Tun\u00edsia.<\/p>\n<p class=\"p1\">O ataque deixou entre os mortos os chargistas Charb, 47 anos, Cabu, 47 anos, Wolinski, 80 anos, e Tignous, 58 anos. Os cartunistas franceses participavam de uma reuni\u00e3o editorial para escolher a capa do seman\u00e1rio pol\u00edtico.<\/p>\n","protected":false},"excerpt":{"rendered":"<p>O Pal\u00e1cio do Planalto repudiou nesta quarta-feira 7 o ataque a uma revista francesa que deixou o saldo de 12 mortos. Em nota, a presidente Dilma Rousseff disse que recebeu com indigna\u00e7\u00e3o a not\u00edcia do atentado na reda\u00e7\u00e3o da revista sat\u00edrica que estampou charges do profeta Maom\u00e9 h\u00e1 dois anos. Para a presidente, o ataque [&hellip;]<\/p>\n","protected":false},"author":2,"featured_media":33220,"comment_status":"open","ping_status":"closed","sticky":false,"template":"","format":"standard","meta":{"_acf_changed":false,"footnotes":""},"categories":[16],"tags":[],"class_list":["post-33219","post","type-post","status-publish","format-standard","has-post-thumbnail","hentry","category-brasil"],"acf":[],"yoast_head":"<!-- This site is optimized with the Yoast SEO plugin v27.2 - https:\/\/yoast.com\/product\/yoast-seo-wordpress\/ -->\n<title>Dilma condena ataque em Paris. &#039;Atingiram liberdade de imprensa&#039; - Notibras<\/title>\n<meta name=\"robots\" content=\"index, follow, max-snippet:-1, max-image-preview:large, max-video-preview:-1\" \/>\n<link rel=\"canonical\" href=\"https:\/\/www.notibras.com\/site\/dilma-condena-ataque-a-revista-francesa-atingiram-a-liberdade-de-imprensa\/\" \/>\n<meta property=\"og:locale\" content=\"pt_BR\" \/>\n<meta property=\"og:type\" content=\"article\" \/>\n<meta property=\"og:title\" content=\"Dilma condena ataque em Paris. &#039;Atingiram liberdade de imprensa&#039; - Notibras\" \/>\n<meta property=\"og:description\" content=\"O Pal\u00e1cio do Planalto repudiou nesta quarta-feira 7 o ataque a uma revista francesa que deixou o saldo de 12 mortos. Em nota, a presidente Dilma Rousseff disse que recebeu com indigna\u00e7\u00e3o a not\u00edcia do atentado na reda\u00e7\u00e3o da revista sat\u00edrica que estampou charges do profeta Maom\u00e9 h\u00e1 dois anos. Para a presidente, o ataque [&hellip;]\" \/>\n<meta property=\"og:url\" content=\"https:\/\/www.notibras.com\/site\/dilma-condena-ataque-a-revista-francesa-atingiram-a-liberdade-de-imprensa\/\" \/>\n<meta property=\"og:site_name\" content=\"Notibras\" \/>\n<meta property=\"article:publisher\" content=\"https:\/\/www.facebook.com\/notibras\/\" \/>\n<meta property=\"article:published_time\" content=\"2015-01-07T15:04:45+00:00\" \/>\n<meta property=\"article:modified_time\" content=\"2015-01-07T16:16:07+00:00\" \/>\n<meta property=\"og:image\" content=\"https:\/\/www.notibras.com\/site\/wp-content\/uploads\/2015\/01\/fr.jpg\" \/>\n\t<meta property=\"og:image:width\" content=\"460\" \/>\n\t<meta property=\"og:image:height\" content=\"340\" \/>\n\t<meta property=\"og:image:type\" content=\"image\/jpeg\" \/>\n<meta name=\"author\" content=\"Reda\u00e7\u00e3o\" \/>\n<meta name=\"twitter:card\" content=\"summary_large_image\" \/>\n<meta name=\"twitter:creator\" content=\"@Notibras\" \/>\n<meta name=\"twitter:site\" content=\"@Notibras\" \/>\n<meta name=\"twitter:label1\" content=\"Escrito por\" \/>\n\t<meta name=\"twitter:data1\" content=\"Reda\u00e7\u00e3o\" \/>\n\t<meta name=\"twitter:label2\" content=\"Est. tempo de leitura\" \/>\n\t<meta name=\"twitter:data2\" content=\"1 minuto\" \/>\n<script type=\"application\/ld+json\" class=\"yoast-schema-graph\">{\"@context\":\"https:\/\/schema.org\",\"@graph\":[{\"@type\":\"Article\",\"@id\":\"https:\/\/www.notibras.com\/site\/dilma-condena-ataque-a-revista-francesa-atingiram-a-liberdade-de-imprensa\/#article\",\"isPartOf\":{\"@id\":\"https:\/\/www.notibras.com\/site\/dilma-condena-ataque-a-revista-francesa-atingiram-a-liberdade-de-imprensa\/\"},\"author\":{\"name\":\"Reda\u00e7\u00e3o\",\"@id\":\"https:\/\/www.notibras.com\/site\/#\/schema\/person\/36ab0979449956132d3e5b517ea76ac8\"},\"headline\":\"Dilma condena ataque em Paris. &#8216;Atingiram liberdade de imprensa&#8217;\",\"datePublished\":\"2015-01-07T15:04:45+00:00\",\"dateModified\":\"2015-01-07T16:16:07+00:00\",\"mainEntityOfPage\":{\"@id\":\"https:\/\/www.notibras.com\/site\/dilma-condena-ataque-a-revista-francesa-atingiram-a-liberdade-de-imprensa\/\"},\"wordCount\":263,\"commentCount\":0,\"publisher\":{\"@id\":\"https:\/\/www.notibras.com\/site\/#organization\"},\"image\":{\"@id\":\"https:\/\/www.notibras.com\/site\/dilma-condena-ataque-a-revista-francesa-atingiram-a-liberdade-de-imprensa\/#primaryimage\"},\"thumbnailUrl\":\"https:\/\/www.notibras.com\/site\/wp-content\/uploads\/2015\/01\/fr.jpg\",\"articleSection\":[\"Brasil\"],\"inLanguage\":\"pt-BR\",\"potentialAction\":[{\"@type\":\"CommentAction\",\"name\":\"Comment\",\"target\":[\"https:\/\/www.notibras.com\/site\/dilma-condena-ataque-a-revista-francesa-atingiram-a-liberdade-de-imprensa\/#respond\"]}]},{\"@type\":\"WebPage\",\"@id\":\"https:\/\/www.notibras.com\/site\/dilma-condena-ataque-a-revista-francesa-atingiram-a-liberdade-de-imprensa\/\",\"url\":\"https:\/\/www.notibras.com\/site\/dilma-condena-ataque-a-revista-francesa-atingiram-a-liberdade-de-imprensa\/\",\"name\":\"Dilma condena ataque em Paris. 'Atingiram liberdade de imprensa' - Notibras\",\"isPartOf\":{\"@id\":\"https:\/\/www.notibras.com\/site\/#website\"},\"primaryImageOfPage\":{\"@id\":\"https:\/\/www.notibras.com\/site\/dilma-condena-ataque-a-revista-francesa-atingiram-a-liberdade-de-imprensa\/#primaryimage\"},\"image\":{\"@id\":\"https:\/\/www.notibras.com\/site\/dilma-condena-ataque-a-revista-francesa-atingiram-a-liberdade-de-imprensa\/#primaryimage\"},\"thumbnailUrl\":\"https:\/\/www.notibras.com\/site\/wp-content\/uploads\/2015\/01\/fr.jpg\",\"datePublished\":\"2015-01-07T15:04:45+00:00\",\"dateModified\":\"2015-01-07T16:16:07+00:00\",\"breadcrumb\":{\"@id\":\"https:\/\/www.notibras.com\/site\/dilma-condena-ataque-a-revista-francesa-atingiram-a-liberdade-de-imprensa\/#breadcrumb\"},\"inLanguage\":\"pt-BR\",\"potentialAction\":[{\"@type\":\"ReadAction\",\"target\":[\"https:\/\/www.notibras.com\/site\/dilma-condena-ataque-a-revista-francesa-atingiram-a-liberdade-de-imprensa\/\"]}]},{\"@type\":\"ImageObject\",\"inLanguage\":\"pt-BR\",\"@id\":\"https:\/\/www.notibras.com\/site\/dilma-condena-ataque-a-revista-francesa-atingiram-a-liberdade-de-imprensa\/#primaryimage\",\"url\":\"https:\/\/www.notibras.com\/site\/wp-content\/uploads\/2015\/01\/fr.jpg\",\"contentUrl\":\"https:\/\/www.notibras.com\/site\/wp-content\/uploads\/2015\/01\/fr.jpg\",\"width\":460,\"height\":340},{\"@type\":\"BreadcrumbList\",\"@id\":\"https:\/\/www.notibras.com\/site\/dilma-condena-ataque-a-revista-francesa-atingiram-a-liberdade-de-imprensa\/#breadcrumb\",\"itemListElement\":[{\"@type\":\"ListItem\",\"position\":1,\"name\":\"In\u00edcio\",\"item\":\"https:\/\/www.notibras.com\/site\/\"},{\"@type\":\"ListItem\",\"position\":2,\"name\":\"Dilma condena ataque em Paris. &#8216;Atingiram liberdade de imprensa&#8217;\"}]},{\"@type\":\"WebSite\",\"@id\":\"https:\/\/www.notibras.com\/site\/#website\",\"url\":\"https:\/\/www.notibras.com\/site\/\",\"name\":\"Notibras\",\"description\":\"Not\u00edcias de Bras\u00edlia, do Brasil e do Mundo\",\"publisher\":{\"@id\":\"https:\/\/www.notibras.com\/site\/#organization\"},\"potentialAction\":[{\"@type\":\"SearchAction\",\"target\":{\"@type\":\"EntryPoint\",\"urlTemplate\":\"https:\/\/www.notibras.com\/site\/?s={search_term_string}\"},\"query-input\":{\"@type\":\"PropertyValueSpecification\",\"valueRequired\":true,\"valueName\":\"search_term_string\"}}],\"inLanguage\":\"pt-BR\"},{\"@type\":\"Organization\",\"@id\":\"https:\/\/www.notibras.com\/site\/#organization\",\"name\":\"Grupo Notibras de Comunica\u00e7\u00e3o\",\"url\":\"https:\/\/www.notibras.com\/site\/\",\"logo\":{\"@type\":\"ImageObject\",\"inLanguage\":\"pt-BR\",\"@id\":\"https:\/\/www.notibras.com\/site\/#\/schema\/logo\/image\/\",\"url\":\"https:\/\/www.notibras.com\/site\/wp-content\/uploads\/2023\/01\/notibras23.png\",\"contentUrl\":\"https:\/\/www.notibras.com\/site\/wp-content\/uploads\/2023\/01\/notibras23.png\",\"width\":350,\"height\":87,\"caption\":\"Grupo Notibras de Comunica\u00e7\u00e3o\"},\"image\":{\"@id\":\"https:\/\/www.notibras.com\/site\/#\/schema\/logo\/image\/\"},\"sameAs\":[\"https:\/\/www.facebook.com\/notibras\/\",\"https:\/\/x.com\/Notibras\",\"https:\/\/www.instagram.com\/notibras\/\"]},{\"@type\":\"Person\",\"@id\":\"https:\/\/www.notibras.com\/site\/#\/schema\/person\/36ab0979449956132d3e5b517ea76ac8\",\"name\":\"Reda\u00e7\u00e3o\",\"image\":{\"@type\":\"ImageObject\",\"inLanguage\":\"pt-BR\",\"@id\":\"https:\/\/secure.gravatar.com\/avatar\/e0a867bdedb85fd243eadf09663511f96fc81e0720a4a42581f334ad4303aa6b?s=96&d=mm&r=g\",\"url\":\"https:\/\/secure.gravatar.com\/avatar\/e0a867bdedb85fd243eadf09663511f96fc81e0720a4a42581f334ad4303aa6b?s=96&d=mm&r=g\",\"contentUrl\":\"https:\/\/secure.gravatar.com\/avatar\/e0a867bdedb85fd243eadf09663511f96fc81e0720a4a42581f334ad4303aa6b?s=96&d=mm&r=g\",\"caption\":\"Reda\u00e7\u00e3o\"}}]}<\/script>\n<!-- \/ Yoast SEO plugin. -->","yoast_head_json":{"title":"Dilma condena ataque em Paris. 'Atingiram liberdade de imprensa' - Notibras","robots":{"index":"index","follow":"follow","max-snippet":"max-snippet:-1","max-image-preview":"max-image-preview:large","max-video-preview":"max-video-preview:-1"},"canonical":"https:\/\/www.notibras.com\/site\/dilma-condena-ataque-a-revista-francesa-atingiram-a-liberdade-de-imprensa\/","og_locale":"pt_BR","og_type":"article","og_title":"Dilma condena ataque em Paris. 'Atingiram liberdade de imprensa' - Notibras","og_description":"O Pal\u00e1cio do Planalto repudiou nesta quarta-feira 7 o ataque a uma revista francesa que deixou o saldo de 12 mortos. Em nota, a presidente Dilma Rousseff disse que recebeu com indigna\u00e7\u00e3o a not\u00edcia do atentado na reda\u00e7\u00e3o da revista sat\u00edrica que estampou charges do profeta Maom\u00e9 h\u00e1 dois anos. Para a presidente, o ataque [&hellip;]","og_url":"https:\/\/www.notibras.com\/site\/dilma-condena-ataque-a-revista-francesa-atingiram-a-liberdade-de-imprensa\/","og_site_name":"Notibras","article_publisher":"https:\/\/www.facebook.com\/notibras\/","article_published_time":"2015-01-07T15:04:45+00:00","article_modified_time":"2015-01-07T16:16:07+00:00","og_image":[{"width":460,"height":340,"url":"https:\/\/www.notibras.com\/site\/wp-content\/uploads\/2015\/01\/fr.jpg","type":"image\/jpeg"}],"author":"Reda\u00e7\u00e3o","twitter_card":"summary_large_image","twitter_creator":"@Notibras","twitter_site":"@Notibras","twitter_misc":{"Escrito por":"Reda\u00e7\u00e3o","Est. tempo de leitura":"1 minuto"},"schema":{"@context":"https:\/\/schema.org","@graph":[{"@type":"Article","@id":"https:\/\/www.notibras.com\/site\/dilma-condena-ataque-a-revista-francesa-atingiram-a-liberdade-de-imprensa\/#article","isPartOf":{"@id":"https:\/\/www.notibras.com\/site\/dilma-condena-ataque-a-revista-francesa-atingiram-a-liberdade-de-imprensa\/"},"author":{"name":"Reda\u00e7\u00e3o","@id":"https:\/\/www.notibras.com\/site\/#\/schema\/person\/36ab0979449956132d3e5b517ea76ac8"},"headline":"Dilma condena ataque em Paris. &#8216;Atingiram liberdade de imprensa&#8217;","datePublished":"2015-01-07T15:04:45+00:00","dateModified":"2015-01-07T16:16:07+00:00","mainEntityOfPage":{"@id":"https:\/\/www.notibras.com\/site\/dilma-condena-ataque-a-revista-francesa-atingiram-a-liberdade-de-imprensa\/"},"wordCount":263,"commentCount":0,"publisher":{"@id":"https:\/\/www.notibras.com\/site\/#organization"},"image":{"@id":"https:\/\/www.notibras.com\/site\/dilma-condena-ataque-a-revista-francesa-atingiram-a-liberdade-de-imprensa\/#primaryimage"},"thumbnailUrl":"https:\/\/www.notibras.com\/site\/wp-content\/uploads\/2015\/01\/fr.jpg","articleSection":["Brasil"],"inLanguage":"pt-BR","potentialAction":[{"@type":"CommentAction","name":"Comment","target":["https:\/\/www.notibras.com\/site\/dilma-condena-ataque-a-revista-francesa-atingiram-a-liberdade-de-imprensa\/#respond"]}]},{"@type":"WebPage","@id":"https:\/\/www.notibras.com\/site\/dilma-condena-ataque-a-revista-francesa-atingiram-a-liberdade-de-imprensa\/","url":"https:\/\/www.notibras.com\/site\/dilma-condena-ataque-a-revista-francesa-atingiram-a-liberdade-de-imprensa\/","name":"Dilma condena ataque em Paris. 'Atingiram liberdade de imprensa' - Notibras","isPartOf":{"@id":"https:\/\/www.notibras.com\/site\/#website"},"primaryImageOfPage":{"@id":"https:\/\/www.notibras.com\/site\/dilma-condena-ataque-a-revista-francesa-atingiram-a-liberdade-de-imprensa\/#primaryimage"},"image":{"@id":"https:\/\/www.notibras.com\/site\/dilma-condena-ataque-a-revista-francesa-atingiram-a-liberdade-de-imprensa\/#primaryimage"},"thumbnailUrl":"https:\/\/www.notibras.com\/site\/wp-content\/uploads\/2015\/01\/fr.jpg","datePublished":"2015-01-07T15:04:45+00:00","dateModified":"2015-01-07T16:16:07+00:00","breadcrumb":{"@id":"https:\/\/www.notibras.com\/site\/dilma-condena-ataque-a-revista-francesa-atingiram-a-liberdade-de-imprensa\/#breadcrumb"},"inLanguage":"pt-BR","potentialAction":[{"@type":"ReadAction","target":["https:\/\/www.notibras.com\/site\/dilma-condena-ataque-a-revista-francesa-atingiram-a-liberdade-de-imprensa\/"]}]},{"@type":"ImageObject","inLanguage":"pt-BR","@id":"https:\/\/www.notibras.com\/site\/dilma-condena-ataque-a-revista-francesa-atingiram-a-liberdade-de-imprensa\/#primaryimage","url":"https:\/\/www.notibras.com\/site\/wp-content\/uploads\/2015\/01\/fr.jpg","contentUrl":"https:\/\/www.notibras.com\/site\/wp-content\/uploads\/2015\/01\/fr.jpg","width":460,"height":340},{"@type":"BreadcrumbList","@id":"https:\/\/www.notibras.com\/site\/dilma-condena-ataque-a-revista-francesa-atingiram-a-liberdade-de-imprensa\/#breadcrumb","itemListElement":[{"@type":"ListItem","position":1,"name":"In\u00edcio","item":"https:\/\/www.notibras.com\/site\/"},{"@type":"ListItem","position":2,"name":"Dilma condena ataque em Paris. &#8216;Atingiram liberdade de imprensa&#8217;"}]},{"@type":"WebSite","@id":"https:\/\/www.notibras.com\/site\/#website","url":"https:\/\/www.notibras.com\/site\/","name":"Notibras","description":"Not\u00edcias de Bras\u00edlia, do Brasil e do Mundo","publisher":{"@id":"https:\/\/www.notibras.com\/site\/#organization"},"potentialAction":[{"@type":"SearchAction","target":{"@type":"EntryPoint","urlTemplate":"https:\/\/www.notibras.com\/site\/?s={search_term_string}"},"query-input":{"@type":"PropertyValueSpecification","valueRequired":true,"valueName":"search_term_string"}}],"inLanguage":"pt-BR"},{"@type":"Organization","@id":"https:\/\/www.notibras.com\/site\/#organization","name":"Grupo Notibras de Comunica\u00e7\u00e3o","url":"https:\/\/www.notibras.com\/site\/","logo":{"@type":"ImageObject","inLanguage":"pt-BR","@id":"https:\/\/www.notibras.com\/site\/#\/schema\/logo\/image\/","url":"https:\/\/www.notibras.com\/site\/wp-content\/uploads\/2023\/01\/notibras23.png","contentUrl":"https:\/\/www.notibras.com\/site\/wp-content\/uploads\/2023\/01\/notibras23.png","width":350,"height":87,"caption":"Grupo Notibras de Comunica\u00e7\u00e3o"},"image":{"@id":"https:\/\/www.notibras.com\/site\/#\/schema\/logo\/image\/"},"sameAs":["https:\/\/www.facebook.com\/notibras\/","https:\/\/x.com\/Notibras","https:\/\/www.instagram.com\/notibras\/"]},{"@type":"Person","@id":"https:\/\/www.notibras.com\/site\/#\/schema\/person\/36ab0979449956132d3e5b517ea76ac8","name":"Reda\u00e7\u00e3o","image":{"@type":"ImageObject","inLanguage":"pt-BR","@id":"https:\/\/secure.gravatar.com\/avatar\/e0a867bdedb85fd243eadf09663511f96fc81e0720a4a42581f334ad4303aa6b?s=96&d=mm&r=g","url":"https:\/\/secure.gravatar.com\/avatar\/e0a867bdedb85fd243eadf09663511f96fc81e0720a4a42581f334ad4303aa6b?s=96&d=mm&r=g","contentUrl":"https:\/\/secure.gravatar.com\/avatar\/e0a867bdedb85fd243eadf09663511f96fc81e0720a4a42581f334ad4303aa6b?s=96&d=mm&r=g","caption":"Reda\u00e7\u00e3o"}}]}},"amp_enabled":true,"_links":{"self":[{"href":"https:\/\/www.notibras.com\/site\/wp-json\/wp\/v2\/posts\/33219","targetHints":{"allow":["GET"]}}],"collection":[{"href":"https:\/\/www.notibras.com\/site\/wp-json\/wp\/v2\/posts"}],"about":[{"href":"https:\/\/www.notibras.com\/site\/wp-json\/wp\/v2\/types\/post"}],"author":[{"embeddable":true,"href":"https:\/\/www.notibras.com\/site\/wp-json\/wp\/v2\/users\/2"}],"replies":[{"embeddable":true,"href":"https:\/\/www.notibras.com\/site\/wp-json\/wp\/v2\/comments?post=33219"}],"version-history":[{"count":0,"href":"https:\/\/www.notibras.com\/site\/wp-json\/wp\/v2\/posts\/33219\/revisions"}],"wp:featuredmedia":[{"embeddable":true,"href":"https:\/\/www.notibras.com\/site\/wp-json\/wp\/v2\/media\/33220"}],"wp:attachment":[{"href":"https:\/\/www.notibras.com\/site\/wp-json\/wp\/v2\/media?parent=33219"}],"wp:term":[{"taxonomy":"category","embeddable":true,"href":"https:\/\/www.notibras.com\/site\/wp-json\/wp\/v2\/categories?post=33219"},{"taxonomy":"post_tag","embeddable":true,"href":"https:\/\/www.notibras.com\/site\/wp-json\/wp\/v2\/tags?post=33219"}],"curies":[{"name":"wp","href":"https:\/\/api.w.org\/{rel}","templated":true}]}}