{"id":332198,"date":"2024-07-07T00:00:59","date_gmt":"2024-07-07T03:00:59","guid":{"rendered":"https:\/\/www.notibras.com\/site\/?p=332198"},"modified":"2024-07-07T05:32:08","modified_gmt":"2024-07-07T08:32:08","slug":"ultimo-dia-para-candidatos-pedirem-devolucao-de-taxa-de-inscricao","status":"publish","type":"post","link":"https:\/\/www.notibras.com\/site\/ultimo-dia-para-candidatos-pedirem-devolucao-de-taxa-de-inscricao\/","title":{"rendered":"\u00daltimo dia para candidatos pedirem devolu\u00e7\u00e3o de taxa de inscri\u00e7\u00e3o"},"content":{"rendered":"<p>Os candidatos ao Concurso P\u00fablico Nacional Unificado que n\u00e3o tiverem condi\u00e7\u00f5es de fazer as provas em 18 de agosto ainda podem solicitar a devolu\u00e7\u00e3o do valor da taxa de inscri\u00e7\u00e3o. O prazo estabelecido pelo Minist\u00e9rio da Gest\u00e3o e da Inova\u00e7\u00e3o em Servi\u00e7os P\u00fablicos para fazer o pedido, que come\u00e7ou na sexta-feira (5) e termina domingo (7), conforme atualiza\u00e7\u00e3o do edital do certame, publicada em edi\u00e7\u00e3o extra do Di\u00e1rio Oficial da Uni\u00e3o na quinta-feira (4).<\/p>\n<p>A medida tem o objetivo de atender os candidatos que tenham sido prejudicados com o adiamento das provas, que estavam previstas para 5 de maio e foram remarcadas para 18 de agosto, devido \u00e0 situa\u00e7\u00e3o de calamidade p\u00fablica no Rio Grande do Sul, provocada pelas chuvas volumosas e enchentes que atingiram o estado. A devolu\u00e7\u00e3o da taxa de inscri\u00e7\u00e3o cancela a participa\u00e7\u00e3o do candidato no certame.<\/p>\n<p>O pedido de reembolso pode ser feito por candidatos inscritos em qualquer parte do pa\u00eds, n\u00e3o \u00e9 restrito aos moradores do Rio Grande do Sul ou \u00e0queles que fariam as provas no estado. A solicita\u00e7\u00e3o dever\u00e1 ser feita on-line, diretamente na plataforma do concurso, \u00e1rea do candidato, com login e senha do portal de servi\u00e7os digitais do governo federal, o Gov.br. Ao solicitar a devolu\u00e7\u00e3o do valor pago pela taxa de inscri\u00e7\u00e3o, ser\u00e1 necess\u00e1rio informar os dados do banco, ag\u00eancia e conta corrente. \u00c9 obrigat\u00f3rio que o solicitante seja o \u00fanico titular da conta corrente indicada.<\/p>\n<p>A devolu\u00e7\u00e3o do valor pago pela inscri\u00e7\u00e3o ser\u00e1 efetivada somente ap\u00f3s a data de aplica\u00e7\u00e3o das provas, 18 de agosto. Em fevereiro, os candidatos a cargos de n\u00edvel m\u00e9dio pagaram R$ 60 e os que concorrem a vagas de n\u00edvel superior, R$ 90.<\/p>\n<p>O edital original do concurso unificado j\u00e1 previa o reembolso da taxa de inscri\u00e7\u00e3o, por\u00e9m, apenas para situa\u00e7\u00f5es espec\u00edficas, como casos de falta de energia e desastres naturais.<\/p>\n<p><strong>CNU<\/strong><br \/>\nNeste momento, o chamado Enem dos Concursos tem mais de 2,1 milh\u00f5es de inscritos entre pagantes da taxa e isentos. Ao todo, ser\u00e3o ofertadas 6.440 vagas de n\u00edvel m\u00e9dio e superior em 21 \u00f3rg\u00e3os e entidades do servi\u00e7o p\u00fablico federal, com sal\u00e1rios iniciais de at\u00e9 R$ 22,9 mil.<\/p>\n<p>No per\u00edodo de inscri\u00e7\u00e3o, a pessoa poderia se candidatar a apenas um dos oito blocos tem\u00e1ticos do concurso unificado. Dentro de um mesmo bloco, o candidato escolheu tr\u00eas \u00e1reas de interesse,em caso de aprova\u00e7\u00e3o.<\/p>\n<p>O modelo do concurso nacional consiste em realizar conjuntamente a aplica\u00e7\u00e3o simult\u00e2nea de provas em 228 cidades de todos os estados e no Distrito Federal.<\/p>\n<p>De acordo com o Minist\u00e9rio da Gest\u00e3o e da Inova\u00e7\u00e3o em Servi\u00e7os P\u00fablicos, o objetivo \u00e9 promover igualdade de oportunidades de acesso aos cargos p\u00fablicos efetivos; padronizar procedimentos na aplica\u00e7\u00e3o das provas; aprimorar os m\u00e9todos de sele\u00e7\u00e3o de servidores p\u00fablicos, de modo a priorizar as qualifica\u00e7\u00f5es necess\u00e1rias para o desempenho das atividades inerentes ao setor p\u00fablico; e zelar pelo princ\u00edpio da impessoalidade na sele\u00e7\u00e3o dos candidatos em todas as fases e etapas do processo seletivo.<\/p>\n<p>Conforme o cronograma divulgado na quinta-feira pelo minist\u00e9rio, o resultado final obtido pelo candidato nas provas ser\u00e1 divulgado em 21 de novembro e a previs\u00e3o de posse nos cargos p\u00fablicos \u00e9 janeiro de 2025.<\/p>\n","protected":false},"excerpt":{"rendered":"<p>Os candidatos ao Concurso P\u00fablico Nacional Unificado que n\u00e3o tiverem condi\u00e7\u00f5es de fazer as provas em 18 de agosto ainda podem solicitar a devolu\u00e7\u00e3o do valor da taxa de inscri\u00e7\u00e3o. O prazo estabelecido pelo Minist\u00e9rio da Gest\u00e3o e da Inova\u00e7\u00e3o em Servi\u00e7os P\u00fablicos para fazer o pedido, que come\u00e7ou na sexta-feira (5) e termina domingo [&hellip;]<\/p>\n","protected":false},"author":2,"featured_media":332199,"comment_status":"closed","ping_status":"closed","sticky":false,"template":"","format":"standard","meta":{"_acf_changed":false,"footnotes":""},"categories":[161],"tags":[],"class_list":["post-332198","post","type-post","status-publish","format-standard","has-post-thumbnail","hentry","category-quadradinho-em-foco"],"acf":[],"_links":{"self":[{"href":"https:\/\/www.notibras.com\/site\/wp-json\/wp\/v2\/posts\/332198","targetHints":{"allow":["GET"]}}],"collection":[{"href":"https:\/\/www.notibras.com\/site\/wp-json\/wp\/v2\/posts"}],"about":[{"href":"https:\/\/www.notibras.com\/site\/wp-json\/wp\/v2\/types\/post"}],"author":[{"embeddable":true,"href":"https:\/\/www.notibras.com\/site\/wp-json\/wp\/v2\/users\/2"}],"replies":[{"embeddable":true,"href":"https:\/\/www.notibras.com\/site\/wp-json\/wp\/v2\/comments?post=332198"}],"version-history":[{"count":1,"href":"https:\/\/www.notibras.com\/site\/wp-json\/wp\/v2\/posts\/332198\/revisions"}],"predecessor-version":[{"id":332200,"href":"https:\/\/www.notibras.com\/site\/wp-json\/wp\/v2\/posts\/332198\/revisions\/332200"}],"wp:featuredmedia":[{"embeddable":true,"href":"https:\/\/www.notibras.com\/site\/wp-json\/wp\/v2\/media\/332199"}],"wp:attachment":[{"href":"https:\/\/www.notibras.com\/site\/wp-json\/wp\/v2\/media?parent=332198"}],"wp:term":[{"taxonomy":"category","embeddable":true,"href":"https:\/\/www.notibras.com\/site\/wp-json\/wp\/v2\/categories?post=332198"},{"taxonomy":"post_tag","embeddable":true,"href":"https:\/\/www.notibras.com\/site\/wp-json\/wp\/v2\/tags?post=332198"}],"curies":[{"name":"wp","href":"https:\/\/api.w.org\/{rel}","templated":true}]}}