{"id":332201,"date":"2024-07-07T00:01:35","date_gmt":"2024-07-07T03:01:35","guid":{"rendered":"https:\/\/www.notibras.com\/site\/?p=332201"},"modified":"2024-07-07T05:37:18","modified_gmt":"2024-07-07T08:37:18","slug":"festival-marco-zero-apresenta-danca-em-espacos-publicos","status":"publish","type":"post","link":"https:\/\/www.notibras.com\/site\/festival-marco-zero-apresenta-danca-em-espacos-publicos\/","title":{"rendered":"Festival Marco Zero apresenta dan\u00e7a em espa\u00e7os p\u00fablicos"},"content":{"rendered":"<p>Os enormes gramados do Distrito Federal e alguns de seus locais mais ic\u00f4nicos, como a Torre de TV, a Rodovi\u00e1ria do Plano Piloto, o metr\u00f4 e outros espa\u00e7os p\u00fablicos ser\u00e3o palco do Festival Marco Zero ocupa Bras\u00edlia com uma semana de dan\u00e7a em paisagem urbana, que come\u00e7ou no s\u00e1bado (6) e segue at\u00e9 o pr\u00f3ximo s\u00e1bado (13). A s\u00e9rie de apresenta\u00e7\u00f5es vai percorrer o DF om artistas brasileiros e angolanos, com forte participa\u00e7\u00e3o ind\u00edgena e negra. Ser\u00e3o 16 interven\u00e7\u00f5es art\u00edsticas e duas oficinas realizadas em diferentes espa\u00e7os de Taguatinga, Ceil\u00e2ndia, N\u00facleo Bandeirante e Plano Piloto.<\/p>\n<p>Segundo a organiza\u00e7\u00e3o, todas as apresenta\u00e7\u00f5es s\u00e3o gratuitas e convidam o p\u00fablico a experimentar as diversas possibilidades do corpo que baila pela cidade nas ocupa\u00e7\u00f5es culturais e centros comerciais.<\/p>\n<p>A abertura do festival foi no gramado da 216 norte, ao som dos marac\u00e1s, dos passos de tor\u00e9, das rezas e das resson\u00e2ncias sonoras entre a natureza e a cidade. A artista ind\u00edgena Idiane Crudz\u00e1, do Povo Kariri &#8211; Xoc\u00f3, de Alagoas, apresentou Toda Cidade J\u00e1 Foi Floresta.<\/p>\n<p>\u201cA rua representa a fus\u00e3o do mundo ordin\u00e1rio, cotidiano, corriqueiro e das manifesta\u00e7\u00f5es extraordin\u00e1rias, imponder\u00e1veis. Escolher agir nesse espa\u00e7o de resist\u00eancia, eminentemente feito de mem\u00f3rias, de fluxos e presen\u00e7as distintas, \u00e9 o fio condutor do Festival Marco Zero desde sua cria\u00e7\u00e3o h\u00e1 quase 20 anos\u201d, explica Marcelle Lago, dan\u00e7arina, idealizadora e coordenadora do festival, que teve sua primeira edi\u00e7\u00e3o em 2006.<\/p>\n<p>Com recursos do Programa Funarte de Apoio a A\u00e7\u00f5es Continuadas 2023, a edi\u00e7\u00e3o deste ano traz para Bras\u00edlia talentos como a atriz e performer mineira Idylla Silmarovi e a artista matogrossense Kiga B\u00f3e, ind\u00edgena do povo B\u00f3e Bororo, da aldeia Meruri. Tamb\u00e9m faz parte da programa\u00e7\u00e3o a Companhia Dual, de S\u00e3o Paulo, que apresenta na Torre de TV o espet\u00e1culo Duo para 2 Perdidos, uma releitura do texto teatral Dois Perdidos Numa Noite Suja, de Pl\u00ednio Marcos.<\/p>\n<p>De Pernambuco, o Marco Zero recebe a artista Rebeca Gondim, que apresenta Revinda na sexta-feira (12), no Mimo Bar (SQN 205). A dan\u00e7a de Rebeca expressa as hist\u00f3rias do povo preto perif\u00e9rico, com movimentos que lembram as brincadeiras das culturas populares, o improviso dos mestres de cerim\u00f4nia e as esquivas do frevo. Tamb\u00e9m de Pernambuco, Gabi Holanda e Plataforma Beira encenam \u00c0 Beira, que leva para a dan\u00e7a as ang\u00fastias e esperan\u00e7as de quem vive \u00e0s margens dos rios e mangues sufocados pelo avan\u00e7o da especula\u00e7\u00e3o imobili\u00e1ria.<\/p>\n<p>O projeto Seio Sonoro, de Bras\u00edlia, \u00e9 outra atra\u00e7\u00e3o do Festival Marco Zero e tem apresenta\u00e7\u00e3o marcada para o Metr\u00f4 Galeria. Concebido por um coletivo de mulheres da dan\u00e7a e da m\u00fasica, apresenta Ser Uma, um duo com m\u00fasica autoral de mulheres da cidade.<\/p>\n<p>O festival conta com uma apresenta\u00e7\u00e3o internacional, do grupo Idaebteam, de Angola, que apresenta Tatu Panji Angola. A interven\u00e7\u00e3o conta a hist\u00f3ria e os caminhos de tr\u00eas irm\u00e3os dan\u00e7arinos com caracter\u00edsticas muito pr\u00f3prias dentro da arte. Por meio da dan\u00e7a, Vandro Poster, Geo e Didi BB conduzem o p\u00fablico a um misto de emo\u00e7\u00f5es e trazem consigo um belo registro da cultura angolana.<\/p>\n<p>A programa\u00e7\u00e3o do Festival Marco Zero ainda traz para a cena o coletivo Debonde (RJ), a Cia. Corpus Entre Mundos (DF), o artista Kaled Hassan (DF), o dan\u00e7arino Guel Soares (DF), a atriz e performer Maria Eug\u00eania F\u00e9lix (DF) e o dan\u00e7arino Iago Gabriel (DF).<\/p>\n","protected":false},"excerpt":{"rendered":"<p>Os enormes gramados do Distrito Federal e alguns de seus locais mais ic\u00f4nicos, como a Torre de TV, a Rodovi\u00e1ria do Plano Piloto, o metr\u00f4 e outros espa\u00e7os p\u00fablicos ser\u00e3o palco do Festival Marco Zero ocupa Bras\u00edlia com uma semana de dan\u00e7a em paisagem urbana, que come\u00e7ou no s\u00e1bado (6) e segue at\u00e9 o pr\u00f3ximo [&hellip;]<\/p>\n","protected":false},"author":2,"featured_media":332202,"comment_status":"closed","ping_status":"closed","sticky":false,"template":"","format":"standard","meta":{"_acf_changed":false,"footnotes":""},"categories":[161],"tags":[],"class_list":["post-332201","post","type-post","status-publish","format-standard","has-post-thumbnail","hentry","category-quadradinho-em-foco"],"acf":[],"_links":{"self":[{"href":"https:\/\/www.notibras.com\/site\/wp-json\/wp\/v2\/posts\/332201","targetHints":{"allow":["GET"]}}],"collection":[{"href":"https:\/\/www.notibras.com\/site\/wp-json\/wp\/v2\/posts"}],"about":[{"href":"https:\/\/www.notibras.com\/site\/wp-json\/wp\/v2\/types\/post"}],"author":[{"embeddable":true,"href":"https:\/\/www.notibras.com\/site\/wp-json\/wp\/v2\/users\/2"}],"replies":[{"embeddable":true,"href":"https:\/\/www.notibras.com\/site\/wp-json\/wp\/v2\/comments?post=332201"}],"version-history":[{"count":1,"href":"https:\/\/www.notibras.com\/site\/wp-json\/wp\/v2\/posts\/332201\/revisions"}],"predecessor-version":[{"id":332203,"href":"https:\/\/www.notibras.com\/site\/wp-json\/wp\/v2\/posts\/332201\/revisions\/332203"}],"wp:featuredmedia":[{"embeddable":true,"href":"https:\/\/www.notibras.com\/site\/wp-json\/wp\/v2\/media\/332202"}],"wp:attachment":[{"href":"https:\/\/www.notibras.com\/site\/wp-json\/wp\/v2\/media?parent=332201"}],"wp:term":[{"taxonomy":"category","embeddable":true,"href":"https:\/\/www.notibras.com\/site\/wp-json\/wp\/v2\/categories?post=332201"},{"taxonomy":"post_tag","embeddable":true,"href":"https:\/\/www.notibras.com\/site\/wp-json\/wp\/v2\/tags?post=332201"}],"curies":[{"name":"wp","href":"https:\/\/api.w.org\/{rel}","templated":true}]}}