{"id":332204,"date":"2024-07-07T00:00:04","date_gmt":"2024-07-07T03:00:04","guid":{"rendered":"https:\/\/www.notibras.com\/site\/?p=332204"},"modified":"2024-07-07T06:00:09","modified_gmt":"2024-07-07T09:00:09","slug":"arte-de-rua-mobiliza-comunidade-e-transforma-muros-em-galerias","status":"publish","type":"post","link":"https:\/\/www.notibras.com\/site\/arte-de-rua-mobiliza-comunidade-e-transforma-muros-em-galerias\/","title":{"rendered":"Arte de rua mobiliza comunidade e transforma muros em galerias"},"content":{"rendered":"<p>As ruas do Setor Tradicional de S\u00e3o Sebasti\u00e3o est\u00e3o passando por uma renova\u00e7\u00e3o inspiradora pelo projeto Rua Galeria. Idealizada pelo artista pl\u00e1stico Chico Metamorfose e financiada pelo Fundo de Apoio \u00e0 Cultura do Distrito Federal (FAC-DF), a iniciativa re\u00fane 13 artistas da capital para transformar o local em um verdadeiro museu a c\u00e9u aberto.<\/p>\n<p>Ao longo de 120 metros, pinturas celebram super-her\u00f3is e refletem cenas do cotidiano, al\u00e9m de abordarem temas cruciais como respeito aos pedestres e preserva\u00e7\u00e3o ambiental. A arte tamb\u00e9m levanta cr\u00edticas construtivas contra pr\u00e1ticas como o garimpo ilegal e o desmatamento na Amaz\u00f4nia.<\/p>\n<p>Chico Metamorfose, cuja pr\u00f3pria vida \u00e9 uma narrativa de transforma\u00e7\u00e3o, n\u00e3o apenas lidera o projeto, mas tamb\u00e9m se dedica ao ensino de arte para crian\u00e7as e adolescentes em situa\u00e7\u00e3o de vulnerabilidade.<\/p>\n<p>Depois de passar por um per\u00edodo de reabilita\u00e7\u00e3o em um centro cl\u00ednico em Ceil\u00e2ndia, o artista pl\u00e1stico fundou o Instituto Metamorfose. Movido pelo desejo de retribuir o que define como uma \u201csegunda chance na vida\u201d, passou a dedicar seu talento \u00e0 educa\u00e7\u00e3o por meio da arte.<\/p>\n<p>\u201cEu sa\u00ed daquela situa\u00e7\u00e3o de depend\u00eancia e pensei em olhar para os outros, olhar principalmente para crian\u00e7as e adolescentes, porque foi nessa \u00e9poca que eu me perdi. Ent\u00e3o eu atuo nesse sentido, para evitar que eles entrem nesse mundo\u201d, compartilha Chico.<\/p>\n<p>O instituto tem como objetivo formar cidad\u00e3os por meio da arte e descobrir futuros talentos, promovendo a inclus\u00e3o social de crian\u00e7as, jovens e adultos. No ateli\u00ea, as t\u00e9cnicas de pintura e desenho s\u00e3o ensinadas gratuitamente, com o intuito de resgatar os jovens das ruas. Por ali j\u00e1 passaram mais de 5 mil artistas desde a inaugura\u00e7\u00e3o da sede.<\/p>\n<p>\u201cEu me considero um super-her\u00f3i porque deixei muita coisa para tr\u00e1s. Um super-her\u00f3i, quando vai salvar uma vida, n\u00e3o est\u00e1 mais pensando nele. E assim \u00e9 que eu fa\u00e7o com meus meninos. Quando vejo que um aluno est\u00e1 com uma certa dificuldade, vou com ele at\u00e9 o final\u201d, complementa.<\/p>\n<p>Ex-aluno do Instituto Metamorfose, Jo\u00e3o Bezerra Filho comemora a participa\u00e7\u00e3o no projeto: \u201cEstar aqui hoje, expondo minha arte, \u00e9 muito significativo\u201d<\/p>\n<p>Hoje com 34 anos, Jo\u00e3o Bezerra Filho foi aluno do Instituto Metamorfose dos 6 aos 14 anos. Apaixonado pelo mundo da arte, ele seguiu os passos de Chico e tamb\u00e9m se tornou artista pl\u00e1stico, ganhando, inclusive, um painel no projeto Rua Galeria para chamar de seu.<\/p>\n<p>\u201cFoi muito importante passar pelo instituto porque foi uma fase de sobreviv\u00eancia mesmo. Eu aprendi coisas que levo para a vida. E estar aqui hoje, expondo minha arte, \u00e9 muito significativo\u201d, relata Jo\u00e3o, enquanto mostra sua obra sobre a import\u00e2ncia do uso e respeito da faixa de pedestre.<\/p>\n<p>A iniciativa n\u00e3o apenas embeleza os muros das casas da rua, como tamb\u00e9m conversa com uma demanda da comunidade local contra picha\u00e7\u00f5es e outros tipos de vandalismo. A participa\u00e7\u00e3o dos moradores foi essencial para o sucesso do projeto, destacando o poder da arte urbana como uma ferramenta de integra\u00e7\u00e3o social e conscientiza\u00e7\u00e3o coletiva.<\/p>\n<p>\u201cO projeto foi muito bem-vindo. Eu acho que conscientiza sobre arte e pautas do cotidiano de uma forma muito bacana\u201d, diz Eliomar Vieira, 38 anos, morador de S\u00e3o Sebasti\u00e3o.<\/p>\n<p>Francisca Mota, 38 anos, tamb\u00e9m reconhece a import\u00e2ncia da arte urbana. \u201cO trabalho que Chico faz \u00e9 muito importante. \u00c9 uma forma de resgate. E para al\u00e9m disso, antes o pessoal pichava aqui. Com o projeto, a gente espera que isso pare\u201d, afirma.<\/p>\n","protected":false},"excerpt":{"rendered":"<p>As ruas do Setor Tradicional de S\u00e3o Sebasti\u00e3o est\u00e3o passando por uma renova\u00e7\u00e3o inspiradora pelo projeto Rua Galeria. Idealizada pelo artista pl\u00e1stico Chico Metamorfose e financiada pelo Fundo de Apoio \u00e0 Cultura do Distrito Federal (FAC-DF), a iniciativa re\u00fane 13 artistas da capital para transformar o local em um verdadeiro museu a c\u00e9u aberto. Ao [&hellip;]<\/p>\n","protected":false},"author":2,"featured_media":332205,"comment_status":"closed","ping_status":"closed","sticky":false,"template":"","format":"standard","meta":{"_acf_changed":false,"footnotes":""},"categories":[161],"tags":[],"class_list":["post-332204","post","type-post","status-publish","format-standard","has-post-thumbnail","hentry","category-quadradinho-em-foco"],"acf":[],"_links":{"self":[{"href":"https:\/\/www.notibras.com\/site\/wp-json\/wp\/v2\/posts\/332204","targetHints":{"allow":["GET"]}}],"collection":[{"href":"https:\/\/www.notibras.com\/site\/wp-json\/wp\/v2\/posts"}],"about":[{"href":"https:\/\/www.notibras.com\/site\/wp-json\/wp\/v2\/types\/post"}],"author":[{"embeddable":true,"href":"https:\/\/www.notibras.com\/site\/wp-json\/wp\/v2\/users\/2"}],"replies":[{"embeddable":true,"href":"https:\/\/www.notibras.com\/site\/wp-json\/wp\/v2\/comments?post=332204"}],"version-history":[{"count":2,"href":"https:\/\/www.notibras.com\/site\/wp-json\/wp\/v2\/posts\/332204\/revisions"}],"predecessor-version":[{"id":332207,"href":"https:\/\/www.notibras.com\/site\/wp-json\/wp\/v2\/posts\/332204\/revisions\/332207"}],"wp:featuredmedia":[{"embeddable":true,"href":"https:\/\/www.notibras.com\/site\/wp-json\/wp\/v2\/media\/332205"}],"wp:attachment":[{"href":"https:\/\/www.notibras.com\/site\/wp-json\/wp\/v2\/media?parent=332204"}],"wp:term":[{"taxonomy":"category","embeddable":true,"href":"https:\/\/www.notibras.com\/site\/wp-json\/wp\/v2\/categories?post=332204"},{"taxonomy":"post_tag","embeddable":true,"href":"https:\/\/www.notibras.com\/site\/wp-json\/wp\/v2\/tags?post=332204"}],"curies":[{"name":"wp","href":"https:\/\/api.w.org\/{rel}","templated":true}]}}