{"id":332233,"date":"2024-07-08T00:01:00","date_gmt":"2024-07-08T03:01:00","guid":{"rendered":"https:\/\/www.notibras.com\/site\/?p=332233"},"modified":"2024-07-08T01:18:05","modified_gmt":"2024-07-08T04:18:05","slug":"festival-brinca-garante-diversao-da-criancada-durante-as-ferias","status":"publish","type":"post","link":"https:\/\/www.notibras.com\/site\/festival-brinca-garante-diversao-da-criancada-durante-as-ferias\/","title":{"rendered":"Festival Brinca+ garante divers\u00e3o da crian\u00e7ada durante as f\u00e9rias"},"content":{"rendered":"<p>Aberto no s\u00e1bado (6) com garantia de se estender at\u00e9 o dia 28 de julho, o Festival Brinca+ no museu Sesi Lab, no Setor Cultural Sul, promete agradar a crian\u00e7ada. A programa\u00e7\u00e3o \u00e9 extensa, e segundo Claudia Ramalho, superintendente de Cultura do Sesi, o festival \u00e9 uma oportunidade para aproximar ainda mais as crian\u00e7as do espa\u00e7o do museu e promover formas diferentes de aprendizagem.<\/p>\n<p>&#8220;A programa\u00e7\u00e3o foi toda pensada para atender diferentes p\u00fablicos e oferecer atividades l\u00fadicas e divertidas.&#8221;<\/p>\n<p>Neste domingo (7), o museu recebeu o show de Helio Ziskind, conhecido por suas can\u00e7\u00f5es para o p\u00fablico infantil, com ajustes na ilumina\u00e7\u00e3o e no som, para receber pessoas autistas ou com outras neurodiverg\u00eancias.<\/p>\n<p>O museu conta ainda com educadores capacitados para fazer o acompanhamento durante todas as visitas. Tamb\u00e9m haver\u00e1 visitas exclusivas para a comunidade surda. Para retirar os ingressos, que s\u00e3o gratuitos, \u00e9 necess\u00e1rio\u00a0<a href=\"https:\/\/bileto.sympla.com.br\/event\/89824\/d\/263927?share_id=1-copiarlink\" target=\"_blank\" rel=\"noopener\">acessar este endere\u00e7o<\/a>.<\/p>\n<p>O Sesi Lab \u00e9 um espa\u00e7o in\u00e9dito que conecta arte, ci\u00eancia e tecnologia, aberto a todos os p\u00fablicos. No espa\u00e7o, \u00e9 poss\u00edvel interagir com equipamentos que explicam, na pr\u00e1tica, diferentes conceitos cient\u00edficos, fen\u00f4menos naturais e sociais.<\/p>\n<p>As experi\u00eancias propostas t\u00eam por objetivo fazer o ouvinte investigar tais fen\u00f4menos, refletir sobre novas possibilidades de futuro e, principalmente, se divertir.<\/p>\n<p>A programa\u00e7\u00e3o multidisciplinar, orientada por uma abordagem educativa criativa e inovadora, inclui exposi\u00e7\u00f5es tempor\u00e1rias e permanentes, festivais, semin\u00e1rios, workshops, oficinas, resid\u00eancias art\u00edsticas, cinema, e atividades orientadas \u00e0 cultura maker. O Sesi Lab funciona no antigo Touring, em um edif\u00edcio ic\u00f4nico de Oscar Niemeyer, com quase 7,5 mil metros quadrados, pr\u00f3ximo \u00e0 Esplanada dos Minist\u00e9rios.<\/p>\n<p>O museu devolve \u00e0 sociedade uma obra tombada como um bem cultural, inteiramente restaurada. A localiza\u00e7\u00e3o est\u00e1 diretamente relacionada com o prop\u00f3sito de ser um hub de difus\u00e3o democr\u00e1tica de conhecimento para todas as regi\u00f5es do pa\u00eds.<\/p>\n<p>O DNA desse projeto contempla tecnologias sociais e educacionais desenvolvidas h\u00e1 d\u00e9cadas pelo Servi\u00e7o Social da Ind\u00fastria (Sesi) e o Servi\u00e7o Nacional de Aprendizagem Industrial (Senai), se conectando com as novas demandas e as r\u00e1pidas mudan\u00e7as do mundo para propor a\u00e7\u00f5es, colher ideias e valorizar a diversidade.<\/p>\n","protected":false},"excerpt":{"rendered":"<p>Aberto no s\u00e1bado (6) com garantia de se estender at\u00e9 o dia 28 de julho, o Festival Brinca+ no museu Sesi Lab, no Setor Cultural Sul, promete agradar a crian\u00e7ada. A programa\u00e7\u00e3o \u00e9 extensa, e segundo Claudia Ramalho, superintendente de Cultura do Sesi, o festival \u00e9 uma oportunidade para aproximar ainda mais as crian\u00e7as do [&hellip;]<\/p>\n","protected":false},"author":2,"featured_media":332234,"comment_status":"closed","ping_status":"closed","sticky":false,"template":"","format":"standard","meta":{"_acf_changed":false,"footnotes":""},"categories":[161],"tags":[],"class_list":["post-332233","post","type-post","status-publish","format-standard","has-post-thumbnail","hentry","category-quadradinho-em-foco"],"acf":[],"_links":{"self":[{"href":"https:\/\/www.notibras.com\/site\/wp-json\/wp\/v2\/posts\/332233","targetHints":{"allow":["GET"]}}],"collection":[{"href":"https:\/\/www.notibras.com\/site\/wp-json\/wp\/v2\/posts"}],"about":[{"href":"https:\/\/www.notibras.com\/site\/wp-json\/wp\/v2\/types\/post"}],"author":[{"embeddable":true,"href":"https:\/\/www.notibras.com\/site\/wp-json\/wp\/v2\/users\/2"}],"replies":[{"embeddable":true,"href":"https:\/\/www.notibras.com\/site\/wp-json\/wp\/v2\/comments?post=332233"}],"version-history":[{"count":1,"href":"https:\/\/www.notibras.com\/site\/wp-json\/wp\/v2\/posts\/332233\/revisions"}],"predecessor-version":[{"id":332235,"href":"https:\/\/www.notibras.com\/site\/wp-json\/wp\/v2\/posts\/332233\/revisions\/332235"}],"wp:featuredmedia":[{"embeddable":true,"href":"https:\/\/www.notibras.com\/site\/wp-json\/wp\/v2\/media\/332234"}],"wp:attachment":[{"href":"https:\/\/www.notibras.com\/site\/wp-json\/wp\/v2\/media?parent=332233"}],"wp:term":[{"taxonomy":"category","embeddable":true,"href":"https:\/\/www.notibras.com\/site\/wp-json\/wp\/v2\/categories?post=332233"},{"taxonomy":"post_tag","embeddable":true,"href":"https:\/\/www.notibras.com\/site\/wp-json\/wp\/v2\/tags?post=332233"}],"curies":[{"name":"wp","href":"https:\/\/api.w.org\/{rel}","templated":true}]}}