{"id":332242,"date":"2024-07-08T00:00:15","date_gmt":"2024-07-08T03:00:15","guid":{"rendered":"https:\/\/www.notibras.com\/site\/?p=332242"},"modified":"2024-07-08T01:38:42","modified_gmt":"2024-07-08T04:38:42","slug":"extrato-bancario-vem-com-termos-padronizados-a-partir-de-agora","status":"publish","type":"post","link":"https:\/\/www.notibras.com\/site\/extrato-bancario-vem-com-termos-padronizados-a-partir-de-agora\/","title":{"rendered":"Extrato banc\u00e1rio vem com termos padronizados a partir de agora"},"content":{"rendered":"<p>Os termos utilizados nos extratos banc\u00e1rios passar\u00e3o a ser padronizados a partir desta segunda-feira (8). De acordo com a Federa\u00e7\u00e3o Brasileira de Bancos (Febraban), a mudan\u00e7a vai abranger inicialmente as denomina\u00e7\u00f5es existentes para as opera\u00e7\u00f5es de saque e dep\u00f3sito. Posteriormente, as demais opera\u00e7\u00f5es financeiras ser\u00e3o inclu\u00eddas no processo de padroniza\u00e7\u00e3o.<\/p>\n<p>Pela nova nomenclatura, opera\u00e7\u00f5es como \u201cdep\u00f3sito de cheque no ATM\u201d, utilizada por algumas institui\u00e7\u00f5es financeiras quando o cliente deposita cheque nos caixas eletr\u00f4nicos (ATM) da ag\u00eancia, passam a ser descritas no extrato com a sigla \u201cDEP CHEQUE ATM\u201d.<\/p>\n<p>J\u00e1 as opera\u00e7\u00f5es em que o cliente saca dinheiro em esp\u00e9cie no caixa convencional da ag\u00eancia, com o cart\u00e3o da conta, ser\u00e3o impressas nos extratos como \u201cSAQUE DIN CARTAO AG\u201d.<\/p>\n<p>Segundo o diretor-adjunto de Servi\u00e7os da Febraban, Walter Faria, a medida tem objetivo de tornar a compreens\u00e3o das informa\u00e7\u00f5es mais acess\u00edvel, principalmente para os clientes que possuem ou precisam acessar contas banc\u00e1rias de mais de uma institui\u00e7\u00e3o financeira.<\/p>\n<p>\u201cAtualmente, os bancos usam mais de quatro mil tipos de nomenclaturas diferentes em suas opera\u00e7\u00f5es, o que gera diferen\u00e7as significativas entre os bancos para um mesmo tipo de opera\u00e7\u00e3o financeira\u201d, destacou.<\/p>\n","protected":false},"excerpt":{"rendered":"<p>Os termos utilizados nos extratos banc\u00e1rios passar\u00e3o a ser padronizados a partir desta segunda-feira (8). De acordo com a Federa\u00e7\u00e3o Brasileira de Bancos (Febraban), a mudan\u00e7a vai abranger inicialmente as denomina\u00e7\u00f5es existentes para as opera\u00e7\u00f5es de saque e dep\u00f3sito. Posteriormente, as demais opera\u00e7\u00f5es financeiras ser\u00e3o inclu\u00eddas no processo de padroniza\u00e7\u00e3o. Pela nova nomenclatura, opera\u00e7\u00f5es como [&hellip;]<\/p>\n","protected":false},"author":2,"featured_media":332243,"comment_status":"closed","ping_status":"closed","sticky":false,"template":"","format":"standard","meta":{"_acf_changed":false,"footnotes":""},"categories":[161],"tags":[],"class_list":["post-332242","post","type-post","status-publish","format-standard","has-post-thumbnail","hentry","category-quadradinho-em-foco"],"acf":[],"_links":{"self":[{"href":"https:\/\/www.notibras.com\/site\/wp-json\/wp\/v2\/posts\/332242","targetHints":{"allow":["GET"]}}],"collection":[{"href":"https:\/\/www.notibras.com\/site\/wp-json\/wp\/v2\/posts"}],"about":[{"href":"https:\/\/www.notibras.com\/site\/wp-json\/wp\/v2\/types\/post"}],"author":[{"embeddable":true,"href":"https:\/\/www.notibras.com\/site\/wp-json\/wp\/v2\/users\/2"}],"replies":[{"embeddable":true,"href":"https:\/\/www.notibras.com\/site\/wp-json\/wp\/v2\/comments?post=332242"}],"version-history":[{"count":1,"href":"https:\/\/www.notibras.com\/site\/wp-json\/wp\/v2\/posts\/332242\/revisions"}],"predecessor-version":[{"id":332244,"href":"https:\/\/www.notibras.com\/site\/wp-json\/wp\/v2\/posts\/332242\/revisions\/332244"}],"wp:featuredmedia":[{"embeddable":true,"href":"https:\/\/www.notibras.com\/site\/wp-json\/wp\/v2\/media\/332243"}],"wp:attachment":[{"href":"https:\/\/www.notibras.com\/site\/wp-json\/wp\/v2\/media?parent=332242"}],"wp:term":[{"taxonomy":"category","embeddable":true,"href":"https:\/\/www.notibras.com\/site\/wp-json\/wp\/v2\/categories?post=332242"},{"taxonomy":"post_tag","embeddable":true,"href":"https:\/\/www.notibras.com\/site\/wp-json\/wp\/v2\/tags?post=332242"}],"curies":[{"name":"wp","href":"https:\/\/api.w.org\/{rel}","templated":true}]}}