{"id":332288,"date":"2024-07-08T14:21:29","date_gmt":"2024-07-08T17:21:29","guid":{"rendered":"https:\/\/www.notibras.com\/site\/?p=332288"},"modified":"2024-07-08T15:23:13","modified_gmt":"2024-07-08T18:23:13","slug":"embaixada-da-russia-tem-falso-alerta-de-bomba","status":"publish","type":"post","link":"https:\/\/www.notibras.com\/site\/embaixada-da-russia-tem-falso-alerta-de-bomba\/","title":{"rendered":"Embaixada da R\u00fassia tem falso alerta de bomba"},"content":{"rendered":"<p>A Pol\u00edcia Militar foi acionada \u00e0s 10h desta segunda-feira (8), para atender a uma ocorr\u00eancia de suspeita de artefato explosivo no t\u00fanel de acesso \u00e0 Embaixada da R\u00fassia, no Setor de Embaixadas Sul.<\/p>\n<p>Segundo informa\u00e7\u00f5es preliminares, a representa\u00e7\u00e3o diplom\u00e1tica recebeu uma liga\u00e7\u00e3o de uma pessoa que se identificou como ucraniana e, conversando em russo, afirmou que duas toneladas de explosivos tinham sido colocadas em t\u00faneis sob o pr\u00e9dio da representa\u00e7\u00e3o diplom\u00e1tica. Policiais militares do 5\u00ba BPM foram ao local e acionaram a Opera\u00e7\u00e3o Petardo, especializada em explosivos.<\/p>\n<p>O Batalh\u00e3o de Opera\u00e7\u00f5es Policiais Especiais (Bope) fez uma varredura externa, enquanto a Pol\u00edcia Federal (PF) foi chamada para colaborar na varredura interna. Juntos, com a ajuda de c\u00e3es da PM, os agentes fizeram uma busca por explosivos.<\/p>\n<p>A PM informou que por volta das 12h50, a opera\u00e7\u00e3o foi conclu\u00edda sem a localiza\u00e7\u00e3o de qualquer explosivo. O alerta foi declarado falso. A situa\u00e7\u00e3o foi normalizada.<\/p>\n","protected":false},"excerpt":{"rendered":"<p>A Pol\u00edcia Militar foi acionada \u00e0s 10h desta segunda-feira (8), para atender a uma ocorr\u00eancia de suspeita de artefato explosivo no t\u00fanel de acesso \u00e0 Embaixada da R\u00fassia, no Setor de Embaixadas Sul. Segundo informa\u00e7\u00f5es preliminares, a representa\u00e7\u00e3o diplom\u00e1tica recebeu uma liga\u00e7\u00e3o de uma pessoa que se identificou como ucraniana e, conversando em russo, afirmou [&hellip;]<\/p>\n","protected":false},"author":2,"featured_media":332289,"comment_status":"closed","ping_status":"closed","sticky":false,"template":"","format":"standard","meta":{"_acf_changed":false,"footnotes":""},"categories":[161],"tags":[],"class_list":["post-332288","post","type-post","status-publish","format-standard","has-post-thumbnail","hentry","category-quadradinho-em-foco"],"acf":[],"_links":{"self":[{"href":"https:\/\/www.notibras.com\/site\/wp-json\/wp\/v2\/posts\/332288","targetHints":{"allow":["GET"]}}],"collection":[{"href":"https:\/\/www.notibras.com\/site\/wp-json\/wp\/v2\/posts"}],"about":[{"href":"https:\/\/www.notibras.com\/site\/wp-json\/wp\/v2\/types\/post"}],"author":[{"embeddable":true,"href":"https:\/\/www.notibras.com\/site\/wp-json\/wp\/v2\/users\/2"}],"replies":[{"embeddable":true,"href":"https:\/\/www.notibras.com\/site\/wp-json\/wp\/v2\/comments?post=332288"}],"version-history":[{"count":1,"href":"https:\/\/www.notibras.com\/site\/wp-json\/wp\/v2\/posts\/332288\/revisions"}],"predecessor-version":[{"id":332290,"href":"https:\/\/www.notibras.com\/site\/wp-json\/wp\/v2\/posts\/332288\/revisions\/332290"}],"wp:featuredmedia":[{"embeddable":true,"href":"https:\/\/www.notibras.com\/site\/wp-json\/wp\/v2\/media\/332289"}],"wp:attachment":[{"href":"https:\/\/www.notibras.com\/site\/wp-json\/wp\/v2\/media?parent=332288"}],"wp:term":[{"taxonomy":"category","embeddable":true,"href":"https:\/\/www.notibras.com\/site\/wp-json\/wp\/v2\/categories?post=332288"},{"taxonomy":"post_tag","embeddable":true,"href":"https:\/\/www.notibras.com\/site\/wp-json\/wp\/v2\/tags?post=332288"}],"curies":[{"name":"wp","href":"https:\/\/api.w.org\/{rel}","templated":true}]}}