{"id":332337,"date":"2024-07-09T00:00:57","date_gmt":"2024-07-09T03:00:57","guid":{"rendered":"https:\/\/www.notibras.com\/site\/?p=332337"},"modified":"2024-07-09T09:49:04","modified_gmt":"2024-07-09T12:49:04","slug":"vacina-em-recem-nascidos-previne-futuros-casos-de-tuberculose","status":"publish","type":"post","link":"https:\/\/www.notibras.com\/site\/vacina-em-recem-nascidos-previne-futuros-casos-de-tuberculose\/","title":{"rendered":"Vacina em rec\u00e9m-nascidos previne futuros casos de tuberculose"},"content":{"rendered":"<p>Presente em todas as maternidades brasileiras, a vacina BCG \u00e9 considerada uma das mais importantes do pa\u00eds por ser crucial na preven\u00e7\u00e3o de formas graves de tuberculose. Criada h\u00e1 mais de cem anos, a BCG \u00e9 a primeira vacina recebida ao nascer e sua efetividade \u00e9 comprovada na prote\u00e7\u00e3o da sa\u00fade de crian\u00e7as. No Brasil, o imunizante \u00e9 disponibilizado gratuitamente por todo o Sistema \u00danico de Sa\u00fade (SUS).<\/p>\n<p>A vacina BCG \u00e9 indicada para crian\u00e7as menores de 5 anos, devendo ser aplicada preferencialmente logo ap\u00f3s o nascimento. Em caso de prematuros, enquanto o beb\u00ea n\u00e3o superar 2 kg, a vacina n\u00e3o pode ser administrada. \u201cNa rede p\u00fablica do DF, a vacina BCG \u00e9 ofertada nas maternidades e salas de vacina\u00e7\u00e3o das Unidades B\u00e1sicas de Sa\u00fade (UBS)\u201d, explica a gerente substituta da Rede de Frio do Distrito Federal, Karine Castro.<\/p>\n<p>O Distrito Federal administrou mais de 17,8 mil doses nos cinco primeiros meses de 2024, uma cobertura vacinal de 126%. A m\u00e9dia nacional este ano est\u00e1 em 75,3%. \u201cAl\u00e9m dos rec\u00e9m-nascidos do DF, tamb\u00e9m vacinamos as crian\u00e7as da regi\u00e3o do Entorno, por isso o nosso percentual vai al\u00e9m dos 100%\u201d, explica a gerente da Rede de Frio.<\/p>\n<p>Karine Castro destaca que tem sido feito esfor\u00e7o mundial para melhorar a preven\u00e7\u00e3o da tuberculose pulmonar adulta. Hoje s\u00e3o registrados cerca de 10 milh\u00f5es de novos casos e 1,5 milh\u00e3o de mortes por ano no mundo. \u201cPor isso \u00e9 importante manter a alta cobertura vacinal. Sem a vacina, existe o risco de aumentar doen\u00e7as, como a tuberculose extrapulmonar\u201d, pondera.<\/p>\n<p><strong>Pesquisa avan\u00e7ada<\/strong><br \/>\nPesquisadores do Instituto Butantan est\u00e3o desenvolvendo uma vers\u00e3o mais potente da vacina BCG. Enquanto o imunizante convencional reduziu em 90% a infec\u00e7\u00e3o nos experimentos com camundongos, com a chamada BCG recombinante o \u00edndice de prote\u00e7\u00e3o subiu para 99%. Al\u00e9m disso, a nova formula\u00e7\u00e3o protegeu os animais por um per\u00edodo mais longo.<\/p>\n","protected":false},"excerpt":{"rendered":"<p>Presente em todas as maternidades brasileiras, a vacina BCG \u00e9 considerada uma das mais importantes do pa\u00eds por ser crucial na preven\u00e7\u00e3o de formas graves de tuberculose. Criada h\u00e1 mais de cem anos, a BCG \u00e9 a primeira vacina recebida ao nascer e sua efetividade \u00e9 comprovada na prote\u00e7\u00e3o da sa\u00fade de crian\u00e7as. No Brasil, [&hellip;]<\/p>\n","protected":false},"author":2,"featured_media":332338,"comment_status":"closed","ping_status":"closed","sticky":false,"template":"","format":"standard","meta":{"_acf_changed":false,"footnotes":""},"categories":[161],"tags":[],"class_list":["post-332337","post","type-post","status-publish","format-standard","has-post-thumbnail","hentry","category-quadradinho-em-foco"],"acf":[],"_links":{"self":[{"href":"https:\/\/www.notibras.com\/site\/wp-json\/wp\/v2\/posts\/332337","targetHints":{"allow":["GET"]}}],"collection":[{"href":"https:\/\/www.notibras.com\/site\/wp-json\/wp\/v2\/posts"}],"about":[{"href":"https:\/\/www.notibras.com\/site\/wp-json\/wp\/v2\/types\/post"}],"author":[{"embeddable":true,"href":"https:\/\/www.notibras.com\/site\/wp-json\/wp\/v2\/users\/2"}],"replies":[{"embeddable":true,"href":"https:\/\/www.notibras.com\/site\/wp-json\/wp\/v2\/comments?post=332337"}],"version-history":[{"count":1,"href":"https:\/\/www.notibras.com\/site\/wp-json\/wp\/v2\/posts\/332337\/revisions"}],"predecessor-version":[{"id":332339,"href":"https:\/\/www.notibras.com\/site\/wp-json\/wp\/v2\/posts\/332337\/revisions\/332339"}],"wp:featuredmedia":[{"embeddable":true,"href":"https:\/\/www.notibras.com\/site\/wp-json\/wp\/v2\/media\/332338"}],"wp:attachment":[{"href":"https:\/\/www.notibras.com\/site\/wp-json\/wp\/v2\/media?parent=332337"}],"wp:term":[{"taxonomy":"category","embeddable":true,"href":"https:\/\/www.notibras.com\/site\/wp-json\/wp\/v2\/categories?post=332337"},{"taxonomy":"post_tag","embeddable":true,"href":"https:\/\/www.notibras.com\/site\/wp-json\/wp\/v2\/tags?post=332337"}],"curies":[{"name":"wp","href":"https:\/\/api.w.org\/{rel}","templated":true}]}}