{"id":332340,"date":"2024-07-09T00:00:22","date_gmt":"2024-07-09T03:00:22","guid":{"rendered":"https:\/\/www.notibras.com\/site\/?p=332340"},"modified":"2024-07-09T09:55:37","modified_gmt":"2024-07-09T12:55:37","slug":"abrigos-acolhem-mais-de-2-mil-pessoas-em-tres-semanas","status":"publish","type":"post","link":"https:\/\/www.notibras.com\/site\/abrigos-acolhem-mais-de-2-mil-pessoas-em-tres-semanas\/","title":{"rendered":"Abrigos acolhem mais de 2 mil pessoas em tr\u00eas semanas"},"content":{"rendered":"<p>Preparados para oferecer seguran\u00e7a e acolhimento \u00e0 popula\u00e7\u00e3o em situa\u00e7\u00e3o de rua, os abrigos tempor\u00e1rios criados pelo Governo do Distrito Federal (GDF) realizaram 2.261 acolhimentos. A iniciativa faz parte da campanha A\u00e7\u00e3o contra o Frio e seguir\u00e1 enquanto durarem as baixas temperaturas no DF. Para esta semana, a previs\u00e3o \u00e9 que a temperatura m\u00ednima atinja 12\u00baC, segundo o Instituto de Nacional de Meteorologia (Inmet).<\/p>\n<p>Atualmente, est\u00e3o em funcionamento os espa\u00e7os do Plano Piloto e de Ceil\u00e2ndia. O primeiro abrigo foi disponibilizado para a popula\u00e7\u00e3o em 17 de junho e fica no Centro Integrado de Educa\u00e7\u00e3o F\u00edsica (Cief), na 907 Sul. Em 22 dias de opera\u00e7\u00e3o, o local recebeu 2.009 pessoas.<\/p>\n<p>A estrutura de Ceil\u00e2ndia abriu as portas no \u00faltimo dia 3, na Coordena\u00e7\u00e3o Regional de Ensino da cidade, na QNM 27, e j\u00e1 registrou 144 atendimentos. O GDF tamb\u00e9m abriu um abrigo tempor\u00e1rio no Gama, mas que foi fechado devido \u00e0 baixa demanda. O local funcionou entre 20 de junho e 2 de julho, e somou 108 acolhimentos.<\/p>\n<p>Os abrigos tempor\u00e1rios funcionam todas as noites, de domingo a domingo, das 19h \u00e0s 7h, com fechamento dos port\u00f5es \u00e0s 22h. O abrigo da Asa Sul disp\u00f5e de 100 vagas di\u00e1rias e o de Ceil\u00e2ndia, 40. Nos espa\u00e7os, os cidad\u00e3os t\u00eam \u00e0 disposi\u00e7\u00e3o colch\u00e3o, travesseiro, cobertor e banheiros com chuveiro quente.<\/p>\n<p>Al\u00e9m disso, a popula\u00e7\u00e3o recebe kits de higiene e agasalhos, vindos, em parte, da Campanha do Agasalho Solid\u00e1rio, iniciativa da Chefia-Executiva de Pol\u00edticas Sociais idealizada pela primeira-dama do DF, Mayara Noronha Rocha. A alimenta\u00e7\u00e3o tamb\u00e9m \u00e9 garantida, com oferta de jantar e caf\u00e9 da manh\u00e3, balanceados e feitos sob supervis\u00e3o de nutricionistas.<\/p>\n<p>A secret\u00e1ria de Desenvolvimento Social, Ana Paula Marra, afirma que a A\u00e7\u00e3o contra o Frio est\u00e1 alinhada \u00e0s iniciativas do GDF em viabilizar maior inclus\u00e3o e dignidade \u00e0 popula\u00e7\u00e3o em situa\u00e7\u00e3o de rua. \u201cEssa a\u00e7\u00e3o funciona como um term\u00f4metro e refor\u00e7a como os abrigos de pernoite permanente, que pretendemos instalar em breve, podem ser uma boa op\u00e7\u00e3o para oferecer dignidade e atender n\u00famero maior de pessoas que vivem nas ruas\u201d, ressalta.<\/p>\n<p>Conforme adiantou a secret\u00e1ria, a Sedes deve implementar abrigos de pernoite de forma permanente ainda neste ano para atender a popula\u00e7\u00e3o em situa\u00e7\u00e3o de rua. A pasta j\u00e1 recebeu propostas e o projeto est\u00e1 em fase de sele\u00e7\u00e3o. O servi\u00e7o prev\u00ea a oferta de um espa\u00e7o para receber pessoas que vivem nas ruas durante a noite, oferecendo a elas um local seguro para dormir, fazer as refei\u00e7\u00f5es, higiene pessoal e guardar os pertences.<\/p>\n<p><strong>Agasalho Solid\u00e1rio<\/strong><br \/>\nCobertores, casacos, meias, luvas e gorros podem ser entregues at\u00e9 o dia 17 de julho nas administra\u00e7\u00f5es regionais e nos batalh\u00f5es do Corpo de Bombeiros, bem como nas 12 unidades do Centro de Refer\u00eancia Especializado de Assist\u00eancia Social (Creas), na Rodovi\u00e1ria Interestadual de Bras\u00edlia e nos dois centros Pop, na Asa Sul e em Taguatinga Norte. A Defesa Civil, a PMDF e o Corpo de Bombeiros tamb\u00e9m receber\u00e3o os materiais. A meta para este ano, de recolher 8 mil itens, j\u00e1 foi superada, mas as doa\u00e7\u00f5es ainda podem ser feitas de segunda a sexta-feira, das 8h \u00e0s 18h.<\/p>\n","protected":false},"excerpt":{"rendered":"<p>Preparados para oferecer seguran\u00e7a e acolhimento \u00e0 popula\u00e7\u00e3o em situa\u00e7\u00e3o de rua, os abrigos tempor\u00e1rios criados pelo Governo do Distrito Federal (GDF) realizaram 2.261 acolhimentos. A iniciativa faz parte da campanha A\u00e7\u00e3o contra o Frio e seguir\u00e1 enquanto durarem as baixas temperaturas no DF. Para esta semana, a previs\u00e3o \u00e9 que a temperatura m\u00ednima atinja [&hellip;]<\/p>\n","protected":false},"author":2,"featured_media":332341,"comment_status":"closed","ping_status":"closed","sticky":false,"template":"","format":"standard","meta":{"_acf_changed":false,"footnotes":""},"categories":[161],"tags":[],"class_list":["post-332340","post","type-post","status-publish","format-standard","has-post-thumbnail","hentry","category-quadradinho-em-foco"],"acf":[],"_links":{"self":[{"href":"https:\/\/www.notibras.com\/site\/wp-json\/wp\/v2\/posts\/332340","targetHints":{"allow":["GET"]}}],"collection":[{"href":"https:\/\/www.notibras.com\/site\/wp-json\/wp\/v2\/posts"}],"about":[{"href":"https:\/\/www.notibras.com\/site\/wp-json\/wp\/v2\/types\/post"}],"author":[{"embeddable":true,"href":"https:\/\/www.notibras.com\/site\/wp-json\/wp\/v2\/users\/2"}],"replies":[{"embeddable":true,"href":"https:\/\/www.notibras.com\/site\/wp-json\/wp\/v2\/comments?post=332340"}],"version-history":[{"count":1,"href":"https:\/\/www.notibras.com\/site\/wp-json\/wp\/v2\/posts\/332340\/revisions"}],"predecessor-version":[{"id":332342,"href":"https:\/\/www.notibras.com\/site\/wp-json\/wp\/v2\/posts\/332340\/revisions\/332342"}],"wp:featuredmedia":[{"embeddable":true,"href":"https:\/\/www.notibras.com\/site\/wp-json\/wp\/v2\/media\/332341"}],"wp:attachment":[{"href":"https:\/\/www.notibras.com\/site\/wp-json\/wp\/v2\/media?parent=332340"}],"wp:term":[{"taxonomy":"category","embeddable":true,"href":"https:\/\/www.notibras.com\/site\/wp-json\/wp\/v2\/categories?post=332340"},{"taxonomy":"post_tag","embeddable":true,"href":"https:\/\/www.notibras.com\/site\/wp-json\/wp\/v2\/tags?post=332340"}],"curies":[{"name":"wp","href":"https:\/\/api.w.org\/{rel}","templated":true}]}}