{"id":332385,"date":"2024-07-10T00:00:04","date_gmt":"2024-07-10T03:00:04","guid":{"rendered":"https:\/\/www.notibras.com\/site\/?p=332385"},"modified":"2024-07-10T04:27:11","modified_gmt":"2024-07-10T07:27:11","slug":"trabalhador-terceirizado-morre-apos-sofrer-choque-eletrico","status":"publish","type":"post","link":"https:\/\/www.notibras.com\/site\/trabalhador-terceirizado-morre-apos-sofrer-choque-eletrico\/","title":{"rendered":"Trabalhador terceirizado morre ap\u00f3s sofrer choque el\u00e9trico"},"content":{"rendered":"<p>Um trabalhador terceirizado morreu nesta ter\u00e7a-feira (9) ap\u00f3s sofrer um choque el\u00e9trico enquanto fazia a manuten\u00e7\u00e3o de placas solares na cobertura do Tribunal Superior do Trabalho (TST).<\/p>\n<p>Luiz Souza Barbosa, de 39 anos de idade, teve uma parada card\u00edaca ao receber a descarga el\u00e9trica. O acidente mobilizou quatro viaturas do Corpo de Bombeiros.<\/p>\n<p>Ele foi atendido por uma equipe de salvamento da corpora\u00e7\u00e3o e pelos bombeiros civis que trabalham no tribunal, que prestaram os primeiros socorros e realizaram os procedimentos de reanima\u00e7\u00e3o por cerca de 1 hora. Contudo, o trabalhador n\u00e3o reagiu e morreu no local.<\/p>\n<p>Em nota, o TST lamentou a morte e informou que ele usava os equipamentos de prote\u00e7\u00e3o individual requeridos para manuten\u00e7\u00f5es em redes el\u00e9tricas.<\/p>\n<p>&#8220;O Tribunal Superior do Trabalho lamenta profundamente o ocorrido e est\u00e1 prestando todo apoio e solidariedade \u00e0 fam\u00edlia da v\u00edtima. Reafirma, tamb\u00e9m, o seu compromisso com os mais altos padr\u00f5es de seguran\u00e7a do trabalho e informa que est\u00e1 colaborando com as investiga\u00e7\u00f5es das autoridades policiais&#8221;, disse o tribunal.<\/p>\n<p>O caso ser\u00e1 investigado pela Pol\u00edcia Civil.<\/p>\n","protected":false},"excerpt":{"rendered":"<p>Um trabalhador terceirizado morreu nesta ter\u00e7a-feira (9) ap\u00f3s sofrer um choque el\u00e9trico enquanto fazia a manuten\u00e7\u00e3o de placas solares na cobertura do Tribunal Superior do Trabalho (TST). Luiz Souza Barbosa, de 39 anos de idade, teve uma parada card\u00edaca ao receber a descarga el\u00e9trica. O acidente mobilizou quatro viaturas do Corpo de Bombeiros. Ele foi [&hellip;]<\/p>\n","protected":false},"author":2,"featured_media":332386,"comment_status":"closed","ping_status":"closed","sticky":false,"template":"","format":"standard","meta":{"_acf_changed":false,"footnotes":""},"categories":[161],"tags":[],"class_list":["post-332385","post","type-post","status-publish","format-standard","has-post-thumbnail","hentry","category-quadradinho-em-foco"],"acf":[],"_links":{"self":[{"href":"https:\/\/www.notibras.com\/site\/wp-json\/wp\/v2\/posts\/332385","targetHints":{"allow":["GET"]}}],"collection":[{"href":"https:\/\/www.notibras.com\/site\/wp-json\/wp\/v2\/posts"}],"about":[{"href":"https:\/\/www.notibras.com\/site\/wp-json\/wp\/v2\/types\/post"}],"author":[{"embeddable":true,"href":"https:\/\/www.notibras.com\/site\/wp-json\/wp\/v2\/users\/2"}],"replies":[{"embeddable":true,"href":"https:\/\/www.notibras.com\/site\/wp-json\/wp\/v2\/comments?post=332385"}],"version-history":[{"count":1,"href":"https:\/\/www.notibras.com\/site\/wp-json\/wp\/v2\/posts\/332385\/revisions"}],"predecessor-version":[{"id":332387,"href":"https:\/\/www.notibras.com\/site\/wp-json\/wp\/v2\/posts\/332385\/revisions\/332387"}],"wp:featuredmedia":[{"embeddable":true,"href":"https:\/\/www.notibras.com\/site\/wp-json\/wp\/v2\/media\/332386"}],"wp:attachment":[{"href":"https:\/\/www.notibras.com\/site\/wp-json\/wp\/v2\/media?parent=332385"}],"wp:term":[{"taxonomy":"category","embeddable":true,"href":"https:\/\/www.notibras.com\/site\/wp-json\/wp\/v2\/categories?post=332385"},{"taxonomy":"post_tag","embeddable":true,"href":"https:\/\/www.notibras.com\/site\/wp-json\/wp\/v2\/tags?post=332385"}],"curies":[{"name":"wp","href":"https:\/\/api.w.org\/{rel}","templated":true}]}}