{"id":332405,"date":"2024-07-10T05:15:12","date_gmt":"2024-07-10T08:15:12","guid":{"rendered":"https:\/\/www.notibras.com\/site\/?p=332405"},"modified":"2024-07-10T05:23:00","modified_gmt":"2024-07-10T08:23:00","slug":"geraldao-cintura-de-sapo-pega-caloteiro-a-unha","status":"publish","type":"post","link":"https:\/\/www.notibras.com\/site\/geraldao-cintura-de-sapo-pega-caloteiro-a-unha\/","title":{"rendered":"Gerald\u00e3o, cintura de sapo, pega caloteiro a unha"},"content":{"rendered":"<p>Gerald\u00e3o n\u00e3o perdoava nem os parcos fios de cabelos brancos do seu av\u00f4, cuja generosa careca necessitava de um chap\u00e9u de palha para n\u00e3o queimar a c\u00fatis sens\u00edvel. E se o homem n\u00e3o demonstrava compaix\u00e3o com o ascendente, imagina o que n\u00e3o fazia com os demais infelizes que se atreviam a cruzar seu caminho.<\/p>\n<p>O homem, que fazia alguns bicos de seguran\u00e7a em boates e na mais afamada casa inapropriada de uma Regi\u00e3o Administrativa do Distrito Federal, cuspia marimbondos por qualquer besteira. E nem adiantava fazer reclama\u00e7\u00e3o na ger\u00eancia, pois a pol\u00edcia recebia o devido quinh\u00e3o. Al\u00e9m do mais, Gerald\u00e3o andava de caso com dona Dirce, propriet\u00e1ria da tal casa da luz vermelha, que era frequentada at\u00e9 por gente poderosa.<\/p>\n<p>Se nas boates os frequentadores costumavam se exceder por conta de bebida; no lupanar, de vez em quando, aparecia um caloteiro. E foi justamente o que aconteceu naquela noite de s\u00e1bado, quando um rapazola contratou os servi\u00e7os da doce Judite. Ali\u00e1s, n\u00e3o s\u00f3 contratou, mas usufruiu e, como menino diante de pote de mel, lambuzou-se todo.<\/p>\n<p>Marcolino, o tal rapaz, era conhecido por ser o ca\u00e7ula do seu Francisco, rico fazendeiro. J\u00e1 deu para perceber que ao fregu\u00eas n\u00e3o faltava dinheiro, mas \u00e2nimo para pagar pelo trato. Ele, todavia, alegava que faltava a Judite cumprir algo do acordo, o que a profissional negava veemente. E, para resolver a contenda, dona Dirce foi chamada.<\/p>\n<p>\u2014 N\u00e3o pago!<\/p>\n<p>\u2014 Marcolino, conhe\u00e7o seu pai desde bem antes de voc\u00ea nascer. Ent\u00e3o, voc\u00ea paga!<\/p>\n<p>\u2014 N\u00e3o pago!<\/p>\n<p>\u2014 Olha, t\u00e1 vendo aquele guarda-roupa ali no canto?<\/p>\n<p>\u2014 Hum!<\/p>\n<p>\u2014 Pois bem, ele se chama Gerald\u00e3o.<\/p>\n<p>\u2014 E da\u00ed?<\/p>\n<p>\u2014 Ou voc\u00ea paga o que deve ou, ent\u00e3o, ele vai ter uma conversinha com voc\u00ea.<\/p>\n<p>\u2014 N\u00e3o pago!<\/p>\n<p>O que aconteceu em seguida, ningu\u00e9m sabe ao certo. Todavia, parece que a Judite recebeu seu quinh\u00e3o. Quanto ao Marcolino, desde a tal conversa que teve com o Gerald\u00e3o, s\u00f3 paga adiantado. \u00c9 que o namorado da dona Dirce \u00e9 mais grosso que cintura de sapo.<\/p>\n<p><strong>*Eduardo Mart\u00ednez \u00e9 autor do livro \u201c57 Contos e Cr\u00f4nicas por um Autor muito Velho\u201d.<\/strong><\/p>\n<p>Compre aqui\u00a0<span class=\"x19la9d6 x1fc57z9 x6ikm8r x10wlt62 x19co3pv x1g5zs5t xfibh0p xiy17q3 x1xsqp64 x1lkfr7t xexx8yu x4uap5 x18d9i69 xkhd6sd\"><span class=\"xrtxmta x1bhl96m\"><img decoding=\"async\" class=\"emoji\" role=\"img\" draggable=\"false\" src=\"https:\/\/s.w.org\/images\/core\/emoji\/14.0.0\/svg\/1f447-1f3ff.svg\" alt=\"&#x1f447;&#x1f3ff;\" \/><\/span><\/span><span class=\"x19la9d6 x1fc57z9 x6ikm8r x10wlt62 x19co3pv x1g5zs5t xfibh0p xiy17q3 x1xsqp64 x1lkfr7t xexx8yu x4uap5 x18d9i69 xkhd6sd\"><span class=\"xrtxmta x1bhl96m\"><img decoding=\"async\" class=\"emoji\" role=\"img\" draggable=\"false\" src=\"https:\/\/s.w.org\/images\/core\/emoji\/14.0.0\/svg\/1f447-1f3ff.svg\" alt=\"&#x1f447;&#x1f3ff;\" \/><\/span><\/span><span class=\"x19la9d6 x1fc57z9 x6ikm8r x10wlt62 x19co3pv x1g5zs5t xfibh0p xiy17q3 x1xsqp64 x1lkfr7t xexx8yu x4uap5 x18d9i69 xkhd6sd\"><span class=\"xrtxmta x1bhl96m\"><img decoding=\"async\" class=\"emoji\" role=\"img\" draggable=\"false\" src=\"https:\/\/s.w.org\/images\/core\/emoji\/14.0.0\/svg\/1f447-1f3ff.svg\" alt=\"&#x1f447;&#x1f3ff;\" \/><\/span><\/span><\/p>\n<p><a href=\"http:\/\/www.joanineditora.com.br\/57-contos-e-cronicas-por-um-autor-muito-velho\">http:\/\/www.joanineditora.com.br\/57-contos-e-cronicas-por-um-autor-muito-velho<\/a><\/p>\n<div id=\"wpdevar_comment_4\"><\/div>\n","protected":false},"excerpt":{"rendered":"<p>Gerald\u00e3o n\u00e3o perdoava nem os parcos fios de cabelos brancos do seu av\u00f4, cuja generosa careca necessitava de um chap\u00e9u de palha para n\u00e3o queimar a c\u00fatis sens\u00edvel. E se o homem n\u00e3o demonstrava compaix\u00e3o com o ascendente, imagina o que n\u00e3o fazia com os demais infelizes que se atreviam a cruzar seu caminho. O [&hellip;]<\/p>\n","protected":false},"author":2,"featured_media":332406,"comment_status":"closed","ping_status":"closed","sticky":false,"template":"","format":"standard","meta":{"_acf_changed":false,"footnotes":""},"categories":[161],"tags":[],"class_list":["post-332405","post","type-post","status-publish","format-standard","has-post-thumbnail","hentry","category-quadradinho-em-foco"],"acf":[],"_links":{"self":[{"href":"https:\/\/www.notibras.com\/site\/wp-json\/wp\/v2\/posts\/332405","targetHints":{"allow":["GET"]}}],"collection":[{"href":"https:\/\/www.notibras.com\/site\/wp-json\/wp\/v2\/posts"}],"about":[{"href":"https:\/\/www.notibras.com\/site\/wp-json\/wp\/v2\/types\/post"}],"author":[{"embeddable":true,"href":"https:\/\/www.notibras.com\/site\/wp-json\/wp\/v2\/users\/2"}],"replies":[{"embeddable":true,"href":"https:\/\/www.notibras.com\/site\/wp-json\/wp\/v2\/comments?post=332405"}],"version-history":[{"count":2,"href":"https:\/\/www.notibras.com\/site\/wp-json\/wp\/v2\/posts\/332405\/revisions"}],"predecessor-version":[{"id":332408,"href":"https:\/\/www.notibras.com\/site\/wp-json\/wp\/v2\/posts\/332405\/revisions\/332408"}],"wp:featuredmedia":[{"embeddable":true,"href":"https:\/\/www.notibras.com\/site\/wp-json\/wp\/v2\/media\/332406"}],"wp:attachment":[{"href":"https:\/\/www.notibras.com\/site\/wp-json\/wp\/v2\/media?parent=332405"}],"wp:term":[{"taxonomy":"category","embeddable":true,"href":"https:\/\/www.notibras.com\/site\/wp-json\/wp\/v2\/categories?post=332405"},{"taxonomy":"post_tag","embeddable":true,"href":"https:\/\/www.notibras.com\/site\/wp-json\/wp\/v2\/tags?post=332405"}],"curies":[{"name":"wp","href":"https:\/\/api.w.org\/{rel}","templated":true}]}}