{"id":332505,"date":"2024-07-12T09:09:25","date_gmt":"2024-07-12T12:09:25","guid":{"rendered":"https:\/\/www.notibras.com\/site\/?p=332505"},"modified":"2024-07-12T09:23:06","modified_gmt":"2024-07-12T12:23:06","slug":"ninguem-esquece-do-mogli-e-bate-uma-saudade","status":"publish","type":"post","link":"https:\/\/www.notibras.com\/site\/ninguem-esquece-do-mogli-e-bate-uma-saudade\/","title":{"rendered":"Ningu\u00e9m esquece do Mogli, e bate uma saudade&#8230;"},"content":{"rendered":"<p>A revista do Mogli, o Menino Lobo<br \/>\nEduardo Mart\u00ednez<\/p>\n<p>Sou idosa e n\u00e3o gosto muito de ler em celulares, computadores ou kindle, apesar de imaginar que, talvez, este \u00faltimo seja interessante. \u00c9 que percebo nos olhos da minha neta um fasc\u00ednio por esse tipo de aparelho, que parece querer se equiparar \u00e0 antiga biblioteca que fez parte da minha inf\u00e2ncia.<\/p>\n<p>Bons tempos, eu posso afirmar, quando era poss\u00edvel tatear e passar as p\u00e1ginas de um livro, alguma revista ou o jornal que papai me pedia para comprar todos os dias na banca do Vicente, que ficava logo ali na esquina. N\u00e3o que hoje ainda n\u00e3o possamos sentir o inebriante cheiro do papel, mas creio que, talvez em alguma gera\u00e7\u00e3o n\u00e3o muito distante, isso ser\u00e1 apenas pe\u00e7a de museu.<\/p>\n<p>Saudosismo que aflora, quero contar algo que me aconteceu nos meus ent\u00e3o oito ou nove anos. Era domingo, pois a garotada estava toda reunida na rua. Papai, como de costume, me deu dinheiro para comprar o jornal. E l\u00e1 fui eu quase correndo, pois queria ir logo brincar com meus amigos.<\/p>\n<p>O Vicente, mal me olhou, pegou o jornal do meu pai e me entregou. No entanto, percebi algo que me encantou. Era uma revista do tamanho de revista de adulto, bem maior do que os gibis. Meus olhos devem ter brilhado, pois o dono da banca apontou para um exemplar.<\/p>\n<p>\u2014 Joaquina, chegou a revista em quadrinhos do Mogli, o Menino Lobo.<\/p>\n<p>Nem lembro se falei alguma coisa, sa\u00ed correndo para casa, onde encontrei papai sentado na poltrona da sala. Ele me perguntou se eu havia me deparado com o Bicho-Pap\u00e3o. S\u00f3 sei que, esbaforida, me postei diante do meu pai.<\/p>\n<p>\u2014 Mogli.<\/p>\n<p>\u2014 Quem?<\/p>\n<p>\u2014 Mogli, o Menino Lobo!<\/p>\n<p>Contei sobre a tal revista, e meu pai me pegou no colo e me deu um beijo na bochecha.<\/p>\n<p>\u2014 Vamos l\u00e1 no Vicente, que tamb\u00e9m quero ler essa revista desse guri que vive com os lobos.<\/p>\n<p>Daquele dia at\u00e9 completar uns 12 anos, viajei muito pelas p\u00e1ginas maravilhosamente desenhadas. Cada detalhe me encantava e, n\u00e3o raro, percebia algo que havia passado em branco. De t\u00e3o manuseada, as folhas foram ficando mais finas, um rasgo aqui, outro ali, mas nada que uma boa fita durex n\u00e3o resolvesse. Isso at\u00e9 que a guardei no fundo do arm\u00e1rio e nunca mais a folheei.<\/p>\n<p>Pouco tempo depois de terminar a faculdade, procurei minha t\u00e3o amada revista. N\u00e3o sei se aconteceu em uma das mudan\u00e7as ou se foi por conta de alguma faxina. Ela sumiu. Nunca mais a encontrei.<\/p>\n<p>O tempo, desde ent\u00e3o, parece ter voado. Comecei a trabalhar, conheci meu futuro marido, com quem me casei alguns anos ap\u00f3s. Vieram os filhos e, h\u00e1 alguns anos, nasceu a Evelina, minha neta. N\u00e3o sei o que me deu hoje, mas bateu uma saudade t\u00e3o grande da minha revista do Mogli.<\/p>\n<p><strong>*Eduardo Mart\u00ednez \u00e9 autor do livro \u201c57 Contos e Cr\u00f4nicas por um Autor muito Velho\u201d.<\/strong><\/p>\n<p>Compre aqui\u00a0<span class=\"x19la9d6 x1fc57z9 x6ikm8r x10wlt62 x19co3pv x1g5zs5t xfibh0p xiy17q3 x1xsqp64 x1lkfr7t xexx8yu x4uap5 x18d9i69 xkhd6sd\"><span class=\"xrtxmta x1bhl96m\"><img decoding=\"async\" class=\"emoji\" role=\"img\" draggable=\"false\" src=\"https:\/\/s.w.org\/images\/core\/emoji\/14.0.0\/svg\/1f447-1f3ff.svg\" alt=\"&#x1f447;&#x1f3ff;\" \/><\/span><\/span><span class=\"x19la9d6 x1fc57z9 x6ikm8r x10wlt62 x19co3pv x1g5zs5t xfibh0p xiy17q3 x1xsqp64 x1lkfr7t xexx8yu x4uap5 x18d9i69 xkhd6sd\"><span class=\"xrtxmta x1bhl96m\"><img decoding=\"async\" class=\"emoji\" role=\"img\" draggable=\"false\" src=\"https:\/\/s.w.org\/images\/core\/emoji\/14.0.0\/svg\/1f447-1f3ff.svg\" alt=\"&#x1f447;&#x1f3ff;\" \/><\/span><\/span><span class=\"x19la9d6 x1fc57z9 x6ikm8r x10wlt62 x19co3pv x1g5zs5t xfibh0p xiy17q3 x1xsqp64 x1lkfr7t xexx8yu x4uap5 x18d9i69 xkhd6sd\"><span class=\"xrtxmta x1bhl96m\"><img decoding=\"async\" class=\"emoji\" role=\"img\" draggable=\"false\" src=\"https:\/\/s.w.org\/images\/core\/emoji\/14.0.0\/svg\/1f447-1f3ff.svg\" alt=\"&#x1f447;&#x1f3ff;\" \/><\/span><\/span><\/p>\n<p><a href=\"http:\/\/www.joanineditora.com.br\/57-contos-e-cronicas-por-um-autor-muito-velho\">http:\/\/www.joanineditora.com.br\/57-contos-e-cronicas-por-um-autor-muito-velho<\/a><\/p>\n","protected":false},"excerpt":{"rendered":"<p>A revista do Mogli, o Menino Lobo Eduardo Mart\u00ednez Sou idosa e n\u00e3o gosto muito de ler em celulares, computadores ou kindle, apesar de imaginar que, talvez, este \u00faltimo seja interessante. \u00c9 que percebo nos olhos da minha neta um fasc\u00ednio por esse tipo de aparelho, que parece querer se equiparar \u00e0 antiga biblioteca que [&hellip;]<\/p>\n","protected":false},"author":2,"featured_media":332506,"comment_status":"closed","ping_status":"closed","sticky":false,"template":"","format":"standard","meta":{"_acf_changed":false,"footnotes":""},"categories":[161],"tags":[],"class_list":["post-332505","post","type-post","status-publish","format-standard","has-post-thumbnail","hentry","category-quadradinho-em-foco"],"acf":[],"_links":{"self":[{"href":"https:\/\/www.notibras.com\/site\/wp-json\/wp\/v2\/posts\/332505","targetHints":{"allow":["GET"]}}],"collection":[{"href":"https:\/\/www.notibras.com\/site\/wp-json\/wp\/v2\/posts"}],"about":[{"href":"https:\/\/www.notibras.com\/site\/wp-json\/wp\/v2\/types\/post"}],"author":[{"embeddable":true,"href":"https:\/\/www.notibras.com\/site\/wp-json\/wp\/v2\/users\/2"}],"replies":[{"embeddable":true,"href":"https:\/\/www.notibras.com\/site\/wp-json\/wp\/v2\/comments?post=332505"}],"version-history":[{"count":2,"href":"https:\/\/www.notibras.com\/site\/wp-json\/wp\/v2\/posts\/332505\/revisions"}],"predecessor-version":[{"id":332511,"href":"https:\/\/www.notibras.com\/site\/wp-json\/wp\/v2\/posts\/332505\/revisions\/332511"}],"wp:featuredmedia":[{"embeddable":true,"href":"https:\/\/www.notibras.com\/site\/wp-json\/wp\/v2\/media\/332506"}],"wp:attachment":[{"href":"https:\/\/www.notibras.com\/site\/wp-json\/wp\/v2\/media?parent=332505"}],"wp:term":[{"taxonomy":"category","embeddable":true,"href":"https:\/\/www.notibras.com\/site\/wp-json\/wp\/v2\/categories?post=332505"},{"taxonomy":"post_tag","embeddable":true,"href":"https:\/\/www.notibras.com\/site\/wp-json\/wp\/v2\/tags?post=332505"}],"curies":[{"name":"wp","href":"https:\/\/api.w.org\/{rel}","templated":true}]}}