{"id":332514,"date":"2024-07-12T22:00:48","date_gmt":"2024-07-13T01:00:48","guid":{"rendered":"https:\/\/www.notibras.com\/site\/?p=332514"},"modified":"2024-07-13T06:38:43","modified_gmt":"2024-07-13T09:38:43","slug":"linha-do-zebrinha-tera-trajeto-ampliado-a-partir-de-segunda-feira","status":"publish","type":"post","link":"https:\/\/www.notibras.com\/site\/linha-do-zebrinha-tera-trajeto-ampliado-a-partir-de-segunda-feira\/","title":{"rendered":"Linha do Zebrinha ter\u00e1 trajeto ampliado a partir de segunda-feira"},"content":{"rendered":"<p>A linha de \u00f4nibus 0.008, do Zebrinha, vai ter o trajeto ampliado a partir desta segunda-feira (15). O servi\u00e7o, que circula em \u00c1guas Claras, vai se estender at\u00e9 o Taguatinga Shopping, passando tamb\u00e9m pelo Condom\u00ednio Pen\u00ednsula, na Avenida Arauc\u00e1rias.<\/p>\n<p>A Secretaria de Transporte e Mobilidade (Semob) tamb\u00e9m vai alterar a tabela hor\u00e1ria da linha, remanejando os hor\u00e1rios das viagens a fim de otimizar o servi\u00e7o prestado aos passageiros.<\/p>\n<p>A 0.008 conta com dois mini\u00f4nibus, cuja tarifa \u00e9 R$ 2,70. S\u00e3o 28 viagens por dia, de segunda a sexta-feira, e o ponto de origem \u00e9 em frente \u00e0 Administra\u00e7\u00e3o Regional de \u00c1guas Claras.<\/p>\n<p>Os usu\u00e1rios do servi\u00e7o podem fazer integra\u00e7\u00e3o com o Metr\u00f4 ou com as demais linhas de \u00f4nibus que passam por \u00c1guas Claras a partir dos principais pontos, localizados nas avenidas Castanheiras e Arauc\u00e1rias.<\/p>\n<p><strong>Servi\u00e7o<\/strong><br \/>\nLinha de \u00f4nibus 0.008, do Zebrinha<br \/>\n\u2013 Novos hor\u00e1rios a partir desta segunda (15): 6h, 6h35, 7h10, 7h45, 8h20, 8h55, 9h30, 10h05, 10h40, 11h15, 11h50, 12h25, 13h, 13h35, 14h10, 14h45, 15h20, 15h55, 16h30, 17h05, 17h40, 18h15, 18h50, 19h25, 20h, 20h35, 21h10 e 21h45.<\/p>\n","protected":false},"excerpt":{"rendered":"<p>A linha de \u00f4nibus 0.008, do Zebrinha, vai ter o trajeto ampliado a partir desta segunda-feira (15). O servi\u00e7o, que circula em \u00c1guas Claras, vai se estender at\u00e9 o Taguatinga Shopping, passando tamb\u00e9m pelo Condom\u00ednio Pen\u00ednsula, na Avenida Arauc\u00e1rias. A Secretaria de Transporte e Mobilidade (Semob) tamb\u00e9m vai alterar a tabela hor\u00e1ria da linha, remanejando [&hellip;]<\/p>\n","protected":false},"author":2,"featured_media":332515,"comment_status":"closed","ping_status":"closed","sticky":false,"template":"","format":"standard","meta":{"_acf_changed":false,"footnotes":""},"categories":[161],"tags":[],"class_list":["post-332514","post","type-post","status-publish","format-standard","has-post-thumbnail","hentry","category-quadradinho-em-foco"],"acf":[],"_links":{"self":[{"href":"https:\/\/www.notibras.com\/site\/wp-json\/wp\/v2\/posts\/332514","targetHints":{"allow":["GET"]}}],"collection":[{"href":"https:\/\/www.notibras.com\/site\/wp-json\/wp\/v2\/posts"}],"about":[{"href":"https:\/\/www.notibras.com\/site\/wp-json\/wp\/v2\/types\/post"}],"author":[{"embeddable":true,"href":"https:\/\/www.notibras.com\/site\/wp-json\/wp\/v2\/users\/2"}],"replies":[{"embeddable":true,"href":"https:\/\/www.notibras.com\/site\/wp-json\/wp\/v2\/comments?post=332514"}],"version-history":[{"count":1,"href":"https:\/\/www.notibras.com\/site\/wp-json\/wp\/v2\/posts\/332514\/revisions"}],"predecessor-version":[{"id":332516,"href":"https:\/\/www.notibras.com\/site\/wp-json\/wp\/v2\/posts\/332514\/revisions\/332516"}],"wp:featuredmedia":[{"embeddable":true,"href":"https:\/\/www.notibras.com\/site\/wp-json\/wp\/v2\/media\/332515"}],"wp:attachment":[{"href":"https:\/\/www.notibras.com\/site\/wp-json\/wp\/v2\/media?parent=332514"}],"wp:term":[{"taxonomy":"category","embeddable":true,"href":"https:\/\/www.notibras.com\/site\/wp-json\/wp\/v2\/categories?post=332514"},{"taxonomy":"post_tag","embeddable":true,"href":"https:\/\/www.notibras.com\/site\/wp-json\/wp\/v2\/tags?post=332514"}],"curies":[{"name":"wp","href":"https:\/\/api.w.org\/{rel}","templated":true}]}}