{"id":332554,"date":"2024-07-13T00:40:57","date_gmt":"2024-07-13T03:40:57","guid":{"rendered":"https:\/\/www.notibras.com\/site\/?p=332554"},"modified":"2024-07-13T06:43:11","modified_gmt":"2024-07-13T09:43:11","slug":"tribunal-manda-governo-comprar-remedios-para-combater-cancer","status":"publish","type":"post","link":"https:\/\/www.notibras.com\/site\/tribunal-manda-governo-comprar-remedios-para-combater-cancer\/","title":{"rendered":"Tribunal manda governo comprar rem\u00e9dios para combater c\u00e2ncer"},"content":{"rendered":"<p>O Tribunal de Contas do Distrito Federal (TCDF) determinou que o Instituto de Gest\u00e3o Estrat\u00e9gica de Sa\u00fade do DF (Iges\/DF) adote provid\u00eancias urgentes para sanar a falta de medicamentos voltados ao tratamento de pacientes com c\u00e2ncer.<\/p>\n<p>O TCDF deu um prazo de 30 dias para que o Iges\/DF resolva a quest\u00e3o da escassez de rem\u00e9dios quimioter\u00e1picos em toda a rede sob sua gest\u00e3o. A decis\u00e3o tamb\u00e9m determina que o instituto apresente, no mesmo prazo, um relat\u00f3rio detalhando a quantidade de m\u00e9dicos radiologistas lotados no Hospital de Base do Distrito Federal (HBDF) e a produtividade mensal do servi\u00e7o de radiologia nos \u00faltimos cinco anos.<\/p>\n<p>Outra medida determinada pela Corte \u00e9 a aquisi\u00e7\u00e3o de um acelerador linear, que \u00e9 um equipamento de alta tecnologia usado na radioterapia, outro tipo de tratamento contra o c\u00e2ncer. Essa m\u00e1quina emite uma radia\u00e7\u00e3o direcionada \u00e0 \u00e1rea onde est\u00e1 localizado o tumor do paciente.<\/p>\n<p>Ao analisar os servi\u00e7os prestados pelo Iges\/DF aos pacientes com c\u00e2ncer, o TCDF constatou o desabastecimento de 9,36% dos insumos preconizados, o que pode comprometer a presta\u00e7\u00e3o do servi\u00e7o de sa\u00fade \u00e0 popula\u00e7\u00e3o. A Corte ainda identificou a inefic\u00e1cia dos controles de estoques.<\/p>\n<p>De acordo com o voto do relator do processo 00600-00005660-2020-61-e, ao analisar o site da transpar\u00eancia do Iges\/DF, &#8220;verificou-se que o referido portal n\u00e3o apresenta dados importantes, como a quantidade de itens em estoque, a validade ou a previs\u00e3o de cobertura em dias, informando apenas &#8216;com estoque&#8217; ou &#8216;sem estoque'&#8221;. Por esse motivo, a Corte tamb\u00e9m determinou que o instituto apresente, na internet, informa\u00e7\u00f5es efetivamente relevantes \u00e0 sociedade, como o quantitativo de itens dispon\u00edveis, a validade dos itens e\/ou a cobertura em dias do estoque.<\/p>\n<p>Essa fiscaliza\u00e7\u00e3o realizada pelo Tribunal apurou impropriedades apontadas na representa\u00e7\u00e3o n\u00ba 59\/2020-CF do Minist\u00e9rio P\u00fablico de Contas (MPC-DF). No documento, o MPC questionou a suposta baixa produ\u00e7\u00e3o dos atendimentos feitos aos pacientes com a doen\u00e7a, o que poderia resultar em perda de recursos federais, al\u00e9m de problemas com falta de equipamentos para tratamento de c\u00e2ncer.<\/p>\n","protected":false},"excerpt":{"rendered":"<p>O Tribunal de Contas do Distrito Federal (TCDF) determinou que o Instituto de Gest\u00e3o Estrat\u00e9gica de Sa\u00fade do DF (Iges\/DF) adote provid\u00eancias urgentes para sanar a falta de medicamentos voltados ao tratamento de pacientes com c\u00e2ncer. O TCDF deu um prazo de 30 dias para que o Iges\/DF resolva a quest\u00e3o da escassez de rem\u00e9dios [&hellip;]<\/p>\n","protected":false},"author":2,"featured_media":200398,"comment_status":"closed","ping_status":"closed","sticky":false,"template":"","format":"standard","meta":{"_acf_changed":false,"footnotes":""},"categories":[161],"tags":[],"class_list":["post-332554","post","type-post","status-publish","format-standard","has-post-thumbnail","hentry","category-quadradinho-em-foco"],"acf":[],"_links":{"self":[{"href":"https:\/\/www.notibras.com\/site\/wp-json\/wp\/v2\/posts\/332554","targetHints":{"allow":["GET"]}}],"collection":[{"href":"https:\/\/www.notibras.com\/site\/wp-json\/wp\/v2\/posts"}],"about":[{"href":"https:\/\/www.notibras.com\/site\/wp-json\/wp\/v2\/types\/post"}],"author":[{"embeddable":true,"href":"https:\/\/www.notibras.com\/site\/wp-json\/wp\/v2\/users\/2"}],"replies":[{"embeddable":true,"href":"https:\/\/www.notibras.com\/site\/wp-json\/wp\/v2\/comments?post=332554"}],"version-history":[{"count":1,"href":"https:\/\/www.notibras.com\/site\/wp-json\/wp\/v2\/posts\/332554\/revisions"}],"predecessor-version":[{"id":332555,"href":"https:\/\/www.notibras.com\/site\/wp-json\/wp\/v2\/posts\/332554\/revisions\/332555"}],"wp:featuredmedia":[{"embeddable":true,"href":"https:\/\/www.notibras.com\/site\/wp-json\/wp\/v2\/media\/200398"}],"wp:attachment":[{"href":"https:\/\/www.notibras.com\/site\/wp-json\/wp\/v2\/media?parent=332554"}],"wp:term":[{"taxonomy":"category","embeddable":true,"href":"https:\/\/www.notibras.com\/site\/wp-json\/wp\/v2\/categories?post=332554"},{"taxonomy":"post_tag","embeddable":true,"href":"https:\/\/www.notibras.com\/site\/wp-json\/wp\/v2\/tags?post=332554"}],"curies":[{"name":"wp","href":"https:\/\/api.w.org\/{rel}","templated":true}]}}