{"id":332636,"date":"2024-07-15T11:48:51","date_gmt":"2024-07-15T14:48:51","guid":{"rendered":"https:\/\/www.notibras.com\/site\/?p=332636"},"modified":"2024-07-15T11:58:54","modified_gmt":"2024-07-15T14:58:54","slug":"jr-bebe-vinho-amargo-mino-sorri-e-mostra-como-vencer-o-rubicao","status":"publish","type":"post","link":"https:\/\/www.notibras.com\/site\/jr-bebe-vinho-amargo-mino-sorri-e-mostra-como-vencer-o-rubicao\/","title":{"rendered":"Jr bebe vinho amargo, Mino sorri e mostra como vencer o Rubic\u00e3o"},"content":{"rendered":"<p>Mino Pedrosa acaba de manter, mais uma vez, seu nome,\u00a0 sua credibilidade, seus dedos e as medalhas que ganhou ao longo de uma vitoriosa carreira profissional. J\u00e1 Jr, que intempestivamente decidiu tentar desacreditar o premiado rep\u00f3rter com uma queixa-crime no Tribunal de Justi\u00e7a do Distrito Federal, viu escorrer por entre os dedos, como vinho amargo, a ideia de embolsar 40 mil reais que fantasiou ter direito por perdas e danos morais.<\/p>\n<p>A decis\u00e3o do Poder Judici\u00e1rio foi tornada p\u00fablica nesta segunda, 15. Prevaleceu a liberdade de Imprensa contra um pseudo-verdugo que pensa fazer da Ordem dos Advogados do Brasil, se\u00e7\u00e3o capital da Rep\u00fablica, um Rubic\u00e3o intranspon\u00edvel. Jr nadou e morreu \u00e0s margens do hist\u00f3rico riacho. A defesa de Mino soube agir dentro das quatro linhas. E o filho do velho D\u00e9lio n\u00e3o s\u00f3 perdeu um p\u00eanalti sem goleiro sob o travess\u00e3o, como aprendeu mais uma li\u00e7\u00e3o.<\/p>\n<p>Verdade seja dita. A liberdade de imprensa \u00e9 um dos pilares fundamentais de uma sociedade democr\u00e1tica, garantindo que a popula\u00e7\u00e3o tenha acesso a informa\u00e7\u00f5es diversas e imparciais. Sem esse direito, o poder de informar e ser informado seria restrito, comprometendo o pleno exerc\u00edcio da cidadania e a fiscaliza\u00e7\u00e3o dos poderes constitu\u00eddos.<\/p>\n<p>O emblem\u00e1tico caso Jr x Mino ilustrou a import\u00e2ncia desse princ\u00edpio ao longo de quase dois anos. A justi\u00e7a negou uma queixa-crime por perdas e danos morais movida pelo presidente da OAB contra o jornalista. O lit\u00edgio teve origem em publica\u00e7\u00f5es que o presidente da OAB considerou ofensivas e prejudiciais \u00e0 sua honra. Contudo, a decis\u00e3o judicial ressaltou a necessidade de proteger o direito dos jornalistas de informar, mesmo quando isso implica cr\u00edticas a figuras p\u00fablicas.<\/p>\n<p>Este julgamento reafirma a ideia de que a liberdade de imprensa n\u00e3o \u00e9 apenas um direito dos jornalistas, mas um direito de toda a sociedade. \u00c9 por meio da imprensa livre que esc\u00e2ndalos s\u00e3o desvendados, que os abusos de poder s\u00e3o denunciados e que os cidad\u00e3os podem formar suas opini\u00f5es com base em uma ampla gama de informa\u00e7\u00f5es e perspectivas.<\/p>\n<p>\u00c9 importante destacar, contudo, que a liberdade de imprensa deve ser exercida com responsabilidade. E isso Mino faz com maestria. Jornalistas t\u00eam o dever de apurar os fatos com rigor e de publicar informa\u00e7\u00f5es precisas e verificadas. No entanto, a exist\u00eancia de mecanismos legais para punir eventuais abusos n\u00e3o deve se transformar em uma ferramenta de censura ou intimida\u00e7\u00e3o.<\/p>\n<p>A decis\u00e3o judicial envia uma mensagem clara de que a cr\u00edtica e o escrut\u00ednio p\u00fablico s\u00e3o parte essencial do processo democr\u00e1tico. Ao proteger o direito de informar, a justi\u00e7a refor\u00e7a a ideia de que a transpar\u00eancia e a <em>accountability<\/em> s\u00e3o indispens\u00e1veis para a constru\u00e7\u00e3o de uma sociedade justa e democr\u00e1tica.<\/p>\n<p>Jr precisa entender de uma vez por todas que a liberdade de imprensa deve ser constantemente defendida e aprimorada. Em um mundo onde a desinforma\u00e7\u00e3o se espalha com facilidade e onde interesses poderosos frequentemente tentam controlar a narrativa, uma imprensa livre e independente \u00e9 mais crucial do que nunca. Esta \u00e9 a ess\u00eancia da democracia: um ambiente onde as vozes podem ser ouvidas, os poderosos podem ser questionados e a verdade pode e deve prevalecer.<\/p>\n","protected":false},"excerpt":{"rendered":"<p>Mino Pedrosa acaba de manter, mais uma vez, seu nome,\u00a0 sua credibilidade, seus dedos e as medalhas que ganhou ao longo de uma vitoriosa carreira profissional. J\u00e1 Jr, que intempestivamente decidiu tentar desacreditar o premiado rep\u00f3rter com uma queixa-crime no Tribunal de Justi\u00e7a do Distrito Federal, viu escorrer por entre os dedos, como vinho amargo, [&hellip;]<\/p>\n","protected":false},"author":2,"featured_media":332638,"comment_status":"closed","ping_status":"closed","sticky":false,"template":"","format":"standard","meta":{"_acf_changed":false,"footnotes":""},"categories":[161],"tags":[95],"class_list":["post-332636","post","type-post","status-publish","format-standard","has-post-thumbnail","hentry","category-quadradinho-em-foco","tag-capa"],"acf":[],"_links":{"self":[{"href":"https:\/\/www.notibras.com\/site\/wp-json\/wp\/v2\/posts\/332636","targetHints":{"allow":["GET"]}}],"collection":[{"href":"https:\/\/www.notibras.com\/site\/wp-json\/wp\/v2\/posts"}],"about":[{"href":"https:\/\/www.notibras.com\/site\/wp-json\/wp\/v2\/types\/post"}],"author":[{"embeddable":true,"href":"https:\/\/www.notibras.com\/site\/wp-json\/wp\/v2\/users\/2"}],"replies":[{"embeddable":true,"href":"https:\/\/www.notibras.com\/site\/wp-json\/wp\/v2\/comments?post=332636"}],"version-history":[{"count":2,"href":"https:\/\/www.notibras.com\/site\/wp-json\/wp\/v2\/posts\/332636\/revisions"}],"predecessor-version":[{"id":332640,"href":"https:\/\/www.notibras.com\/site\/wp-json\/wp\/v2\/posts\/332636\/revisions\/332640"}],"wp:featuredmedia":[{"embeddable":true,"href":"https:\/\/www.notibras.com\/site\/wp-json\/wp\/v2\/media\/332638"}],"wp:attachment":[{"href":"https:\/\/www.notibras.com\/site\/wp-json\/wp\/v2\/media?parent=332636"}],"wp:term":[{"taxonomy":"category","embeddable":true,"href":"https:\/\/www.notibras.com\/site\/wp-json\/wp\/v2\/categories?post=332636"},{"taxonomy":"post_tag","embeddable":true,"href":"https:\/\/www.notibras.com\/site\/wp-json\/wp\/v2\/tags?post=332636"}],"curies":[{"name":"wp","href":"https:\/\/api.w.org\/{rel}","templated":true}]}}