{"id":332648,"date":"2024-07-16T01:39:48","date_gmt":"2024-07-16T04:39:48","guid":{"rendered":"https:\/\/www.notibras.com\/site\/?p=332648"},"modified":"2024-07-16T09:49:55","modified_gmt":"2024-07-16T12:49:55","slug":"vivemos-arraia-politico-digno-para-esquentar-o-frio-do-mes-de-julho","status":"publish","type":"post","link":"https:\/\/www.notibras.com\/site\/vivemos-arraia-politico-digno-para-esquentar-o-frio-do-mes-de-julho\/","title":{"rendered":"Vivemos arraia pol\u00edtico digno para esquentar o frio do m\u00eas de julho"},"content":{"rendered":"<p>N\u00e3o h\u00e1 d\u00favidas de que as elei\u00e7\u00f5es municipais v\u00e3o ser o term\u00f4metro de quantas anda a polariza\u00e7\u00e3o pol\u00edtica no Brasil. Fazer a pr\u00e9 an\u00e1lise e a p\u00f3s an\u00e1lise dos resultados \u00e9 para estudos pol\u00edticos futuros. Nesse interim \u00e9 preciso, primeiramente analisar a Situa\u00e7\u00e3o Pol\u00edtica no Distrito Federal.<\/p>\n<p>Para fazer uma an\u00e1lise da situa\u00e7\u00e3o pol\u00edtica no Distrito Federal, tanto no campo progressista quanto na direita, \u00e9 necess\u00e1rio observar a situa\u00e7\u00e3o pol\u00edtica internacional e nacional para termos uma vis\u00e3o mais ampla da realidade pol\u00edtica na nossa capital.<\/p>\n<p>No Contexto Internacional, ap\u00f3s a elei\u00e7\u00e3o do Parlamento Europeu e as proje\u00e7\u00f5es para as elei\u00e7\u00f5es na Fran\u00e7a, \u00e9 clara a vantagem e o engajamento das pessoas com o pensamento de direita, refletindo tamb\u00e9m na elei\u00e7\u00e3o de Trump nos EUA \u2013 principalmente ap\u00f3s o atentado sofrido pelo concorrente de Joe Biden e candidato do Partido Republicando Americano. No outro lado do oceano, a Inglaterra, entretanto, segue um caminho diferente. Na Am\u00e9rica do Sul, a Argentina refor\u00e7a essa tend\u00eancia conservadora no mundo ocidental.<\/p>\n<p>Olhando para o Contexto Nacional, no Brasil, a direita populista de Bolsonaro, com o &#8220;centr\u00e3o&#8221; no poder legislativo, apoderou-se de grande parte do or\u00e7amento federal por meio das libera\u00e7\u00f5es de recursos p\u00fablicos por meio das chamadas &#8220;emendas pix&#8221; &#8211; na linguagem dos notici\u00e1rios, a emenda pix virou sin\u00f4nimo de uma esp\u00e9cie de &#8220;repasse sem transpar\u00eancia que dribla a fiscaliza\u00e7\u00e3o&#8221;, facilitando gastos ineficientes, improbidade administrativa e corrup\u00e7\u00e3o.<\/p>\n<p>O maior partido da vez, no Brasil, o PL, sob o comando de Bolsonaro, elegeu a senadora Damares Alves, que n\u00e3o tinha nenhuma liga\u00e7\u00e3o pol\u00edtica significativa com o DF, e formou a maior bancada federal de Bras\u00edlia. Com a habilidade pol\u00edtica do presidente do PL, o senador Izalci Lucas foi colocado \u00e0 margem da pol\u00edtica candanga, tornando-se ref\u00e9m dos pol\u00edticos hist\u00f3ricos do PL \u2013 um fato a ser verificado nas urnas, caso Izalci seja mesmo candidato ao GDF em 2026.<\/p>\n<p>Voltando os olhos para o Contexto Pol\u00edtico Local, ap\u00f3s a elei\u00e7\u00e3o (e reelei\u00e7\u00e3o) de Ibaneis Rocha para o governo do DF, sua atua\u00e7\u00e3o pol\u00edtica no primeiro mandato e agora no segundo, com a maioria na C\u00e2mara Legislativa, o tornou uma forte (se n\u00e3o, a maior, atualmente) express\u00e3o pol\u00edtica do DF, neutralizando explos\u00f5es pol\u00edticas tanto da direita quanto do campo progressista. Ibaneis desenvolveu essa musculatura pol\u00edtica porque foi ajudado pela incapacidade dos partidos de oposi\u00e7\u00e3o, incluindo os de centro-direita, em n\u00e3o ter uma postura firme e combativa.<\/p>\n<p>Assim, podemos dizer que, em Bras\u00edlia, temos Bolsonaro em primeiro plano e, em seguida, o governador Ibaneis. No jogo pol\u00edtico, Bolsonaro tenta levar Ibaneis a um &#8220;xeque-mate&#8221; com sua candidata Celina Le\u00e3o para as pr\u00f3ximas elei\u00e7\u00f5es. Com sua sabedoria e sucesso pol\u00edtico, Ibaneis assume a expressividade pol\u00edtica do DF, mas pode acabar caindo nas armadilhas do PL e se tornar apenas um senador da Rep\u00fablica.<\/p>\n<p>Em resumo. n\u00e3o temos uma conclus\u00e3o para esse momento, posto que, teremos que esperar mais alguns meses &#8211; observando a pol\u00edtica nacional e novos fatos para verificar se o governador Ibaneis se mostrar\u00e1 um grande estrategista e l\u00edder pol\u00edtico popular ou se foi apenas um acidente na pol\u00edtica local.<\/p>\n<p><b><i>*Edimar Pireneus \u00e9 Soci\u00f3logo e ex-deputado distrital constituinte do DF.<\/i><\/b><\/p>\n","protected":false},"excerpt":{"rendered":"<p>N\u00e3o h\u00e1 d\u00favidas de que as elei\u00e7\u00f5es municipais v\u00e3o ser o term\u00f4metro de quantas anda a polariza\u00e7\u00e3o pol\u00edtica no Brasil. Fazer a pr\u00e9 an\u00e1lise e a p\u00f3s an\u00e1lise dos resultados \u00e9 para estudos pol\u00edticos futuros. Nesse interim \u00e9 preciso, primeiramente analisar a Situa\u00e7\u00e3o Pol\u00edtica no Distrito Federal. Para fazer uma an\u00e1lise da situa\u00e7\u00e3o pol\u00edtica no [&hellip;]<\/p>\n","protected":false},"author":2,"featured_media":34765,"comment_status":"closed","ping_status":"closed","sticky":false,"template":"","format":"standard","meta":{"_acf_changed":false,"footnotes":""},"categories":[161],"tags":[],"class_list":["post-332648","post","type-post","status-publish","format-standard","has-post-thumbnail","hentry","category-quadradinho-em-foco"],"acf":[],"_links":{"self":[{"href":"https:\/\/www.notibras.com\/site\/wp-json\/wp\/v2\/posts\/332648","targetHints":{"allow":["GET"]}}],"collection":[{"href":"https:\/\/www.notibras.com\/site\/wp-json\/wp\/v2\/posts"}],"about":[{"href":"https:\/\/www.notibras.com\/site\/wp-json\/wp\/v2\/types\/post"}],"author":[{"embeddable":true,"href":"https:\/\/www.notibras.com\/site\/wp-json\/wp\/v2\/users\/2"}],"replies":[{"embeddable":true,"href":"https:\/\/www.notibras.com\/site\/wp-json\/wp\/v2\/comments?post=332648"}],"version-history":[{"count":2,"href":"https:\/\/www.notibras.com\/site\/wp-json\/wp\/v2\/posts\/332648\/revisions"}],"predecessor-version":[{"id":332658,"href":"https:\/\/www.notibras.com\/site\/wp-json\/wp\/v2\/posts\/332648\/revisions\/332658"}],"wp:featuredmedia":[{"embeddable":true,"href":"https:\/\/www.notibras.com\/site\/wp-json\/wp\/v2\/media\/34765"}],"wp:attachment":[{"href":"https:\/\/www.notibras.com\/site\/wp-json\/wp\/v2\/media?parent=332648"}],"wp:term":[{"taxonomy":"category","embeddable":true,"href":"https:\/\/www.notibras.com\/site\/wp-json\/wp\/v2\/categories?post=332648"},{"taxonomy":"post_tag","embeddable":true,"href":"https:\/\/www.notibras.com\/site\/wp-json\/wp\/v2\/tags?post=332648"}],"curies":[{"name":"wp","href":"https:\/\/api.w.org\/{rel}","templated":true}]}}