{"id":332652,"date":"2024-07-16T03:02:06","date_gmt":"2024-07-16T06:02:06","guid":{"rendered":"https:\/\/www.notibras.com\/site\/?p=332652"},"modified":"2024-07-16T03:04:40","modified_gmt":"2024-07-16T06:04:40","slug":"roberto-com-casaco-de-la-descobre-que-vida-e-gelada","status":"publish","type":"post","link":"https:\/\/www.notibras.com\/site\/roberto-com-casaco-de-la-descobre-que-vida-e-gelada\/","title":{"rendered":"Roberto, com casaco de l\u00e3, descobre que vida \u00e9 gelada"},"content":{"rendered":"<p>Ultrapassei os 15 mil dias h\u00e1 tempos, o que prova que j\u00e1 estou mais que acostumado \u00e0 vida de quarent\u00e3o. Para ser sincero, hoje desfruto meus quase 45 anos. \u00c9 verdade que, n\u00e3o raro, preciso encolher a barriga para parecer mais esbelto do que a silhueta acusa.<\/p>\n<p>Por falar em barriga, ultimamente prefiro as esta\u00e7\u00f5es mais frias. N\u00e3o que eu seja f\u00e3 de temperaturas abaixo de zero grau. Algo em torno dos 15 j\u00e1 est\u00e1 de bom tamanho, pois \u00e9 a desculpa para tirar meu casado de l\u00e3 do arm\u00e1rio e curtir um certo desleixo com meu corpo. A roupa esconde minhas gorduras, o que eleva minha autoestima.<\/p>\n<p>E c\u00e1 estou em uma festa \u00e0 beira da piscina na linda resid\u00eancia do Paulo, meu colega dos tempos de faculdade. Rico at\u00e9 n\u00e3o poder mais, meu amigo deu muita sorte na vida. Ganhou muito dinheiro, mas a maior parte foi por heran\u00e7a.<\/p>\n<p>Pouco mais velho que eu, Paulo se formou dois semestres mais tarde, pois bombou em algumas mat\u00e9rias. N\u00e3o importa, pois acabou pegando o canudo e come\u00e7ou a trabalhar na empresa de engenharia da fam\u00edlia. Como \u00e9ramos pr\u00f3ximos, n\u00e3o tardou, convenceu o velho a me contratar.<\/p>\n<p>Mas deixemos essas hist\u00f3rias de lado, pois em nada tem a ver com o que quero contar. \u00c9 que, agora mesmo, h\u00e1 uma bela mulher, talvez com seus 20 anos, me encarando. Nunca a vi, mas certamente \u00e9 de fam\u00edlia de prest\u00edgio, pois as vestes e as joias parecem garantir tal condi\u00e7\u00e3o.<\/p>\n<p>N\u00e3o me interprete mal, pois n\u00e3o sou desses caras endinheirados que vivem correndo atr\u00e1s das novinhas. Prefiro as que regulam com a minha idade, pois parecem ignorar as artimanhas do tempo sobre os corpos. Ademais, n\u00e3o sou rico, apesar de levar uma vida confort\u00e1vel. Seja como for, a garota n\u00e3o tira os olhos de mim, o que est\u00e1 me deixando intrigado.<\/p>\n<p>Finjo que n\u00e3o percebo, mas meu olhar me entrega. Ela sabe que estou interessado. Ergo meu copo de u\u00edsque em sua dire\u00e7\u00e3o, ela sorri. Enquanto crio coragem para me aproximar, \u00e9 ela quem chega em mim.<\/p>\n<p>\u2014 Oi. Sou a S\u00f4nia.<\/p>\n<p>A jovem, ainda por cima, tem o nome da minha fantasia dos meus tempos de adolescente. S\u00f3 falta ser Braga tamb\u00e9m. Um minuto mais, ela diz que \u00e9 sobrinha do anfitri\u00e3o.<\/p>\n<p>Conversa vai, conversa vem, parece que nos conhecemos h\u00e1 tempos. Tanto \u00e9 que, pouco depois das 22h, ela me chama para sairmos dali. Nem acredito, apesar da inseguran\u00e7a que bate forte. H\u00e1 quase seis meses longe da academia, ganhei quase 10 quilos, a maior parte no abdome. Isso me reporta aos meus tempos de menino, quando vov\u00f3 me puxou pelo bra\u00e7o at\u00e9 o caix\u00e3o do meu av\u00f4.<\/p>\n<p>\u2014 Robertinho, coloque a m\u00e3o no rosto do vov\u00f4.<\/p>\n<p>Cheio de receio, obedeci, at\u00e9 que ela me disse algo que at\u00e9 hoje me assombra.<\/p>\n<p>\u2014 Jamais se esque\u00e7a de que, apesar dos casacos de l\u00e3, a vida \u00e9 gelada.<\/p>\n<p><strong>*Eduardo Mart\u00ednez \u00e9 autor do livro \u201c57 Contos e Cr\u00f4nicas por um Autor muito Velho\u201d.<\/strong><\/p>\n<p>Compre aqui\u00a0<span class=\"x19la9d6 x1fc57z9 x6ikm8r x10wlt62 x19co3pv x1g5zs5t xfibh0p xiy17q3 x1xsqp64 x1lkfr7t xexx8yu x4uap5 x18d9i69 xkhd6sd\"><span class=\"xrtxmta x1bhl96m\"><img decoding=\"async\" class=\"emoji\" role=\"img\" draggable=\"false\" src=\"https:\/\/s.w.org\/images\/core\/emoji\/14.0.0\/svg\/1f447-1f3ff.svg\" alt=\"&#x1f447;&#x1f3ff;\" \/><\/span><\/span><span class=\"x19la9d6 x1fc57z9 x6ikm8r x10wlt62 x19co3pv x1g5zs5t xfibh0p xiy17q3 x1xsqp64 x1lkfr7t xexx8yu x4uap5 x18d9i69 xkhd6sd\"><span class=\"xrtxmta x1bhl96m\"><img decoding=\"async\" class=\"emoji\" role=\"img\" draggable=\"false\" src=\"https:\/\/s.w.org\/images\/core\/emoji\/14.0.0\/svg\/1f447-1f3ff.svg\" alt=\"&#x1f447;&#x1f3ff;\" \/><\/span><\/span><span class=\"x19la9d6 x1fc57z9 x6ikm8r x10wlt62 x19co3pv x1g5zs5t xfibh0p xiy17q3 x1xsqp64 x1lkfr7t xexx8yu x4uap5 x18d9i69 xkhd6sd\"><span class=\"xrtxmta x1bhl96m\"><img decoding=\"async\" class=\"emoji\" role=\"img\" draggable=\"false\" src=\"https:\/\/s.w.org\/images\/core\/emoji\/14.0.0\/svg\/1f447-1f3ff.svg\" alt=\"&#x1f447;&#x1f3ff;\" \/><\/span><\/span><\/p>\n<p><a href=\"http:\/\/www.joanineditora.com.br\/57-contos-e-cronicas-por-um-autor-muito-velho\">http:\/\/www.joanineditora.com.br\/57-contos-e-cronicas-por-um-autor-muito-velho<\/a><\/p>\n","protected":false},"excerpt":{"rendered":"<p>Ultrapassei os 15 mil dias h\u00e1 tempos, o que prova que j\u00e1 estou mais que acostumado \u00e0 vida de quarent\u00e3o. Para ser sincero, hoje desfruto meus quase 45 anos. \u00c9 verdade que, n\u00e3o raro, preciso encolher a barriga para parecer mais esbelto do que a silhueta acusa. Por falar em barriga, ultimamente prefiro as esta\u00e7\u00f5es [&hellip;]<\/p>\n","protected":false},"author":2,"featured_media":332653,"comment_status":"closed","ping_status":"closed","sticky":false,"template":"","format":"standard","meta":{"_acf_changed":false,"footnotes":""},"categories":[161],"tags":[],"class_list":["post-332652","post","type-post","status-publish","format-standard","has-post-thumbnail","hentry","category-quadradinho-em-foco"],"acf":[],"_links":{"self":[{"href":"https:\/\/www.notibras.com\/site\/wp-json\/wp\/v2\/posts\/332652","targetHints":{"allow":["GET"]}}],"collection":[{"href":"https:\/\/www.notibras.com\/site\/wp-json\/wp\/v2\/posts"}],"about":[{"href":"https:\/\/www.notibras.com\/site\/wp-json\/wp\/v2\/types\/post"}],"author":[{"embeddable":true,"href":"https:\/\/www.notibras.com\/site\/wp-json\/wp\/v2\/users\/2"}],"replies":[{"embeddable":true,"href":"https:\/\/www.notibras.com\/site\/wp-json\/wp\/v2\/comments?post=332652"}],"version-history":[{"count":3,"href":"https:\/\/www.notibras.com\/site\/wp-json\/wp\/v2\/posts\/332652\/revisions"}],"predecessor-version":[{"id":332656,"href":"https:\/\/www.notibras.com\/site\/wp-json\/wp\/v2\/posts\/332652\/revisions\/332656"}],"wp:featuredmedia":[{"embeddable":true,"href":"https:\/\/www.notibras.com\/site\/wp-json\/wp\/v2\/media\/332653"}],"wp:attachment":[{"href":"https:\/\/www.notibras.com\/site\/wp-json\/wp\/v2\/media?parent=332652"}],"wp:term":[{"taxonomy":"category","embeddable":true,"href":"https:\/\/www.notibras.com\/site\/wp-json\/wp\/v2\/categories?post=332652"},{"taxonomy":"post_tag","embeddable":true,"href":"https:\/\/www.notibras.com\/site\/wp-json\/wp\/v2\/tags?post=332652"}],"curies":[{"name":"wp","href":"https:\/\/api.w.org\/{rel}","templated":true}]}}