{"id":332659,"date":"2024-07-16T12:27:13","date_gmt":"2024-07-16T15:27:13","guid":{"rendered":"https:\/\/www.notibras.com\/site\/?p=332659"},"modified":"2024-07-16T12:30:38","modified_gmt":"2024-07-16T15:30:38","slug":"aguas-lindas-sepulta-carreira-politica-de-rogemberg-barbosa","status":"publish","type":"post","link":"https:\/\/www.notibras.com\/site\/aguas-lindas-sepulta-carreira-politica-de-rogemberg-barbosa\/","title":{"rendered":"\u00c1guas Lindas sepulta carreira pol\u00edtica de Rogemberg Barbosa"},"content":{"rendered":"<p>Rogermberg da Silva Barbosa, ex-vereador, ex-presidente da C\u00e2mara Municipal, ex-secret\u00e1rio de Transportes do munic\u00edpio de \u00c1guas Lindas, agora \u00e9 tamb\u00e9m ex-candidato a disputa de cargos pol\u00edticos. N\u00e3o poder\u00e1, por exemplo, concorrer nas elei\u00e7\u00f5es municipais de outubro pr\u00f3ximo.<\/p>\n<p>Essa nova condi\u00e7\u00e3o se estende ao menos pelos pr\u00f3ximos oito anos. Motivo: o edil foi condenado por improbidade administrativa. \u00c9 acusado da famosa pr\u00e1tica de rachadinha, funcion\u00e1rios fantasmas e outras mazelas t\u00e3o comuns aos maus pol\u00edticos.<\/p>\n<p>O pior lado de Rogemberg, por\u00e9m, \u00e9 outro: pensa que \u00c1guas Lindas, logo ali na divisa com o Distrito Federal, \u00e9 um protetorado familiar. Tanto que, num formato de capitania heredit\u00e1ria \u00e0s avessas, quer fazer de sua genitora vereadora. Ou seja, tenta que fique tudo em fam\u00edlia, numa tentativa de perpetuar seu grupo no poder.<\/p>\n<p>As a\u00e7\u00f5es pouco republicanas de Rogemnerg (a prop\u00f3sito, sem trocadilho, o partido dele \u00e9 o Republicanos) servem de exemplo para o eleitor quando se aproxima mais uma corrida \u00e0s urnas. Para o bem de \u00c1guas Lindas, a popula\u00e7\u00e3o deve votar consciente, deixando de lado quem promete e n\u00e3o cumpre. E que, al\u00e9m disso, ainda tenta tirar vantagem em tudo, numa esp\u00e9cie da Lei de G\u00e9rson particular.<\/p>\n<p>&nbsp;<\/p>\n","protected":false},"excerpt":{"rendered":"<p>Rogermberg da Silva Barbosa, ex-vereador, ex-presidente da C\u00e2mara Municipal, ex-secret\u00e1rio de Transportes do munic\u00edpio de \u00c1guas Lindas, agora \u00e9 tamb\u00e9m ex-candidato a disputa de cargos pol\u00edticos. N\u00e3o poder\u00e1, por exemplo, concorrer nas elei\u00e7\u00f5es municipais de outubro pr\u00f3ximo. Essa nova condi\u00e7\u00e3o se estende ao menos pelos pr\u00f3ximos oito anos. Motivo: o edil foi condenado por improbidade [&hellip;]<\/p>\n","protected":false},"author":2,"featured_media":332660,"comment_status":"closed","ping_status":"closed","sticky":false,"template":"","format":"standard","meta":{"_acf_changed":false,"footnotes":""},"categories":[161],"tags":[],"class_list":["post-332659","post","type-post","status-publish","format-standard","has-post-thumbnail","hentry","category-quadradinho-em-foco"],"acf":[],"_links":{"self":[{"href":"https:\/\/www.notibras.com\/site\/wp-json\/wp\/v2\/posts\/332659","targetHints":{"allow":["GET"]}}],"collection":[{"href":"https:\/\/www.notibras.com\/site\/wp-json\/wp\/v2\/posts"}],"about":[{"href":"https:\/\/www.notibras.com\/site\/wp-json\/wp\/v2\/types\/post"}],"author":[{"embeddable":true,"href":"https:\/\/www.notibras.com\/site\/wp-json\/wp\/v2\/users\/2"}],"replies":[{"embeddable":true,"href":"https:\/\/www.notibras.com\/site\/wp-json\/wp\/v2\/comments?post=332659"}],"version-history":[{"count":2,"href":"https:\/\/www.notibras.com\/site\/wp-json\/wp\/v2\/posts\/332659\/revisions"}],"predecessor-version":[{"id":332662,"href":"https:\/\/www.notibras.com\/site\/wp-json\/wp\/v2\/posts\/332659\/revisions\/332662"}],"wp:featuredmedia":[{"embeddable":true,"href":"https:\/\/www.notibras.com\/site\/wp-json\/wp\/v2\/media\/332660"}],"wp:attachment":[{"href":"https:\/\/www.notibras.com\/site\/wp-json\/wp\/v2\/media?parent=332659"}],"wp:term":[{"taxonomy":"category","embeddable":true,"href":"https:\/\/www.notibras.com\/site\/wp-json\/wp\/v2\/categories?post=332659"},{"taxonomy":"post_tag","embeddable":true,"href":"https:\/\/www.notibras.com\/site\/wp-json\/wp\/v2\/tags?post=332659"}],"curies":[{"name":"wp","href":"https:\/\/api.w.org\/{rel}","templated":true}]}}