{"id":332670,"date":"2024-07-16T15:11:41","date_gmt":"2024-07-16T18:11:41","guid":{"rendered":"https:\/\/www.notibras.com\/site\/?p=332670"},"modified":"2024-07-16T17:44:01","modified_gmt":"2024-07-16T20:44:01","slug":"morre-clodo-72-anos-musico-e-professor-da-unb","status":"publish","type":"post","link":"https:\/\/www.notibras.com\/site\/morre-clodo-72-anos-musico-e-professor-da-unb\/","title":{"rendered":"Morre Clodo, 72 anos, m\u00fasico e professor da UnB"},"content":{"rendered":"<p>O m\u00fasico, compositor, instrumentista e professor da Universidade de Bras\u00edlia Clodo Ferreira. Ele estava internado no Hospital de Bras\u00edlia, onde fazia tratamento contra um c\u00e2ncer. Nascido em Teresina, no Piau\u00ed, Clodo completaria, no dia 30 de julho, 73 anos.<\/p>\n<p>Ao lado dos irm\u00e3os Clim\u00e9rio e Cl\u00e9sio, comp\u00f4s can\u00e7\u00f5es imortalizadas nas vozes de diversos artistas reconhecidos nacionalmente, como Dominguinhos, Faf\u00e1 de Bel\u00e9m, Elba Ramalho, Simone, MPB-4, Milton Nascimento, Nara Le\u00e3o, Ney Matogrosso e Zizi Posse, entre outros.<\/p>\n<p>Aos 12 anos, Clodo veio morar em Bras\u00edlia, onde, aos 15 anos, deu iniciou sua trajet\u00f3ria musical. Um de seus maiores sucessos foi Revela\u00e7\u00e3o, interpretada por Fagner. Ele morreu na capital da Rep\u00fablica.<\/p>\n<p>&#8220;Um dia vestido de saudades vivas faz ressuscitar. Casas mal vividas, camas repartidas faz se revelar. Quando a gente tenta de toda maneira dele se guardar, sentimento ilhado, morto, amorda\u00e7ado, volta a incomodar&#8221;, diz o verso inicial desta m\u00fasica lan\u00e7ada em 1977, mas que at\u00e9 os dias atuais se mant\u00e9m viva nas vozes e viol\u00f5es de artistas brasileiros.<\/p>\n<p><strong>Chope no Escuro<\/strong><br \/>\nSeu disco de estreia &#8211; Chope no Escuro &#8211; foi lan\u00e7ado em 1974. Acompanhado dos irm\u00e3os, gravou em 1977 o \u00e1lbum S\u00e3o Piau\u00ed, com participa\u00e7\u00f5es do guitarrista Robertinho do Recife e de Amelinha, entre outros.<\/p>\n<p>Na sequ\u00eancia, lan\u00e7ou Chapada do Corisco, em 1979. Ainda no final dos anos 1970 e in\u00edcio da d\u00e9cada de 80, seu reconhecimento ficou ainda maior, com v\u00e1rias m\u00fasicas sendo interpretadas por um n\u00famero cada vez maior de artista reconhecidos.<\/p>\n<p>Cebola Cortada, composta em parceria com Petr\u00facio Maia, foi gravada por Fagner e pelo grupo MPB-4. Aruan\u00e3, parceria com Clim\u00e9rio, fez parte da trilha sonora do filme A Dif\u00edcil Viagem, de Geraldo Moraes. A m\u00fasica Querubim, em parceria com Dominguinhos, chegou a ser produzida por David Byrne, na compila\u00e7\u00e3o \u201cForr\u00f3 etc. \u2013 Music of the Brazilian Nordest\u201d.<\/p>\n<p>Em meio a todo esse cen\u00e1rio, Clodo se tornou professor da Faculdade de Comunica\u00e7\u00e3o da Universidade de Bras\u00edlia. Criatividade em Publicidade; Comunica\u00e7\u00e3o e M\u00fasica foram algumas de suas disciplinas. O v\u00ednculo com a m\u00fasica se manteve, ainda que em um ritmo menor, at\u00e9 que, em 1998, ele lan\u00e7a o CD Corda de A\u00e7o e, em 2001, Tiro Certeiro. No ano seguiunte lan\u00e7ou o CD Gravura, que contou com a participa\u00e7\u00e3o de seus filhos Pedro e Jo\u00e3o Ferreira.<\/p>\n<p>&#8220;Estamos todos muito tristes com a partida dele. Somos muito gratos pela oportunidade de conviver com ele. Tivemos uma vida muito feliz e harmoniosa. E ele nos ensinou tudo durante esse per\u00edodo&#8221;, disse o filho Jo\u00e3o Ferreira. Clodo deixa tamb\u00e9m a esposa Hel\u00f4, sua companheira h\u00e1 mais de 40 anos.<\/p>\n","protected":false},"excerpt":{"rendered":"<p>O m\u00fasico, compositor, instrumentista e professor da Universidade de Bras\u00edlia Clodo Ferreira. Ele estava internado no Hospital de Bras\u00edlia, onde fazia tratamento contra um c\u00e2ncer. Nascido em Teresina, no Piau\u00ed, Clodo completaria, no dia 30 de julho, 73 anos. Ao lado dos irm\u00e3os Clim\u00e9rio e Cl\u00e9sio, comp\u00f4s can\u00e7\u00f5es imortalizadas nas vozes de diversos artistas reconhecidos [&hellip;]<\/p>\n","protected":false},"author":2,"featured_media":332671,"comment_status":"closed","ping_status":"closed","sticky":false,"template":"","format":"standard","meta":{"_acf_changed":false,"footnotes":""},"categories":[161],"tags":[],"class_list":["post-332670","post","type-post","status-publish","format-standard","has-post-thumbnail","hentry","category-quadradinho-em-foco"],"acf":[],"_links":{"self":[{"href":"https:\/\/www.notibras.com\/site\/wp-json\/wp\/v2\/posts\/332670","targetHints":{"allow":["GET"]}}],"collection":[{"href":"https:\/\/www.notibras.com\/site\/wp-json\/wp\/v2\/posts"}],"about":[{"href":"https:\/\/www.notibras.com\/site\/wp-json\/wp\/v2\/types\/post"}],"author":[{"embeddable":true,"href":"https:\/\/www.notibras.com\/site\/wp-json\/wp\/v2\/users\/2"}],"replies":[{"embeddable":true,"href":"https:\/\/www.notibras.com\/site\/wp-json\/wp\/v2\/comments?post=332670"}],"version-history":[{"count":1,"href":"https:\/\/www.notibras.com\/site\/wp-json\/wp\/v2\/posts\/332670\/revisions"}],"predecessor-version":[{"id":332672,"href":"https:\/\/www.notibras.com\/site\/wp-json\/wp\/v2\/posts\/332670\/revisions\/332672"}],"wp:featuredmedia":[{"embeddable":true,"href":"https:\/\/www.notibras.com\/site\/wp-json\/wp\/v2\/media\/332671"}],"wp:attachment":[{"href":"https:\/\/www.notibras.com\/site\/wp-json\/wp\/v2\/media?parent=332670"}],"wp:term":[{"taxonomy":"category","embeddable":true,"href":"https:\/\/www.notibras.com\/site\/wp-json\/wp\/v2\/categories?post=332670"},{"taxonomy":"post_tag","embeddable":true,"href":"https:\/\/www.notibras.com\/site\/wp-json\/wp\/v2\/tags?post=332670"}],"curies":[{"name":"wp","href":"https:\/\/api.w.org\/{rel}","templated":true}]}}