{"id":332708,"date":"2024-07-17T00:00:20","date_gmt":"2024-07-17T03:00:20","guid":{"rendered":"https:\/\/www.notibras.com\/site\/?p=332708"},"modified":"2024-07-17T12:08:52","modified_gmt":"2024-07-17T15:08:52","slug":"inscricoes-para-o-casamento-comunitario-vao-ate-o-dia-23","status":"publish","type":"post","link":"https:\/\/www.notibras.com\/site\/inscricoes-para-o-casamento-comunitario-vao-ate-o-dia-23\/","title":{"rendered":"Inscri\u00e7\u00f5es para o Casamento Comunit\u00e1rio v\u00e3o at\u00e9 o dia 23"},"content":{"rendered":"<p>As inscri\u00e7\u00f5es para a 10\u00aa edi\u00e7\u00e3o do Casamento Comunit\u00e1rio, programa da Secretaria de Justi\u00e7a e Cidadania est\u00e3o de vento em popa. Os nubentes t\u00eam at\u00e9 23 de agosto para apresentar a documenta\u00e7\u00e3o, segundo o edital n\u00ba 5, publicado no Di\u00e1rio Oficial, que divulga o cronograma da segunda edi\u00e7\u00e3o do evento neste ano.<\/p>\n<p>Segundo a secret\u00e1ria Marcela Passamani, o programa \u201cgera direitos legais a essas fam\u00edlias e proporciona a realiza\u00e7\u00e3o do sonho de se casar\u201d |Foto: Jhonatan Vieira\/Sejus<\/p>\n<p>Para as inscri\u00e7\u00f5es, os noivos precisam comprovar que moram no DF e apresentar documenta\u00e7\u00e3o descrita no item 3.1 do edital (p\u00e1gina 59 do DODF). Eles tamb\u00e9m devem comprovar hipossufici\u00eancia, mediante preenchimento de declara\u00e7\u00e3o constante no edital (Anexo I).<\/p>\n<p>Os documentos e declara\u00e7\u00f5es devem ser entregues das 9h \u00e0s 16h30,at\u00e9 23 de agosto, sempre em dias \u00fateis, em um dos seguintes locais:<\/p>\n<p>* Pra\u00e7a dos Direitos da Ceil\u00e2ndia (QNN 13, Ceil\u00e2ndia Norte);<br \/>\n* Na Hora, Unidade Rodovi\u00e1ria (Rodovi\u00e1ria do Plano Piloto, plataforma inferior);<br \/>\n* Pra\u00e7a dos Direitos do Itapo\u00e3 (Quadra 203, Del Lago II);<br \/>\n* Esta\u00e7\u00e3o Cidadania do Recanto das Emas (Quadra 113, Lote 9);<br \/>\n* GDF + Perto do Cidad\u00e3o em Porto Rico (9 e 10 de agosto).<\/p>\n<p>\u201cO programa oportuniza a regulariza\u00e7\u00e3o jur\u00eddica da uni\u00e3o de casais que n\u00e3o possuem renda para arcar com as despesas cartor\u00e1rias, al\u00e9m de outros custos que envolvem o enlace matrimonial. Ele gera direitos legais a essas fam\u00edlias e proporciona a realiza\u00e7\u00e3o do sonho de se casar\u201d, explica a secret\u00e1ria de Justi\u00e7a e Cidadania, Marcela Passamani.<\/p>\n<p><strong>Com amor e com afeto<\/strong><br \/>\nA Sejus analisar\u00e1 as documenta\u00e7\u00f5es de 23 a 26 de agosto e, em seguida, direcionar\u00e1 os candidatos aos cart\u00f3rios de registro civil. O Casamento Comunit\u00e1rio ocorrer\u00e1 quando o n\u00famero de requerimentos ultrapassar 80 casais, sendo limitado a 100 casais. A data prevista para divulga\u00e7\u00e3o dos contemplados \u00e9 26 de agosto, nos canais oficiais da Sejus.<\/p>\n<p>Definidos os casais, haver\u00e1 um encontro preparat\u00f3rio destinado aos esclarecimentos sobre o evento e um ensaio geral da cerim\u00f4nia, agendados previamente para 2 e 3 de outubro. A segunda edi\u00e7\u00e3o de 2024 do Casamento Comunit\u00e1rio est\u00e1 prevista para o dia 6 do mesmo m\u00eas, em local a ser definido.<\/p>\n<p>D\u00favidas poder\u00e3o ser sanadas por meio do e-mail subdhir@sejus.df.gov.br e\/ou do telefone (61) 2244-1347 \/ 1349. A Sejus far\u00e1 atualiza\u00e7\u00f5es em seus canais de comunica\u00e7\u00e3o em casos de altera\u00e7\u00f5es ou acr\u00e9scimos no processo.<\/p>\n","protected":false},"excerpt":{"rendered":"<p>As inscri\u00e7\u00f5es para a 10\u00aa edi\u00e7\u00e3o do Casamento Comunit\u00e1rio, programa da Secretaria de Justi\u00e7a e Cidadania est\u00e3o de vento em popa. Os nubentes t\u00eam at\u00e9 23 de agosto para apresentar a documenta\u00e7\u00e3o, segundo o edital n\u00ba 5, publicado no Di\u00e1rio Oficial, que divulga o cronograma da segunda edi\u00e7\u00e3o do evento neste ano. Segundo a secret\u00e1ria [&hellip;]<\/p>\n","protected":false},"author":2,"featured_media":332709,"comment_status":"closed","ping_status":"closed","sticky":false,"template":"","format":"standard","meta":{"_acf_changed":false,"footnotes":""},"categories":[161],"tags":[],"class_list":["post-332708","post","type-post","status-publish","format-standard","has-post-thumbnail","hentry","category-quadradinho-em-foco"],"acf":[],"_links":{"self":[{"href":"https:\/\/www.notibras.com\/site\/wp-json\/wp\/v2\/posts\/332708","targetHints":{"allow":["GET"]}}],"collection":[{"href":"https:\/\/www.notibras.com\/site\/wp-json\/wp\/v2\/posts"}],"about":[{"href":"https:\/\/www.notibras.com\/site\/wp-json\/wp\/v2\/types\/post"}],"author":[{"embeddable":true,"href":"https:\/\/www.notibras.com\/site\/wp-json\/wp\/v2\/users\/2"}],"replies":[{"embeddable":true,"href":"https:\/\/www.notibras.com\/site\/wp-json\/wp\/v2\/comments?post=332708"}],"version-history":[{"count":1,"href":"https:\/\/www.notibras.com\/site\/wp-json\/wp\/v2\/posts\/332708\/revisions"}],"predecessor-version":[{"id":332710,"href":"https:\/\/www.notibras.com\/site\/wp-json\/wp\/v2\/posts\/332708\/revisions\/332710"}],"wp:featuredmedia":[{"embeddable":true,"href":"https:\/\/www.notibras.com\/site\/wp-json\/wp\/v2\/media\/332709"}],"wp:attachment":[{"href":"https:\/\/www.notibras.com\/site\/wp-json\/wp\/v2\/media?parent=332708"}],"wp:term":[{"taxonomy":"category","embeddable":true,"href":"https:\/\/www.notibras.com\/site\/wp-json\/wp\/v2\/categories?post=332708"},{"taxonomy":"post_tag","embeddable":true,"href":"https:\/\/www.notibras.com\/site\/wp-json\/wp\/v2\/tags?post=332708"}],"curies":[{"name":"wp","href":"https:\/\/api.w.org\/{rel}","templated":true}]}}