{"id":332747,"date":"2024-07-17T18:44:01","date_gmt":"2024-07-17T21:44:01","guid":{"rendered":"https:\/\/www.notibras.com\/site\/?p=332747"},"modified":"2024-07-17T23:46:03","modified_gmt":"2024-07-18T02:46:03","slug":"governo-estende-prazo-para-adaptacao-a-novas-regras","status":"publish","type":"post","link":"https:\/\/www.notibras.com\/site\/governo-estende-prazo-para-adaptacao-a-novas-regras\/","title":{"rendered":"Governo estende prazo para adapta\u00e7\u00e3o a novas regras"},"content":{"rendered":"<p>\u00d3rg\u00e3os e entidades da Administra\u00e7\u00e3o P\u00fablica Federal ter\u00e3o mais 90 dias para se adequar \u00e0s novas regras do Programa de Gest\u00e3o e Desempenho (PGD). Instru\u00e7\u00e3o Normativa publicada nesta quarta-feira (17) altera as diretrizes do programa, que prev\u00ea, entre outras regras, a possibilidade de ado\u00e7\u00e3o da modalidade do teletrabalho no servi\u00e7o p\u00fablico.<\/p>\n<p>Inicialmente, o prazo para as institui\u00e7\u00f5es p\u00fablicas entrarem em conformidade com as novas regras de implementa\u00e7\u00e3o e execu\u00e7\u00e3o do programa terminaria no dia 31 de julho, mas, com a altera\u00e7\u00e3o do texto, o prazo encerrar\u00e1 em 31 de outubro, sem possibilidade de nova prorroga\u00e7\u00e3o.<\/p>\n<p>Outra mudan\u00e7a estabelecida pela Instru\u00e7\u00e3o Normativa \u00e9 a exig\u00eancia do cumprimento de 6 meses na modalidade presencial para servidores que se movimentarem entre \u00f3rg\u00e3os e entidades da Administra\u00e7\u00e3o P\u00fablica, antes de aderir ao teletrabalho. Al\u00e9m disso, servidores em modalidade de teletrabalho integral ou parcial devem necessariamente disponibilizar n\u00famero de telefone atualizado, fixo ou m\u00f3vel, para divulga\u00e7\u00e3o dentro do \u00f3rg\u00e3o e para o p\u00fablico externo.<\/p>\n<p>O PGD, gerido pelo Minist\u00e9rio da Gest\u00e3o e Inova\u00e7\u00e3o em Servi\u00e7os P\u00fablicos, \u00e9 uma ferramenta de gest\u00e3o que disciplina o desenvolvimento e a mensura\u00e7\u00e3o das atividades realizadas pelos servidores, com foco na entrega por resultados e na qualidade dos servi\u00e7os prestados \u00e0 sociedade.<\/p>\n<p>&#8220;O PGD \u00e9 um programa que evolui conforme a maturidade de cada \u00f3rg\u00e3o ou entidade na adapta\u00e7\u00e3o ao novo modelo. Nosso objetivo \u00e9 capturar boas pr\u00e1ticas, aprimorar as regras e, em um esfor\u00e7o conjunto, de constru\u00e7\u00e3o coletiva, definir caminhos cada vez mais adequados para a gest\u00e3o orientada a resultados, sempre com foco na melhoria dos servi\u00e7os p\u00fablicos&#8221;, disse o secret\u00e1rio de Gest\u00e3o e Inova\u00e7\u00e3o do MGI, Roberto Pojo.<\/p>\n","protected":false},"excerpt":{"rendered":"<p>\u00d3rg\u00e3os e entidades da Administra\u00e7\u00e3o P\u00fablica Federal ter\u00e3o mais 90 dias para se adequar \u00e0s novas regras do Programa de Gest\u00e3o e Desempenho (PGD). Instru\u00e7\u00e3o Normativa publicada nesta quarta-feira (17) altera as diretrizes do programa, que prev\u00ea, entre outras regras, a possibilidade de ado\u00e7\u00e3o da modalidade do teletrabalho no servi\u00e7o p\u00fablico. Inicialmente, o prazo para [&hellip;]<\/p>\n","protected":false},"author":2,"featured_media":332748,"comment_status":"closed","ping_status":"closed","sticky":false,"template":"","format":"standard","meta":{"_acf_changed":false,"footnotes":""},"categories":[161],"tags":[],"class_list":["post-332747","post","type-post","status-publish","format-standard","has-post-thumbnail","hentry","category-quadradinho-em-foco"],"acf":[],"_links":{"self":[{"href":"https:\/\/www.notibras.com\/site\/wp-json\/wp\/v2\/posts\/332747","targetHints":{"allow":["GET"]}}],"collection":[{"href":"https:\/\/www.notibras.com\/site\/wp-json\/wp\/v2\/posts"}],"about":[{"href":"https:\/\/www.notibras.com\/site\/wp-json\/wp\/v2\/types\/post"}],"author":[{"embeddable":true,"href":"https:\/\/www.notibras.com\/site\/wp-json\/wp\/v2\/users\/2"}],"replies":[{"embeddable":true,"href":"https:\/\/www.notibras.com\/site\/wp-json\/wp\/v2\/comments?post=332747"}],"version-history":[{"count":1,"href":"https:\/\/www.notibras.com\/site\/wp-json\/wp\/v2\/posts\/332747\/revisions"}],"predecessor-version":[{"id":332749,"href":"https:\/\/www.notibras.com\/site\/wp-json\/wp\/v2\/posts\/332747\/revisions\/332749"}],"wp:featuredmedia":[{"embeddable":true,"href":"https:\/\/www.notibras.com\/site\/wp-json\/wp\/v2\/media\/332748"}],"wp:attachment":[{"href":"https:\/\/www.notibras.com\/site\/wp-json\/wp\/v2\/media?parent=332747"}],"wp:term":[{"taxonomy":"category","embeddable":true,"href":"https:\/\/www.notibras.com\/site\/wp-json\/wp\/v2\/categories?post=332747"},{"taxonomy":"post_tag","embeddable":true,"href":"https:\/\/www.notibras.com\/site\/wp-json\/wp\/v2\/tags?post=332747"}],"curies":[{"name":"wp","href":"https:\/\/api.w.org\/{rel}","templated":true}]}}